{"id":8401,"date":"2025-07-03T12:19:03","date_gmt":"2025-07-03T12:19:03","guid":{"rendered":"https:\/\/radiosisal.com\/br\/?p=8401"},"modified":"2025-07-03T12:19:06","modified_gmt":"2025-07-03T12:19:06","slug":"cnu-2025-quais-os-requisitos-e-as-funcoes-dos-3-cargos-com-maior-salario-do-concurso","status":"publish","type":"post","link":"https:\/\/radiosisal.com\/br\/2025\/07\/03\/cnu-2025-quais-os-requisitos-e-as-funcoes-dos-3-cargos-com-maior-salario-do-concurso\/","title":{"rendered":"CNU 2025: QUAIS OS REQUISITOS E AS FUN\u00c7\u00d5ES DOS 3 CARGOS COM MAIOR SAL\u00c1RIO DO CONCURSO"},"content":{"rendered":"\n<p><\/p>\n\n\n\n<p>Processo seletivo oferece 3.652 vagas em \u00f3rg\u00e3os federais, mas apenas 60 t\u00eam sal\u00e1rios acima de R$ 16 mil. Algumas posi\u00e7\u00f5es exigem forma\u00e7\u00e3o espec\u00edfica, enquanto outras aceitam qualquer tipo de gradua\u00e7\u00e3o.<\/p>\n\n\n\n<p>As&nbsp;<a class=\"\" href=\"https:\/\/g1.globo.com\/trabalho-e-carreira\/concursos\/noticia\/2025\/07\/02\/cnu-2025-abre-inscricoes-veja-como-participar.ghtml\">inscri\u00e7\u00f5es para a segunda edi\u00e7\u00e3o do Concurso Nacional Unificado (CNU) j\u00e1 est\u00e3o abertas<\/a>&nbsp;com milhares de oportunidades em \u00f3rg\u00e3os federais. Entre os cargos mais cobi\u00e7ados est\u00e3o aqueles com os maiores sal\u00e1rios da sele\u00e7\u00e3o,&nbsp;<strong>cuja remunera\u00e7\u00e3o inicial \u00e9 de R$ 16.413,35 \ud83d\udcb8.<\/strong><\/p>\n\n\n\n<p>Essas vagas, no entanto, s\u00e3o as mais raras da sele\u00e7\u00e3o:&nbsp;<strong>s\u00e3o<\/strong>&nbsp;<strong>apenas 60 oportunidades&nbsp;<\/strong>entre o total de 3.652, distribu\u00eddas em 36 \u00f3rg\u00e3os p\u00fablicos.<\/p>\n\n\n\n<p><strong>Os cargos com essa remunera\u00e7\u00e3o s\u00e3o:<\/strong><\/p>\n\n\n\n<ul class=\"wp-block-list\">\n<li>Especialista em regula\u00e7\u00e3o da atividade cinematogr\u00e1fica e audiovisual,<\/li>\n\n\n\n<li>Especialista em geologia e geof\u00edsica do petr\u00f3leo e g\u00e1s natural, e<\/li>\n\n\n\n<li>Especialista em regula\u00e7\u00e3o de petr\u00f3leo e derivados, \u00e1lcool combust\u00edvel e g\u00e1s natural.<\/li>\n<\/ul>\n\n\n\n<p>Todas as fun\u00e7\u00f5es exigem n\u00edvel superior, mas algumas t\u00eam<strong>&nbsp;requisitos espec\u00edficos de forma\u00e7\u00e3o<\/strong>, conforme o bloco tem\u00e1tico ao qual pertencem.<\/p>\n\n\n\n<ul class=\"wp-block-list\">\n<li><strong><em>\u27a1\ufe0f Na tabela abaixo, confira um resumo com as principais informa\u00e7\u00f5es dessas vagas.\u00a0<\/em><\/strong><em>Em seguida, veja os detalhes sobre as atribui\u00e7\u00f5es de cada cargo.<\/em><\/li>\n<\/ul>\n\n\n\n<p>Resumo das caracter\u00edsticas dos cargos com maior sal\u00e1rio do CNU 2025<\/p>\n\n\n\n<figure class=\"wp-block-table\"><table class=\"has-fixed-layout\"><tbody><tr><td>Bloco<\/td><td>Cargo<\/td><td>Vagas<\/td><td>\u00d3rg\u00e3o<\/td><td>Forma\u00e7\u00e3o exigida<\/td><\/tr><tr><td>Bloco 3<\/td><td>Especialista em Geologia e Geof\u00edsica do Petr\u00f3leo e G\u00e1s NaturaL<\/td><td>15<\/td><td>ANP<\/td><td>Gelogia ou Geof\u00edsica<\/td><\/tr><tr><td>Bloco 4 e 6<\/td><td>Especialista em Regula\u00e7\u00e3o de Petr\u00f3leo e Derivados, \u00c1lcool Combust\u00edvel e G\u00e1s Natural<\/td><td>35<\/td><td>ANP<\/td><td>Engenharia (bloco 4); Economia para 11 vagas e qualquer gradual\u00e7\u00e3o para 12 vagas do bloco 6<\/td><\/tr><tr><td>Bloco 6<\/td><td>Especialista em Regula\u00e7\u00e3o da Atividade Cinematogr\u00e1fica e AudiovisuaL<\/td><td>10<\/td><td>ANCINE<\/td><td>N\u00edvel Superior<\/td><\/tr><\/tbody><\/table><\/figure>\n\n\n\n<p>Fonte: Minist\u00e9rio da Gest\u00e3o e Inova\u00e7\u00e3o<\/p>\n\n\n\n<h2 class=\"wp-block-heading\">Especialista em Geologia e Geof\u00edsica do Petr\u00f3leo e G\u00e1s Natural<\/h2>\n\n\n\n<p>O cargo de especialista em Geologia e Geof\u00edsica \u00e9 oferecido pela Ag\u00eancia Nacional do Petr\u00f3leo (ANP) e tem como foco a atua\u00e7\u00e3o t\u00e9cnica na&nbsp;<strong>an\u00e1lise de forma\u00e7\u00f5es geol\u00f3gicas relacionadas \u00e0 produ\u00e7\u00e3o de petr\u00f3leo e g\u00e1s<\/strong>.<\/p>\n\n\n\n<p><strong>O profissional aprovado ser\u00e1 respons\u00e1vel por:<\/strong><\/p>\n\n\n\n<ul class=\"wp-block-list\">\n<li><strong>Estudar e analisar o solo e o subsolo\u00a0<\/strong>para encontrar petr\u00f3leo e g\u00e1s, acompanhando as perfura\u00e7\u00f5es e avaliando os impactos ambientais.<\/li>\n\n\n\n<li><strong>Criar regras, fiscalizar empresas que exploram petr\u00f3leo e g\u00e1s<\/strong>, e orientar quem atua no mercado para garantir que tudo seja feito dentro da lei.<\/li>\n\n\n\n<li><strong>Organizar equipes e planejar a\u00e7\u00f5es\u00a0<\/strong>para ajudar a ANP a garantir que a explora\u00e7\u00e3o seja segura, eficiente e sustent\u00e1vel.<\/li>\n<\/ul>\n\n\n\n<p>Al\u00e9m das atividades principais, o profissional tamb\u00e9m atua na gest\u00e3o de informa\u00e7\u00f5es sigilosas do mercado de petr\u00f3leo e g\u00e1s, participa da elabora\u00e7\u00e3o e avalia\u00e7\u00e3o de projetos relacionados \u00e0 regula\u00e7\u00e3o do setor, e executa outras tarefas compat\u00edveis com sua forma\u00e7\u00e3o para apoiar as compet\u00eancias da ANP.<\/p>\n\n\n\n<p><strong>\ud83d\udccd Os aprovados atuar\u00e3o na sede da ANP, no Rio de Janeiro (RJ)<\/strong>, com carga hor\u00e1ria de 40 horas semanais.<\/p>\n\n\n\n<p>\ud83c\udf93 Para concorrer, \u00e9 necess\u00e1rio ter<strong>&nbsp;diploma de n\u00edvel superior geologia, engenharia geol\u00f3gica, geof\u00edsica ou \u00e1reas afins<\/strong>, com curso reconhecido pelo Minist\u00e9rio da Educa\u00e7\u00e3o (MEC).<\/p>\n\n\n\n<h2 class=\"wp-block-heading\">Especialista em Regula\u00e7\u00e3o de Petr\u00f3leo e Derivados, \u00c1lcool Combust\u00edvel e G\u00e1s Natural<\/h2>\n\n\n\n<p>Tamb\u00e9m ofertado pela ANP, esse cargo faz o<strong>&nbsp;acompanhamento da cadeia produtiva de combust\u00edveis no Brasil.<\/strong><\/p>\n\n\n\n<p><strong>O especialista em regula\u00e7\u00e3o atua:<\/strong><\/p>\n\n\n\n<ul class=\"wp-block-list\">\n<li><strong>Na an\u00e1lise t\u00e9cnica dos processos<\/strong>\u00a0de produ\u00e7\u00e3o;<\/li>\n\n\n\n<li><strong>No transporte e comercializa\u00e7\u00e3o<\/strong>\u00a0de petr\u00f3leo, etanol, biodiesel e g\u00e1s natural; e<\/li>\n\n\n\n<li><strong>Na formula\u00e7\u00e3o de normas e fiscaliza\u00e7\u00e3o do cumprimento da legisla\u00e7\u00e3o\u00a0<\/strong>por parte das empresas do setor.<\/li>\n<\/ul>\n\n\n\n<p>Os profissionais aprovados ser\u00e3o respons\u00e1veis por conduzir estudos regulat\u00f3rios, acompanhar indicadores de mercado e propor a\u00e7\u00f5es que garantam o abastecimento nacional, a qualidade dos combust\u00edveis e a seguran\u00e7a energ\u00e9tica do pa\u00eds.<\/p>\n\n\n\n<p>Esse cargo exige habilidades anal\u00edticas e dom\u00ednio t\u00e9cnico para interagir com concession\u00e1rias, distribuidoras, refinarias e outras entidades do setor energ\u00e9tico.<\/p>\n\n\n\n<p><strong>\ud83d\udccd A lota\u00e7\u00e3o tamb\u00e9m ser\u00e1 na sede da ANP, no Rio de Janeiro (RJ)<\/strong>, com jornada de 40 horas semanais.<\/p>\n\n\n\n<p>\ud83c\udf93 O candidato deve ter&nbsp;<strong>curso superior completo, sendo aceitas forma\u00e7\u00f5es como engenharia, administra\u00e7\u00e3o, economia, direito e outras \u00e1reas correlatas<\/strong>, conforme crit\u00e9rios do edital.<\/p>\n\n\n\n<h2 class=\"wp-block-heading\">Especialista em Regula\u00e7\u00e3o da Atividade Cinematogr\u00e1fica e Audiovisual<\/h2>\n\n\n\n<p>Na Ancine, o cargo de especialista em regula\u00e7\u00e3o da atividade cinematogr\u00e1fica e audiovisual \u00e9 voltado \u00e0 formula\u00e7\u00e3o, an\u00e1lise e execu\u00e7\u00e3o de pol\u00edticas p\u00fablicas para o setor cultural.<\/p>\n\n\n\n<p><strong>Esse profissional atua:<\/strong><\/p>\n\n\n\n<ul class=\"wp-block-list\">\n<li><strong>No fomento \u00e0 produ\u00e7\u00e3o nacional\u00a0<\/strong>de conte\u00fados audiovisuais;<\/li>\n\n\n\n<li><strong>Na fiscaliza\u00e7\u00e3o de aplica\u00e7\u00e3o de recursos p\u00fablicos<\/strong>\u00a0em projetos culturais;<\/li>\n\n\n\n<li><strong>No acompanhamento de projetos\u00a0<\/strong>financiados por leis de incentivo;<\/li>\n\n\n\n<li><strong>Na an\u00e1lise t\u00e9cnica<\/strong>\u00a0de editais de financiamento;<\/li>\n\n\n\n<li><strong>No monitoramento de indicadores\u00a0<\/strong>do mercado audiovisual; e<\/li>\n\n\n\n<li><strong>Na regula\u00e7\u00e3o de servi\u00e7os\u00a0<\/strong>de exibi\u00e7\u00e3o, distribui\u00e7\u00e3o e produ\u00e7\u00e3o de conte\u00fado no Brasil.<\/li>\n<\/ul>\n\n\n\n<p><strong>\ud83d\udccdOs aprovados ser\u00e3o lotados na sede da Ancine, no Rio de Janeiro (RJ)<\/strong>, e tamb\u00e9m ter\u00e3o carga hor\u00e1ria de 40 horas semanais.<\/p>\n\n\n\n<p>\ud83c\udf93 Para concorrer \u00e0 vaga, \u00e9 preciso ter&nbsp;<strong>n\u00edvel superior completo em qualquer \u00e1rea de forma\u00e7\u00e3o reconhecida pelo MEC<\/strong>, desde que o candidato atenda aos demais requisitos t\u00e9cnicos do cargo.<\/p>\n\n\n\n<h2 class=\"wp-block-heading\">2\u00aa edi\u00e7\u00e3o do CNU<\/h2>\n\n\n\n<p>A sele\u00e7\u00e3o deste ano&nbsp;<a class=\"\" href=\"https:\/\/g1.globo.com\/trabalho-e-carreira\/concursos\/noticia\/2025\/04\/28\/governo-detalha-cnu-2025.ghtml\">oferece 3.652 vagas para cargos de n\u00edveis m\u00e9dio, t\u00e9cnico e superior.<\/a>&nbsp;Os sal\u00e1rios iniciais variam de&nbsp;<strong>R$ 4 mil<\/strong>&nbsp;a&nbsp;<strong>R$ 16,4 mil.<\/strong><\/p>\n\n\n\n<p><strong>As inscri\u00e7\u00f5es seguem at\u00e9 20 de julho<\/strong>, exclusivamente pelo site da Funda\u00e7\u00e3o Getulio Vargas (<a class=\"\" href=\"https:\/\/g1.globo.com\/educacao\/universidade\/fgv\/\">FGV<\/a>), banca respons\u00e1vel pela organiza\u00e7\u00e3o do concurso.&nbsp;<em>(confira o cronograma abaixo)<\/em><\/p>\n\n\n\n<ul class=\"wp-block-list\">\n<li><strong><em>\ud83d\udd0d Diferentemente da edi\u00e7\u00e3o anterior, que contou com oito editais, um para cada bloco tem\u00e1tico, o processo seletivo ser\u00e1 regido por um \u00fanico edital.<\/em><\/strong><em>\u00a0O documento traz informa\u00e7\u00f5es detalhadas sobre as vagas, sal\u00e1rios, conte\u00fado program\u00e1tico das provas, crit\u00e9rios de classifica\u00e7\u00e3o e composi\u00e7\u00e3o das notas finais.<\/em><\/li>\n<\/ul>\n\n\n\n<p><strong>Os cargos est\u00e3o distribu\u00eddos em nove blocos tem\u00e1ticos<\/strong>, que agrupam as vagas por \u00e1reas de atua\u00e7\u00e3o semelhantes.<\/p>\n\n\n\n<p>\u26a0\ufe0f&nbsp;<strong>O CNU permite que o candidato fa\u00e7a uma \u00fanica inscri\u00e7\u00e3o, escolhendo os blocos e cargos de sua prefer\u00eancia.&nbsp;<\/strong>A disputa pelas vagas ocorre dentro do bloco tem\u00e1tico selecionado.<\/p>\n\n\n\n<p>Nesta edi\u00e7\u00e3o, o governo anunciou medidas para ampliar a diversidade entre os aprovados. Com isso, para os cargos com n\u00famero de vagas inferior ao m\u00ednimo necess\u00e1rio para aplica\u00e7\u00e3o das cotas, o MGI realizou um sorteio para definir a reserva proporcional.<\/p>\n\n\n\n<p>Outra novidade \u00e9 a pol\u00edtica de equidade de g\u00eanero:&nbsp;<a class=\"\" href=\"https:\/\/g1.globo.com\/trabalho-e-carreira\/concursos\/noticia\/2025\/06\/30\/coletiva-cnu-2025.ghtml\">caso menos de 50% das pessoas classificadas para a segunda fase sejam mulheres, o percentual ser\u00e1 ajustado para garantir paridade.<\/a>&nbsp;A regra, portanto, n\u00e3o assegura uma reserva de vagas para mulheres no resultado final do concurso.<\/p>\n\n\n\n<p><strong>A taxa de inscri\u00e7\u00e3o \u00e9 de R$ 70<\/strong>, com possibilidade de isen\u00e7\u00e3o para inscritos no Cad\u00danico, doadores de medula \u00f3ssea reconhecidos pelo Minist\u00e9rio da Sa\u00fade, bolsistas do Programa Universidade para Todos (Prouni) e financiados pelo Fundo de Financiamento Estudantil (Fies).<\/p>\n\n\n\n<ul class=\"wp-block-list\">\n<li>\ud83d\udccc Para facilitar a busca pela vaga ideal, o\u00a0<a class=\"\" href=\"https:\/\/g1.globo.com\/\"><strong>g1<\/strong><\/a>\u00a0preparou uma tabela com buscador, onde \u00e9 poss\u00edvel conferir o n\u00famero de vagas por \u00f3rg\u00e3o e quanto os candidatos aprovados v\u00e3o ganhar ao assumirem os cargos em 2026.<\/li>\n<\/ul>\n\n\n\n<p><a href=\"https:\/\/flo.uri.sh\/visualisation\/23075510\/embed?auto=1\">https:\/\/flo.uri.sh\/visualisation\/23075510\/embed?auto=1<\/a><\/p>\n\n\n\n<h2 class=\"wp-block-heading\">\ud83d\udcc6 Confira o cronograma oficial<\/h2>\n\n\n\n<ul class=\"wp-block-list\">\n<li><strong>Inscri\u00e7\u00f5es:<\/strong>\u00a0de 2 a 20\/7\/2025 (com pagamento at\u00e9 21\/7)<\/li>\n\n\n\n<li><strong>Solicita\u00e7\u00e3o de isen\u00e7\u00e3o da taxa de inscri\u00e7\u00e3o:\u00a0<\/strong>de 2 a 8\/7\/2025<\/li>\n\n\n\n<li><strong>Prova objetiva:\u00a0<\/strong>5\/10\/2025, das 13h \u00e0s 18h<\/li>\n\n\n\n<li><strong>Convoca\u00e7\u00e3o para prova discursiva:\u00a0<\/strong>12\/11\/2025<\/li>\n\n\n\n<li><strong>Convoca\u00e7\u00e3o para confirma\u00e7\u00e3o de cotas e PcD:\u00a0<\/strong>12\/11\/2025<\/li>\n\n\n\n<li><strong>Envio de t\u00edtulos:\u00a0<\/strong>de 13 a 19\/11\/2025<\/li>\n\n\n\n<li><strong>Prova discursiva (para habilitados na 1\u00aa fase):\u00a0<\/strong>7\/12\/2025<\/li>\n\n\n\n<li><strong>Procedimentos de confirma\u00e7\u00e3o de cotas:<\/strong>\u00a0de 8 a 17\/12\/2025<\/li>\n\n\n\n<li><strong>Divulga\u00e7\u00e3o da 1\u00aa lista de classifica\u00e7\u00e3o:<\/strong>\u00a030\/1\/2026<\/li>\n<\/ul>\n\n\n\n<p class=\"bs-intro\">FONTE: G1<\/p>\n\n\n\n<ul class=\"wp-block-social-links has-icon-color is-style-logos-only is-vertical is-layout-flex wp-container-core-social-links-is-layout-8cf370e7 wp-block-social-links-is-layout-flex\">\n\n<li style=\"color:#0693e3;\" class=\"wp-social-link wp-social-link-instagram has-vivid-cyan-blue-color wp-block-social-link\"><a href=\"https:\/\/www.instagram.com\/radiosisal97.3\/profilecard\/?igsh=MWo1azd5aXNvN2hmcQ==\" class=\"wp-block-social-link-anchor\"><svg width=\"24\" height=\"24\" viewBox=\"0 0 24 24\" version=\"1.1\" xmlns=\"http:\/\/www.w3.org\/2000\/svg\" aria-hidden=\"true\" focusable=\"false\"><path d=\"M12,4.622c2.403,0,2.688,0.009,3.637,0.052c0.877,0.04,1.354,0.187,1.671,0.31c0.42,0.163,0.72,0.358,1.035,0.673 c0.315,0.315,0.51,0.615,0.673,1.035c0.123,0.317,0.27,0.794,0.31,1.671c0.043,0.949,0.052,1.234,0.052,3.637 s-0.009,2.688-0.052,3.637c-0.04,0.877-0.187,1.354-0.31,1.671c-0.163,0.42-0.358,0.72-0.673,1.035 c-0.315,0.315-0.615,0.51-1.035,0.673c-0.317,0.123-0.794,0.27-1.671,0.31c-0.949,0.043-1.233,0.052-3.637,0.052 s-2.688-0.009-3.637-0.052c-0.877-0.04-1.354-0.187-1.671-0.31c-0.42-0.163-0.72-0.358-1.035-0.673 c-0.315-0.315-0.51-0.615-0.673-1.035c-0.123-0.317-0.27-0.794-0.31-1.671C4.631,14.688,4.622,14.403,4.622,12 s0.009-2.688,0.052-3.637c0.04-0.877,0.187-1.354,0.31-1.671c0.163-0.42,0.358-0.72,0.673-1.035 c0.315-0.315,0.615-0.51,1.035-0.673c0.317-0.123,0.794-0.27,1.671-0.31C9.312,4.631,9.597,4.622,12,4.622 M12,3 C9.556,3,9.249,3.01,8.289,3.054C7.331,3.098,6.677,3.25,6.105,3.472C5.513,3.702,5.011,4.01,4.511,4.511 c-0.5,0.5-0.808,1.002-1.038,1.594C3.25,6.677,3.098,7.331,3.054,8.289C3.01,9.249,3,9.556,3,12c0,2.444,0.01,2.751,0.054,3.711 c0.044,0.958,0.196,1.612,0.418,2.185c0.23,0.592,0.538,1.094,1.038,1.594c0.5,0.5,1.002,0.808,1.594,1.038 c0.572,0.222,1.227,0.375,2.185,0.418C9.249,20.99,9.556,21,12,21s2.751-0.01,3.711-0.054c0.958-0.044,1.612-0.196,2.185-0.418 c0.592-0.23,1.094-0.538,1.594-1.038c0.5-0.5,0.808-1.002,1.038-1.594c0.222-0.572,0.375-1.227,0.418-2.185 C20.99,14.751,21,14.444,21,12s-0.01-2.751-0.054-3.711c-0.044-0.958-0.196-1.612-0.418-2.185c-0.23-0.592-0.538-1.094-1.038-1.594 c-0.5-0.5-1.002-0.808-1.594-1.038c-0.572-0.222-1.227-0.375-2.185-0.418C14.751,3.01,14.444,3,12,3L12,3z M12,7.378 c-2.552,0-4.622,2.069-4.622,4.622S9.448,16.622,12,16.622s4.622-2.069,4.622-4.622S14.552,7.378,12,7.378z M12,15 c-1.657,0-3-1.343-3-3s1.343-3,3-3s3,1.343,3,3S13.657,15,12,15z M16.804,6.116c-0.596,0-1.08,0.484-1.08,1.08 s0.484,1.08,1.08,1.08c0.596,0,1.08-0.484,1.08-1.08S17.401,6.116,16.804,6.116z\"><\/path><\/svg><span class=\"wp-block-social-link-label screen-reader-text\">Instagram<\/span><\/a><\/li>\n\n<li style=\"color:#0693e3;\" class=\"wp-social-link wp-social-link-facebook has-vivid-cyan-blue-color wp-block-social-link\"><a href=\"https:\/\/www.facebook.com\/share\/1A7WveK9ft\/?mibextid=wwXIfr\" class=\"wp-block-social-link-anchor\"><svg width=\"24\" height=\"24\" viewBox=\"0 0 24 24\" version=\"1.1\" xmlns=\"http:\/\/www.w3.org\/2000\/svg\" aria-hidden=\"true\" focusable=\"false\"><path d=\"M12 2C6.5 2 2 6.5 2 12c0 5 3.7 9.1 8.4 9.9v-7H7.9V12h2.5V9.8c0-2.5 1.5-3.9 3.8-3.9 1.1 0 2.2.2 2.2.2v2.5h-1.3c-1.2 0-1.6.8-1.6 1.6V12h2.8l-.4 2.9h-2.3v7C18.3 21.1 22 17 22 12c0-5.5-4.5-10-10-10z\"><\/path><\/svg><span class=\"wp-block-social-link-label screen-reader-text\">Facebook<\/span><\/a><\/li><\/ul>\n","protected":false},"excerpt":{"rendered":"<p>Processo seletivo oferece 3.652 vagas em \u00f3rg\u00e3os federais, mas apenas 60 t\u00eam sal\u00e1rios acima de R$ 16 mil. Algumas posi\u00e7\u00f5es exigem forma\u00e7\u00e3o espec\u00edfica, enquanto outras aceitam qualquer tipo de gradua\u00e7\u00e3o. As&nbsp;inscri\u00e7\u00f5es para a segunda edi\u00e7\u00e3o do Concurso Nacional Unificado (CNU) j\u00e1 est\u00e3o abertas&nbsp;com milhares de oportunidades em \u00f3rg\u00e3os federais. Entre os cargos mais cobi\u00e7ados est\u00e3o [&hellip;]<\/p>\n","protected":false},"author":2,"featured_media":8402,"comment_status":"open","ping_status":"open","sticky":false,"template":"","format":"standard","meta":{"footnotes":""},"categories":[1],"tags":[],"class_list":["post-8401","post","type-post","status-publish","format-standard","has-post-thumbnail","hentry","category-geral"],"jetpack_sharing_enabled":true,"jetpack_featured_media_url":"https:\/\/i0.wp.com\/radiosisal.com\/br\/wp-content\/uploads\/2025\/07\/Imagem-do-WhatsApp-de-2025-07-03-as-09.18.25_a65f4a9b.jpg?fit=540%2C304&ssl=1","_links":{"self":[{"href":"https:\/\/radiosisal.com\/br\/wp-json\/wp\/v2\/posts\/8401","targetHints":{"allow":["GET"]}}],"collection":[{"href":"https:\/\/radiosisal.com\/br\/wp-json\/wp\/v2\/posts"}],"about":[{"href":"https:\/\/radiosisal.com\/br\/wp-json\/wp\/v2\/types\/post"}],"author":[{"embeddable":true,"href":"https:\/\/radiosisal.com\/br\/wp-json\/wp\/v2\/users\/2"}],"replies":[{"embeddable":true,"href":"https:\/\/radiosisal.com\/br\/wp-json\/wp\/v2\/comments?post=8401"}],"version-history":[{"count":1,"href":"https:\/\/radiosisal.com\/br\/wp-json\/wp\/v2\/posts\/8401\/revisions"}],"predecessor-version":[{"id":8403,"href":"https:\/\/radiosisal.com\/br\/wp-json\/wp\/v2\/posts\/8401\/revisions\/8403"}],"wp:featuredmedia":[{"embeddable":true,"href":"https:\/\/radiosisal.com\/br\/wp-json\/wp\/v2\/media\/8402"}],"wp:attachment":[{"href":"https:\/\/radiosisal.com\/br\/wp-json\/wp\/v2\/media?parent=8401"}],"wp:term":[{"taxonomy":"category","embeddable":true,"href":"https:\/\/radiosisal.com\/br\/wp-json\/wp\/v2\/categories?post=8401"},{"taxonomy":"post_tag","embeddable":true,"href":"https:\/\/radiosisal.com\/br\/wp-json\/wp\/v2\/tags?post=8401"}],"curies":[{"name":"wp","href":"https:\/\/api.w.org\/{rel}","templated":true}]}}