{"id":8414,"date":"2025-07-04T10:21:19","date_gmt":"2025-07-04T10:21:19","guid":{"rendered":"https:\/\/radiosisal.com\/br\/?p=8414"},"modified":"2025-07-04T10:21:22","modified_gmt":"2025-07-04T10:21:22","slug":"prouni-do-2o-semestre-inscricoes-terminam-nesta-sexta-conheca-os-criterios-para-as-bolsas-parciais-e-integrais","status":"publish","type":"post","link":"https:\/\/radiosisal.com\/br\/2025\/07\/04\/prouni-do-2o-semestre-inscricoes-terminam-nesta-sexta-conheca-os-criterios-para-as-bolsas-parciais-e-integrais\/","title":{"rendered":"PROUNI DO 2\u00ba SEMESTRE: INSCRI\u00c7\u00d5ES TERMINAM NESTA SEXTA; CONHE\u00c7A OS CRIT\u00c9RIOS PARA AS BOLSAS PARCIAIS E INTEGRAIS"},"content":{"rendered":"\n<p><\/p>\n\n\n\n<p>Edi\u00e7\u00e3o do programa oferece mais de 211 mil bolsas para 887 institui\u00e7\u00f5es privadas de ensino superior, em 370\u202fcursos.<\/p>\n\n\n\n<p>Quem ainda n\u00e3o se inscreveu no processo seletivo do Programa Universidade Para Todos (<a class=\"\" href=\"https:\/\/g1.globo.com\/tudo-sobre\/prouni\/\">Prouni<\/a>) do segundo semestre tem&nbsp;<strong>at\u00e9 23h59 desta sexta-feira (4)&nbsp;<\/strong>para concluir a etapa. As inscri\u00e7\u00f5es devem ser feitas pelo portal Acesso \u00danico (<a class=\"\" href=\"https:\/\/acessounico.mec.gov.br\/prouni\" target=\"_blank\" rel=\"noreferrer noopener\">acessounico.mec.gov.br\/prouni<\/a>), utilizando o login&nbsp;<strong>gov.br com CPF e senha<\/strong>.<\/p>\n\n\n\n<p><strong>\u270f\ufe0fO que \u00e9 Prouni?<\/strong>&nbsp;\u00c9 uma iniciativa do governo federal que oferece bolsas integrais (100%) e parciais (50% de desconto na mensalidade) em institui\u00e7\u00f5es de ensino particulares.<\/p>\n\n\n\n<p><strong>\u270f\ufe0fQuem pode participar?&nbsp;<\/strong>Para se inscrever, era preciso ter feito o&nbsp;<a class=\"\" href=\"https:\/\/g1.globo.com\/tudo-sobre\/enem\/\">Exame Nacional do Ensino M\u00e9dio<\/a>&nbsp;(Enem) 2023 ou 2024, com m\u00e9dia m\u00ednima de 450 pontos nas \u00e1reas de conhecimento e nota superior a zero na reda\u00e7\u00e3o. Tamb\u00e9m h\u00e1 crit\u00e9rios de renda.&nbsp;<\/p>\n\n\n<div class=\"wp-block-image\">\n<figure class=\"aligncenter size-full is-resized\"><img loading=\"lazy\" decoding=\"async\" width=\"984\" height=\"327\" src=\"https:\/\/i0.wp.com\/radiosisal.com\/br\/wp-content\/uploads\/2025\/07\/image-1.png?resize=984%2C327&#038;ssl=1\" alt=\"\" class=\"wp-image-8415\" style=\"width:698px;height:auto\" srcset=\"https:\/\/i0.wp.com\/radiosisal.com\/br\/wp-content\/uploads\/2025\/07\/image-1.png?w=984&amp;ssl=1 984w, https:\/\/i0.wp.com\/radiosisal.com\/br\/wp-content\/uploads\/2025\/07\/image-1.png?resize=300%2C100&amp;ssl=1 300w, https:\/\/i0.wp.com\/radiosisal.com\/br\/wp-content\/uploads\/2025\/07\/image-1.png?resize=768%2C255&amp;ssl=1 768w\" sizes=\"auto, (max-width: 984px) 100vw, 984px\" data-recalc-dims=\"1\" \/><figcaption class=\"wp-element-caption\">Cronograma do Prouni do 2\u00ba semestre de 2025. \u2014 Foto: Reprodu\u00e7\u00e3o.<\/figcaption><\/figure>\n<\/div>\n\n\n<p>Para o segundo semestre ser\u00e3o oferecidas mais de 211 mil bolsas, sendo mais de 118 mil integrais (sem custo) e mais de 93 mil parciais (metade da mensalidade). As bolsas s\u00e3o para mais de 370 cursos de 887 institui\u00e7\u00f5es privadas de ensino superior de todo o Brasil.<\/p>\n\n\n\n<p>Os candidatos tamb\u00e9m podem<a class=\"\" href=\"https:\/\/g1.globo.com\/educacao\/noticia\/2025\/06\/27\/prouni-abre-consulta-para-bolsas-para-o-2o-semestre.ghtml\">&nbsp;consultar a distribui\u00e7\u00e3o das bolsas ofertada<\/a>s no&nbsp;<a class=\"\" href=\"https:\/\/prounialuno.mec.gov.br\/consulta\/publica\" target=\"_blank\" rel=\"noreferrer noopener\">sistema do programa.<\/a><\/p>\n\n\n\n<h2 class=\"wp-block-heading\">\ud83d\udcc5 Datas do ProUni 2025 do 2\u00ba semestre<\/h2>\n\n\n\n<ul class=\"wp-block-list\">\n<li><strong>Inscri\u00e7\u00f5es:\u00a0<\/strong>30 de junho a 4 de julho<\/li>\n\n\n\n<li><strong>Resultado da primeira chamada:\u00a0<\/strong>7 de julho<\/li>\n\n\n\n<li><strong>Resultado da segunda chamada:\u00a0<\/strong>28 de julho<\/li>\n\n\n\n<li><strong>Manifesta\u00e7\u00e3o de interesse na lista de espera:\u00a0<\/strong>18 e 19 de agosto<\/li>\n\n\n\n<li><strong>Resultado da lista de espera:\u00a0<\/strong>22 de agosto<\/li>\n<\/ul>\n\n\n\n<h2 class=\"wp-block-heading\">\ud83d\udcdd Como funciona<\/h2>\n\n\n\n<ol class=\"wp-block-list\">\n<li>O candidato deve indicar, em ordem de prefer\u00eancia, at\u00e9\u00a0<strong>duas op\u00e7\u00f5es de curso<\/strong>\u00a0(selecionando a institui\u00e7\u00e3o de ensino e o turno).<\/li>\n\n\n\n<li>Depois, \u00e9 necess\u00e1rio marcar se quer participar na\u00a0<strong>modalidade de ampla concorr\u00eancia ou de cotas<\/strong>.<\/li>\n\n\n\n<li>Por fim, precisa monitorar, a cada dia,\u00a0<strong>a nota parcial para aqueles curso<\/strong>s.<\/li>\n\n\n\n<li>Se quiser,\u00a0<strong>pode mudar suas escolhas<\/strong>\u00a0(valer\u00e1 a \u00faltima op\u00e7\u00e3o marcada antes do fim do per\u00edodo de inscri\u00e7\u00e3o).<\/li>\n\n\n\n<li>Se o candidato estiver dentro da nota de corte e conseguir uma das vagas ao final do prazo de inscri\u00e7\u00e3o, ele constar\u00e1 como\u00a0<strong>pr\u00e9-selecionado<\/strong>.<\/li>\n<\/ol>\n\n\n\n<h2 class=\"wp-block-heading\">O que significa ser &#8216;pr\u00e9-selecionado&#8217;?<\/h2>\n\n\n\n<p>O candidato pr\u00e9-selecionado ainda n\u00e3o \u00e9 &#8220;dono&#8221; da vaga. Ela est\u00e1 reservada para ele, mas, antes de assumi-la, \u00e9 necess\u00e1rio cumprir com as \u00faltimas etapas de sele\u00e7\u00e3o.<\/p>\n\n\n\n<ul class=\"wp-block-list\">\n<li>Ainda ser\u00e1 preciso comprovar as informa\u00e7\u00f5es prestadas no ato da inscri\u00e7\u00e3o (como a renda familiar per capita e o certificado de conclus\u00e3o de curso em escola p\u00fablica, por exemplo). Isso \u00e9 feito na institui\u00e7\u00e3o de ensino na qual o aluno estudar\u00e1 no prazo indicado no edital.<\/li>\n\n\n\n<li>Se n\u00e3o houver forma\u00e7\u00e3o de turma, o aluno perder\u00e1 a vaga. Poder\u00e1 tentar participar da segunda chamada e da lista de espera (caso manifeste interesse).<\/li>\n<\/ul>\n\n\n\n<h2 class=\"wp-block-heading\">Quais s\u00e3o os crit\u00e9rios de desempate?<\/h2>\n\n\n\n<p>No caso de notas id\u00eanticas na m\u00e9dia aritm\u00e9tica das notas do Enem, o desempate entre os candidatos \u00e9 determinado de acordo com a seguinte ordem de crit\u00e9rios:<\/p>\n\n\n\n<ol class=\"wp-block-list\">\n<li>Maior nota na prova de reda\u00e7\u00e3o.<\/li>\n\n\n\n<li>Maior nota na prova de linguagens, c\u00f3digos e suas tecnologias.<\/li>\n\n\n\n<li>Maior nota na prova de matem\u00e1tica e suas tecnologias.<\/li>\n\n\n\n<li>Maior nota na prova de ci\u00eancias da natureza e suas tecnologias.<\/li>\n\n\n\n<li>Maior nota na prova de ci\u00eancias humanas e suas tecnologias.<\/li>\n<\/ol>\n\n\n\n<h2 class=\"wp-block-heading\">\ud83c\udf93 Cotas no Prouni<\/h2>\n\n\n\n<p>H\u00e1<strong>&nbsp;<\/strong>bolsas reservadas para pessoas com defici\u00eancia e para autodeclarados pretos, pardos ou ind\u00edgenas.<\/p>\n\n\n\n<p>A quantidade de vagas de cotas \u00e9 equivalente \u00e0 porcentagem que cada grupo representa na popula\u00e7\u00e3o do estado, segundo o \u00faltimo censo do Instituto Brasileiro de Geografia e Estat\u00edstica (<a class=\"\" href=\"https:\/\/g1.globo.com\/tudo-sobre\/ibge\/\">IBGE<\/a>).<\/p>\n\n\n\n<p>Os cotistas t\u00eam ainda de, obrigatoriamente, se encaixar nos demais crit\u00e9rios de exig\u00eancia do Prouni.<\/p>\n\n\n\n<h2 class=\"wp-block-heading\">\ud83d\udcda Quem p\u00f4de se inscrever?<\/h2>\n\n\n\n<p>Al\u00e9m dos crit\u00e9rios relacionados ao Enem, j\u00e1 mencionados no in\u00edcio da reportagem, era preciso tamb\u00e9m:<\/p>\n\n\n\n<ul class=\"wp-block-list\">\n<li>Ter cursado o ensino m\u00e9dio completo em escola da rede p\u00fablica;<\/li>\n\n\n\n<li>Ter cursado o ensino m\u00e9dio completo em escola privada como bolsista integral;<\/li>\n\n\n\n<li>Ter cursado o ensino m\u00e9dio parcialmente em escola da rede p\u00fablica e parcialmente em institui\u00e7\u00e3o privada, na condi\u00e7\u00e3o de bolsista integral;<\/li>\n\n\n\n<li>Ter cursado o ensino m\u00e9dio parcialmente em escola da rede p\u00fablica e parcialmente em institui\u00e7\u00e3o privada com bolsa parcial ou sem a condi\u00e7\u00e3o de bolsista; ou<\/li>\n\n\n\n<li>Ter cursado o ensino m\u00e9dio completo em escola privada com bolsa parcial da respectiva institui\u00e7\u00e3o ou sem a condi\u00e7\u00e3o de bolsista;<\/li>\n\n\n\n<li>Ser pessoa com defici\u00eancia, na forma prevista na legisla\u00e7\u00e3o; ou<\/li>\n\n\n\n<li>Ser professor da rede p\u00fablica de ensino, exclusivamente para os cursos de licenciatura e pedagogia, destinados \u00e0 forma\u00e7\u00e3o do magist\u00e9rio da educa\u00e7\u00e3o b\u00e1sica.<\/li>\n<\/ul>\n\n\n\n<p>\ud83d\udcb0<strong>&nbsp;Renda<\/strong><\/p>\n\n\n\n<p>Para concorrer \u00e0s<strong>&nbsp;bolsas integrais<\/strong>, o estudante deve ter renda familiar&nbsp;<strong>bruta mensal per capita de at\u00e9 um sal\u00e1rio m\u00ednimo e meio<\/strong>&nbsp;(R$ 2.277 por pessoa).<\/p>\n\n\n\n<p>Para as<strong>&nbsp;bolsas parciais<\/strong>, o limite da renda familiar&nbsp;<strong>bruta mensal per capita \u00e9 de tr\u00eas sal\u00e1rios m\u00ednimos&nbsp;<\/strong>(R$ 4.554 por pessoa).<\/p>\n\n\n\n<p><strong>\ud83d\udc49\ud83c\udffe Como calcular a renda familiar bruta mensal por pessoa?<\/strong><\/p>\n\n\n\n<p>Para saber se o aluno se encaixa nos crit\u00e9rios de renda, deve somar os sal\u00e1rios de todos os que moram com ele e, depois, dividir pelo n\u00famero de componentes do grupo.<\/p>\n\n\n\n<ul class=\"wp-block-list\">\n<li>Por exemplo: pai (R$ 2,3 mil por m\u00eas), m\u00e3e (R$ 1,7 mil por m\u00eas), candidato do\u00a0<a class=\"\" href=\"https:\/\/g1.globo.com\/tudo-sobre\/prouni\/\">Prouni\u00a0<\/a>(sem renda) e irm\u00e3o mais novo (sem renda).<\/li>\n\n\n\n<li>Somando os valores, chega-se ao total mensal de R$ 4 mil.<\/li>\n\n\n\n<li>Depois, dividindo pelos 4 membros da fam\u00edlia, o resultado \u00e9 R$ 1 mil.<\/li>\n<\/ul>\n\n\n\n<p>Esse \u00e9 o valor que deve ser tomado como refer\u00eancia pelo Prouni. Como est\u00e1 abaixo de 1,5 sal\u00e1rio m\u00ednimo per capita (R$ 2.277), o candidato poder\u00e1 concorrer \u00e0 bolsa de estudos integral.<\/p>\n\n\n\n<h2 class=\"wp-block-heading\">\ud83e\uddfe \u00c9 poss\u00edvel usar Prouni e&nbsp;<a class=\"\" href=\"https:\/\/g1.globo.com\/tudo-sobre\/fies\/\">Fies<\/a>&nbsp;ao mesmo tempo? E Prouni e&nbsp;<a class=\"\" href=\"https:\/\/g1.globo.com\/tudo-sobre\/sisu\/\">Sisu<\/a>?<\/h2>\n\n\n\n<p><strong>Fies e Prouni:&nbsp;<\/strong>Sim. Se o candidato conseguir a bolsa de estudos parcial do Prouni, que cobre apenas 50% da mensalidade, poder\u00e1 financiar a outra metade pelo Fundo de Financiamento Estudantil (Fies).<\/p>\n\n\n\n<p><strong>Sisu e Prouni:<\/strong>\u00a0N\u00e3o. O aluno at\u00e9 pode se inscrever nos dois programas, mas precisar\u00e1 escolher apenas um ao efetivar a matr\u00edcula. Lembrando que o Sistema de Sele\u00e7\u00e3o Unificada (Sisu) oferece vagas em institui\u00e7\u00f5es de ensino p\u00fablicas, e o Prouni, em particulares.<\/p>\n\n\n\n<p class=\"bs-intro\">FONTE: G1<\/p>\n\n\n\n<ul class=\"wp-block-social-links has-icon-color is-style-logos-only is-vertical is-layout-flex wp-container-core-social-links-is-layout-8cf370e7 wp-block-social-links-is-layout-flex\"><li style=\"color:#0693e3;\" class=\"wp-social-link wp-social-link-whatsapp has-vivid-cyan-blue-color wp-block-social-link\"><a href=\"https:\/\/wa.me\/\/75991238048\" class=\"wp-block-social-link-anchor\"><svg width=\"24\" height=\"24\" viewBox=\"0 0 24 24\" version=\"1.1\" xmlns=\"http:\/\/www.w3.org\/2000\/svg\" aria-hidden=\"true\" focusable=\"false\"><path d=\"M 12.011719 2 C 6.5057187 2 2.0234844 6.478375 2.0214844 11.984375 C 2.0204844 13.744375 2.4814687 15.462563 3.3554688 16.976562 L 2 22 L 7.2324219 20.763672 C 8.6914219 21.559672 10.333859 21.977516 12.005859 21.978516 L 12.009766 21.978516 C 17.514766 21.978516 21.995047 17.499141 21.998047 11.994141 C 22.000047 9.3251406 20.962172 6.8157344 19.076172 4.9277344 C 17.190172 3.0407344 14.683719 2.001 12.011719 2 z M 12.009766 4 C 14.145766 4.001 16.153109 4.8337969 17.662109 6.3417969 C 19.171109 7.8517969 20.000047 9.8581875 19.998047 11.992188 C 19.996047 16.396187 16.413812 19.978516 12.007812 19.978516 C 10.674812 19.977516 9.3544062 19.642812 8.1914062 19.007812 L 7.5175781 18.640625 L 6.7734375 18.816406 L 4.8046875 19.28125 L 5.2851562 17.496094 L 5.5019531 16.695312 L 5.0878906 15.976562 C 4.3898906 14.768562 4.0204844 13.387375 4.0214844 11.984375 C 4.0234844 7.582375 7.6067656 4 12.009766 4 z M 8.4765625 7.375 C 8.3095625 7.375 8.0395469 7.4375 7.8105469 7.6875 C 7.5815469 7.9365 6.9355469 8.5395781 6.9355469 9.7675781 C 6.9355469 10.995578 7.8300781 12.182609 7.9550781 12.349609 C 8.0790781 12.515609 9.68175 15.115234 12.21875 16.115234 C 14.32675 16.946234 14.754891 16.782234 15.212891 16.740234 C 15.670891 16.699234 16.690438 16.137687 16.898438 15.554688 C 17.106437 14.971687 17.106922 14.470187 17.044922 14.367188 C 16.982922 14.263188 16.816406 14.201172 16.566406 14.076172 C 16.317406 13.951172 15.090328 13.348625 14.861328 13.265625 C 14.632328 13.182625 14.464828 13.140625 14.298828 13.390625 C 14.132828 13.640625 13.655766 14.201187 13.509766 14.367188 C 13.363766 14.534188 13.21875 14.556641 12.96875 14.431641 C 12.71875 14.305641 11.914938 14.041406 10.960938 13.191406 C 10.218937 12.530406 9.7182656 11.714844 9.5722656 11.464844 C 9.4272656 11.215844 9.5585938 11.079078 9.6835938 10.955078 C 9.7955938 10.843078 9.9316406 10.663578 10.056641 10.517578 C 10.180641 10.371578 10.223641 10.267562 10.306641 10.101562 C 10.389641 9.9355625 10.347156 9.7890625 10.285156 9.6640625 C 10.223156 9.5390625 9.737625 8.3065 9.515625 7.8125 C 9.328625 7.3975 9.131125 7.3878594 8.953125 7.3808594 C 8.808125 7.3748594 8.6425625 7.375 8.4765625 7.375 z\"><\/path><\/svg><span class=\"wp-block-social-link-label screen-reader-text\">WhatsApp<\/span><\/a><\/li>\n\n<li style=\"color:#0693e3;\" class=\"wp-social-link wp-social-link-instagram has-vivid-cyan-blue-color wp-block-social-link\"><a href=\"https:\/\/www.instagram.com\/radiosisal97.3\/profilecard\/?igsh=MWo1azd5aXNvN2hmcQ==\" class=\"wp-block-social-link-anchor\"><svg width=\"24\" height=\"24\" viewBox=\"0 0 24 24\" version=\"1.1\" xmlns=\"http:\/\/www.w3.org\/2000\/svg\" aria-hidden=\"true\" focusable=\"false\"><path d=\"M12,4.622c2.403,0,2.688,0.009,3.637,0.052c0.877,0.04,1.354,0.187,1.671,0.31c0.42,0.163,0.72,0.358,1.035,0.673 c0.315,0.315,0.51,0.615,0.673,1.035c0.123,0.317,0.27,0.794,0.31,1.671c0.043,0.949,0.052,1.234,0.052,3.637 s-0.009,2.688-0.052,3.637c-0.04,0.877-0.187,1.354-0.31,1.671c-0.163,0.42-0.358,0.72-0.673,1.035 c-0.315,0.315-0.615,0.51-1.035,0.673c-0.317,0.123-0.794,0.27-1.671,0.31c-0.949,0.043-1.233,0.052-3.637,0.052 s-2.688-0.009-3.637-0.052c-0.877-0.04-1.354-0.187-1.671-0.31c-0.42-0.163-0.72-0.358-1.035-0.673 c-0.315-0.315-0.51-0.615-0.673-1.035c-0.123-0.317-0.27-0.794-0.31-1.671C4.631,14.688,4.622,14.403,4.622,12 s0.009-2.688,0.052-3.637c0.04-0.877,0.187-1.354,0.31-1.671c0.163-0.42,0.358-0.72,0.673-1.035 c0.315-0.315,0.615-0.51,1.035-0.673c0.317-0.123,0.794-0.27,1.671-0.31C9.312,4.631,9.597,4.622,12,4.622 M12,3 C9.556,3,9.249,3.01,8.289,3.054C7.331,3.098,6.677,3.25,6.105,3.472C5.513,3.702,5.011,4.01,4.511,4.511 c-0.5,0.5-0.808,1.002-1.038,1.594C3.25,6.677,3.098,7.331,3.054,8.289C3.01,9.249,3,9.556,3,12c0,2.444,0.01,2.751,0.054,3.711 c0.044,0.958,0.196,1.612,0.418,2.185c0.23,0.592,0.538,1.094,1.038,1.594c0.5,0.5,1.002,0.808,1.594,1.038 c0.572,0.222,1.227,0.375,2.185,0.418C9.249,20.99,9.556,21,12,21s2.751-0.01,3.711-0.054c0.958-0.044,1.612-0.196,2.185-0.418 c0.592-0.23,1.094-0.538,1.594-1.038c0.5-0.5,0.808-1.002,1.038-1.594c0.222-0.572,0.375-1.227,0.418-2.185 C20.99,14.751,21,14.444,21,12s-0.01-2.751-0.054-3.711c-0.044-0.958-0.196-1.612-0.418-2.185c-0.23-0.592-0.538-1.094-1.038-1.594 c-0.5-0.5-1.002-0.808-1.594-1.038c-0.572-0.222-1.227-0.375-2.185-0.418C14.751,3.01,14.444,3,12,3L12,3z M12,7.378 c-2.552,0-4.622,2.069-4.622,4.622S9.448,16.622,12,16.622s4.622-2.069,4.622-4.622S14.552,7.378,12,7.378z M12,15 c-1.657,0-3-1.343-3-3s1.343-3,3-3s3,1.343,3,3S13.657,15,12,15z M16.804,6.116c-0.596,0-1.08,0.484-1.08,1.08 s0.484,1.08,1.08,1.08c0.596,0,1.08-0.484,1.08-1.08S17.401,6.116,16.804,6.116z\"><\/path><\/svg><span class=\"wp-block-social-link-label screen-reader-text\">Instagram<\/span><\/a><\/li>\n\n<li style=\"color:#0693e3;\" class=\"wp-social-link wp-social-link-facebook has-vivid-cyan-blue-color wp-block-social-link\"><a href=\"https:\/\/www.facebook.com\/share\/1A7WveK9ft\/?mibextid=wwXIfr\" class=\"wp-block-social-link-anchor\"><svg width=\"24\" height=\"24\" viewBox=\"0 0 24 24\" version=\"1.1\" xmlns=\"http:\/\/www.w3.org\/2000\/svg\" aria-hidden=\"true\" focusable=\"false\"><path d=\"M12 2C6.5 2 2 6.5 2 12c0 5 3.7 9.1 8.4 9.9v-7H7.9V12h2.5V9.8c0-2.5 1.5-3.9 3.8-3.9 1.1 0 2.2.2 2.2.2v2.5h-1.3c-1.2 0-1.6.8-1.6 1.6V12h2.8l-.4 2.9h-2.3v7C18.3 21.1 22 17 22 12c0-5.5-4.5-10-10-10z\"><\/path><\/svg><span class=\"wp-block-social-link-label screen-reader-text\">Facebook<\/span><\/a><\/li><\/ul>\n\n\n\n<p><\/p>\n","protected":false},"excerpt":{"rendered":"<p>Edi\u00e7\u00e3o do programa oferece mais de 211 mil bolsas para 887 institui\u00e7\u00f5es privadas de ensino superior, em 370\u202fcursos. Quem ainda n\u00e3o se inscreveu no processo seletivo do Programa Universidade Para Todos (Prouni) do segundo semestre tem&nbsp;at\u00e9 23h59 desta sexta-feira (4)&nbsp;para concluir a etapa. As inscri\u00e7\u00f5es devem ser feitas pelo portal Acesso \u00danico (acessounico.mec.gov.br\/prouni), utilizando o [&hellip;]<\/p>\n","protected":false},"author":2,"featured_media":8416,"comment_status":"open","ping_status":"open","sticky":false,"template":"","format":"standard","meta":{"footnotes":""},"categories":[1],"tags":[],"class_list":["post-8414","post","type-post","status-publish","format-standard","has-post-thumbnail","hentry","category-geral"],"jetpack_sharing_enabled":true,"jetpack_featured_media_url":"https:\/\/i0.wp.com\/radiosisal.com\/br\/wp-content\/uploads\/2025\/07\/Imagem-do-WhatsApp-de-2025-07-04-as-07.19.46_b5c917d9.jpg?fit=540%2C304&ssl=1","_links":{"self":[{"href":"https:\/\/radiosisal.com\/br\/wp-json\/wp\/v2\/posts\/8414","targetHints":{"allow":["GET"]}}],"collection":[{"href":"https:\/\/radiosisal.com\/br\/wp-json\/wp\/v2\/posts"}],"about":[{"href":"https:\/\/radiosisal.com\/br\/wp-json\/wp\/v2\/types\/post"}],"author":[{"embeddable":true,"href":"https:\/\/radiosisal.com\/br\/wp-json\/wp\/v2\/users\/2"}],"replies":[{"embeddable":true,"href":"https:\/\/radiosisal.com\/br\/wp-json\/wp\/v2\/comments?post=8414"}],"version-history":[{"count":1,"href":"https:\/\/radiosisal.com\/br\/wp-json\/wp\/v2\/posts\/8414\/revisions"}],"predecessor-version":[{"id":8417,"href":"https:\/\/radiosisal.com\/br\/wp-json\/wp\/v2\/posts\/8414\/revisions\/8417"}],"wp:featuredmedia":[{"embeddable":true,"href":"https:\/\/radiosisal.com\/br\/wp-json\/wp\/v2\/media\/8416"}],"wp:attachment":[{"href":"https:\/\/radiosisal.com\/br\/wp-json\/wp\/v2\/media?parent=8414"}],"wp:term":[{"taxonomy":"category","embeddable":true,"href":"https:\/\/radiosisal.com\/br\/wp-json\/wp\/v2\/categories?post=8414"},{"taxonomy":"post_tag","embeddable":true,"href":"https:\/\/radiosisal.com\/br\/wp-json\/wp\/v2\/tags?post=8414"}],"curies":[{"name":"wp","href":"https:\/\/api.w.org\/{rel}","templated":true}]}}