{"id":8418,"date":"2025-07-04T10:38:03","date_gmt":"2025-07-04T10:38:03","guid":{"rendered":"https:\/\/radiosisal.com\/br\/?p=8418"},"modified":"2025-07-04T10:38:05","modified_gmt":"2025-07-04T10:38:05","slug":"tarifa-social-de-energia-eletrica-passa-a-valer-neste-sabado-entenda-como-vai-funcionar","status":"publish","type":"post","link":"https:\/\/radiosisal.com\/br\/2025\/07\/04\/tarifa-social-de-energia-eletrica-passa-a-valer-neste-sabado-entenda-como-vai-funcionar\/","title":{"rendered":"TARIFA SOCIAL DE ENERGIA EL\u00c9TRICA PASSA A VALER NESTE S\u00c1BADO: ENTENDA COMO VAI FUNCIONAR"},"content":{"rendered":"\n<p><\/p>\n\n\n\n<p>Al\u00e9m da gratuidade para fam\u00edlias do Cad\u00danico e que tenham consumo mensal de at\u00e9 80 kWh, tamb\u00e9m h\u00e1 previs\u00e3o de descontos para outros grupos.<\/p>\n\n\n\n<p>A nova tarifa social de energia el\u00e9trica, que prev\u00ea<strong>&nbsp;gratuidade para fam\u00edlias benefici\u00e1rias do Cadastro \u00danico&nbsp;<\/strong>(Cad\u00danico) e que tenham consumo mensal de at\u00e9 80 kWh, passa a valer neste s\u00e1bado (5).<\/p>\n\n\n\n<p>\ud83d\udd0e<a class=\"\" href=\"https:\/\/g1.globo.com\/politica\/noticia\/2025\/05\/21\/lula-assina-mp-que-muda-regras-do-setor-eletrico-e-amplia-gratuidade-da-conta-de-luz.ghtml\">A MP foi publicada no Di\u00e1rio Oficial da Uni\u00e3o (DOU) em maio<\/a>. C\u00e2mara e Senado ter\u00e3o de aprovar o texto em at\u00e9 120 dias, a contar da publica\u00e7\u00e3o do ato. Caso a MP n\u00e3o seja chancelada, as mudan\u00e7as perder\u00e3o a validade.<\/p>\n\n\n\n<p>Segundo dados do governo, cerca de 55 milh\u00f5es de brasileiros ser\u00e3o beneficiados com desconto e 60 milh\u00f5es com a isen\u00e7\u00e3o na conta de luz.<\/p>\n\n\n\n<p>Nesta reportagem, voc\u00ea vai saber mais detalhes sobre o que est\u00e1 previsto na MP. Veja algumas perguntas e respostas abaixo:<\/p>\n\n\n\n<ul class=\"wp-block-list\">\n<li><strong>Quem tem direito a tarifa social?<\/strong><\/li>\n\n\n\n<li><strong>Como funciona atualmente?<\/strong><\/li>\n\n\n\n<li><strong>Qual o impacto da medida?<\/strong><\/li>\n\n\n\n<li><strong>Qual a diferen\u00e7a da isen\u00e7\u00e3o para o desconto?<\/strong><\/li>\n\n\n\n<li><strong>Abertura do mercado de baixa tens\u00e3o<\/strong><\/li>\n\n\n\n<li><strong>Propostas para equilibrar o setor<\/strong><\/li>\n<\/ul>\n\n\n\n<h2 class=\"wp-block-heading\">Quem tem direito a tarifa social?<\/h2>\n\n\n\n<ul class=\"wp-block-list\">\n<li>Fam\u00edlias do Cad\u00danico com renda mensal at\u00e9 meio sal\u00e1rio m\u00ednimo per capita;<\/li>\n\n\n\n<li>Pessoas com defici\u00eancia ou idosos (65+) no Benef\u00edcio de Presta\u00e7\u00e3o Continuada (BPC) \u2014 que tamb\u00e9m s\u00e3o inscritos no Cad\u00danico;<\/li>\n\n\n\n<li>Fam\u00edlias ind\u00edgenas e quilombolas do Cad\u00danico;<\/li>\n\n\n\n<li>Fam\u00edlias do Cad\u00danico atendidas em sistemas isolados por m\u00f3dulo de gera\u00e7\u00e3o offgrid, isto \u00e9, m\u00f3dulos particulares, fora da rede el\u00e9trica p\u00fablica.<\/li>\n<\/ul>\n\n\n\n<h2 class=\"wp-block-heading\">Como funciona atualmente?<\/h2>\n\n\n\n<p>Atualmente, apenas ind\u00edgenas e quilombolas t\u00eam gratuidade na conta de luz.<\/p>\n\n\n\n<p>No caso de fam\u00edlias de baixa renda que est\u00e3o no Cad\u00danico, atualmente, elas t\u00eam um desconto que pode chegar a 65% do total da conta de luz.<\/p>\n\n\n\n<p>Portanto, com as novas regras, h\u00e1 uma amplia\u00e7\u00e3o desses benef\u00edcios.<\/p>\n\n\n\n<h2 class=\"wp-block-heading\">Qual o impacto da medida?<\/h2>\n\n\n\n<p>Estimativas do governo federal apontam que 17 milh\u00f5es de fam\u00edlias ser\u00e3o beneficiadas, o que significa, na pr\u00e1tica, cerca de 60 milh\u00f5es de pessoas contempladas.<\/p>\n\n\n\n<p>Ainda segundo o Executivo, o custo da isen\u00e7\u00e3o da tarifa \u00e9 de R$ 3,6 bilh\u00f5es por ano, que ser\u00e1 compensado pela abertura de mercado e reequil\u00edbrio do setor.<\/p>\n\n\n\n<h2 class=\"wp-block-heading\">Qual a diferen\u00e7a da isen\u00e7\u00e3o para o desconto?<\/h2>\n\n\n\n<p>Enquanto a isen\u00e7\u00e3o integral \u00e9 a nova tarifa social, que se refere \u00e0 gratuidade para fam\u00edlias benefici\u00e1rias do Cadastro \u00danico (Cad\u00danico) e que tenham consumo mensal de at\u00e9 80 kWh<\/p>\n\n\n\n<p>O desconto se refere ao abatimento na Conta de Desenvolvimento Energ\u00e9tico (CDE) \u2014 que custeia os subs\u00eddios do setor el\u00e9trico \u2014 no consumo mensal de at\u00e9 120 kWh para fam\u00edlias com renda entre meio e um sal\u00e1rio m\u00ednimo.<\/p>\n\n\n\n<p>\ud83d\udca1A CDE representa cerca de 12% da conta de luz. Ou seja, o desconto para as fam\u00edlias benefici\u00e1rias ser\u00e1 nessa propor\u00e7\u00e3o.<\/p>\n\n\n\n<h2 class=\"wp-block-heading\">Abertura do mercado de baixa tens\u00e3o<\/h2>\n\n\n\n<p>A MP tamb\u00e9m prev\u00ea liberdade de escolha para todos os consumidores de energia el\u00e9trica.<\/p>\n\n\n\n<p>Atualmente, o chamado \u201cmercado livre\u201d \u00e9 restrito a grandes consumidores, como ind\u00fastrias e estabelecimento comerciais de grande porte. &nbsp;<\/p>\n\n\n\n<p>Mas ap\u00f3s a entrada em vigor da MP, essa possibilidade ser\u00e1 poss\u00edvel a partir do ano que vem:<\/p>\n\n\n\n<ul class=\"wp-block-list\">\n<li><strong>Agosto de 2026:<\/strong>\u00a0ind\u00fastria e com\u00e9rcio<\/li>\n\n\n\n<li><strong>Dezembro de 2027:<\/strong>\u00a0demais consumidores<\/li>\n<\/ul>\n\n\n\n<h2 class=\"wp-block-heading\">Propostas para equilibrar o setor<\/h2>\n\n\n\n<p>Para equilibrar as contas, o governo prev\u00ea adotar uma s\u00e9rie de medidas. Veja o que est\u00e1 na previs\u00e3o do Executivo:<\/p>\n\n\n\n<ul class=\"wp-block-list\">\n<li>inclus\u00e3o dos consumidores livres na base de adquirentes da produ\u00e7\u00e3o de energia el\u00e9trica das usinas Angra 1 e 2;<\/li>\n\n\n\n<li>inclus\u00e3o dos consumidores livres na base de consumidores que suportam os incentivos \u00e0 gera\u00e7\u00e3o distribu\u00edda por meio da CDE;<\/li>\n\n\n\n<li>aloca\u00e7\u00e3o mais justa dos encargos da CDE, com rateio proporcional ao consumo, independentemente do n\u00edvel de tens\u00e3o;<\/li>\n\n\n\n<li>limitar a autoprodu\u00e7\u00e3o equiparada \u00e0 demanda m\u00ednima de 30.000 kW e \u00e0 participa\u00e7\u00e3o m\u00ednima exigida do grupo econ\u00f4mico de cada acionista no capital social, direto ou indireto, de, no m\u00ednimo, 30% do capital social total;<\/li>\n\n\n\n<li>limitar a extens\u00e3o dos descontos de uso da rede (TUST e TUSD) para o segmento consumo.<\/li>\n<\/ul>\n\n\n\n<p class=\"bs-intro\">FONTE: G1<\/p>\n\n\n\n<ul class=\"wp-block-social-links has-icon-color is-style-logos-only is-vertical is-layout-flex wp-container-core-social-links-is-layout-8cf370e7 wp-block-social-links-is-layout-flex\"><li style=\"color:#0693e3;\" class=\"wp-social-link wp-social-link-whatsapp has-vivid-cyan-blue-color wp-block-social-link\"><a href=\"https:\/\/wa.me\/\/75991238048\" class=\"wp-block-social-link-anchor\"><svg width=\"24\" height=\"24\" viewBox=\"0 0 24 24\" version=\"1.1\" xmlns=\"http:\/\/www.w3.org\/2000\/svg\" aria-hidden=\"true\" focusable=\"false\"><path d=\"M 12.011719 2 C 6.5057187 2 2.0234844 6.478375 2.0214844 11.984375 C 2.0204844 13.744375 2.4814687 15.462563 3.3554688 16.976562 L 2 22 L 7.2324219 20.763672 C 8.6914219 21.559672 10.333859 21.977516 12.005859 21.978516 L 12.009766 21.978516 C 17.514766 21.978516 21.995047 17.499141 21.998047 11.994141 C 22.000047 9.3251406 20.962172 6.8157344 19.076172 4.9277344 C 17.190172 3.0407344 14.683719 2.001 12.011719 2 z M 12.009766 4 C 14.145766 4.001 16.153109 4.8337969 17.662109 6.3417969 C 19.171109 7.8517969 20.000047 9.8581875 19.998047 11.992188 C 19.996047 16.396187 16.413812 19.978516 12.007812 19.978516 C 10.674812 19.977516 9.3544062 19.642812 8.1914062 19.007812 L 7.5175781 18.640625 L 6.7734375 18.816406 L 4.8046875 19.28125 L 5.2851562 17.496094 L 5.5019531 16.695312 L 5.0878906 15.976562 C 4.3898906 14.768562 4.0204844 13.387375 4.0214844 11.984375 C 4.0234844 7.582375 7.6067656 4 12.009766 4 z M 8.4765625 7.375 C 8.3095625 7.375 8.0395469 7.4375 7.8105469 7.6875 C 7.5815469 7.9365 6.9355469 8.5395781 6.9355469 9.7675781 C 6.9355469 10.995578 7.8300781 12.182609 7.9550781 12.349609 C 8.0790781 12.515609 9.68175 15.115234 12.21875 16.115234 C 14.32675 16.946234 14.754891 16.782234 15.212891 16.740234 C 15.670891 16.699234 16.690438 16.137687 16.898438 15.554688 C 17.106437 14.971687 17.106922 14.470187 17.044922 14.367188 C 16.982922 14.263188 16.816406 14.201172 16.566406 14.076172 C 16.317406 13.951172 15.090328 13.348625 14.861328 13.265625 C 14.632328 13.182625 14.464828 13.140625 14.298828 13.390625 C 14.132828 13.640625 13.655766 14.201187 13.509766 14.367188 C 13.363766 14.534188 13.21875 14.556641 12.96875 14.431641 C 12.71875 14.305641 11.914938 14.041406 10.960938 13.191406 C 10.218937 12.530406 9.7182656 11.714844 9.5722656 11.464844 C 9.4272656 11.215844 9.5585938 11.079078 9.6835938 10.955078 C 9.7955938 10.843078 9.9316406 10.663578 10.056641 10.517578 C 10.180641 10.371578 10.223641 10.267562 10.306641 10.101562 C 10.389641 9.9355625 10.347156 9.7890625 10.285156 9.6640625 C 10.223156 9.5390625 9.737625 8.3065 9.515625 7.8125 C 9.328625 7.3975 9.131125 7.3878594 8.953125 7.3808594 C 8.808125 7.3748594 8.6425625 7.375 8.4765625 7.375 z\"><\/path><\/svg><span class=\"wp-block-social-link-label screen-reader-text\">WhatsApp<\/span><\/a><\/li>\n\n<li style=\"color:#0693e3;\" class=\"wp-social-link wp-social-link-instagram has-vivid-cyan-blue-color wp-block-social-link\"><a href=\"https:\/\/www.facebook.com\/share\/1A7WveK9ft\/?mibextid=wwXIfr\" class=\"wp-block-social-link-anchor\"><svg width=\"24\" height=\"24\" viewBox=\"0 0 24 24\" version=\"1.1\" xmlns=\"http:\/\/www.w3.org\/2000\/svg\" aria-hidden=\"true\" focusable=\"false\"><path d=\"M12,4.622c2.403,0,2.688,0.009,3.637,0.052c0.877,0.04,1.354,0.187,1.671,0.31c0.42,0.163,0.72,0.358,1.035,0.673 c0.315,0.315,0.51,0.615,0.673,1.035c0.123,0.317,0.27,0.794,0.31,1.671c0.043,0.949,0.052,1.234,0.052,3.637 s-0.009,2.688-0.052,3.637c-0.04,0.877-0.187,1.354-0.31,1.671c-0.163,0.42-0.358,0.72-0.673,1.035 c-0.315,0.315-0.615,0.51-1.035,0.673c-0.317,0.123-0.794,0.27-1.671,0.31c-0.949,0.043-1.233,0.052-3.637,0.052 s-2.688-0.009-3.637-0.052c-0.877-0.04-1.354-0.187-1.671-0.31c-0.42-0.163-0.72-0.358-1.035-0.673 c-0.315-0.315-0.51-0.615-0.673-1.035c-0.123-0.317-0.27-0.794-0.31-1.671C4.631,14.688,4.622,14.403,4.622,12 s0.009-2.688,0.052-3.637c0.04-0.877,0.187-1.354,0.31-1.671c0.163-0.42,0.358-0.72,0.673-1.035 c0.315-0.315,0.615-0.51,1.035-0.673c0.317-0.123,0.794-0.27,1.671-0.31C9.312,4.631,9.597,4.622,12,4.622 M12,3 C9.556,3,9.249,3.01,8.289,3.054C7.331,3.098,6.677,3.25,6.105,3.472C5.513,3.702,5.011,4.01,4.511,4.511 c-0.5,0.5-0.808,1.002-1.038,1.594C3.25,6.677,3.098,7.331,3.054,8.289C3.01,9.249,3,9.556,3,12c0,2.444,0.01,2.751,0.054,3.711 c0.044,0.958,0.196,1.612,0.418,2.185c0.23,0.592,0.538,1.094,1.038,1.594c0.5,0.5,1.002,0.808,1.594,1.038 c0.572,0.222,1.227,0.375,2.185,0.418C9.249,20.99,9.556,21,12,21s2.751-0.01,3.711-0.054c0.958-0.044,1.612-0.196,2.185-0.418 c0.592-0.23,1.094-0.538,1.594-1.038c0.5-0.5,0.808-1.002,1.038-1.594c0.222-0.572,0.375-1.227,0.418-2.185 C20.99,14.751,21,14.444,21,12s-0.01-2.751-0.054-3.711c-0.044-0.958-0.196-1.612-0.418-2.185c-0.23-0.592-0.538-1.094-1.038-1.594 c-0.5-0.5-1.002-0.808-1.594-1.038c-0.572-0.222-1.227-0.375-2.185-0.418C14.751,3.01,14.444,3,12,3L12,3z M12,7.378 c-2.552,0-4.622,2.069-4.622,4.622S9.448,16.622,12,16.622s4.622-2.069,4.622-4.622S14.552,7.378,12,7.378z M12,15 c-1.657,0-3-1.343-3-3s1.343-3,3-3s3,1.343,3,3S13.657,15,12,15z M16.804,6.116c-0.596,0-1.08,0.484-1.08,1.08 s0.484,1.08,1.08,1.08c0.596,0,1.08-0.484,1.08-1.08S17.401,6.116,16.804,6.116z\"><\/path><\/svg><span class=\"wp-block-social-link-label screen-reader-text\">Instagram<\/span><\/a><\/li>\n\n<li style=\"color:#0693e3;\" class=\"wp-social-link wp-social-link-facebook has-vivid-cyan-blue-color wp-block-social-link\"><a href=\"https:\/\/www.facebook.com\/share\/1A7WveK9ft\/?mibextid=wwXIfr\" class=\"wp-block-social-link-anchor\"><svg width=\"24\" height=\"24\" viewBox=\"0 0 24 24\" version=\"1.1\" xmlns=\"http:\/\/www.w3.org\/2000\/svg\" aria-hidden=\"true\" focusable=\"false\"><path d=\"M12 2C6.5 2 2 6.5 2 12c0 5 3.7 9.1 8.4 9.9v-7H7.9V12h2.5V9.8c0-2.5 1.5-3.9 3.8-3.9 1.1 0 2.2.2 2.2.2v2.5h-1.3c-1.2 0-1.6.8-1.6 1.6V12h2.8l-.4 2.9h-2.3v7C18.3 21.1 22 17 22 12c0-5.5-4.5-10-10-10z\"><\/path><\/svg><span class=\"wp-block-social-link-label screen-reader-text\">Facebook<\/span><\/a><\/li><\/ul>\n","protected":false},"excerpt":{"rendered":"<p>Al\u00e9m da gratuidade para fam\u00edlias do Cad\u00danico e que tenham consumo mensal de at\u00e9 80 kWh, tamb\u00e9m h\u00e1 previs\u00e3o de descontos para outros grupos. A nova tarifa social de energia el\u00e9trica, que prev\u00ea&nbsp;gratuidade para fam\u00edlias benefici\u00e1rias do Cadastro \u00danico&nbsp;(Cad\u00danico) e que tenham consumo mensal de at\u00e9 80 kWh, passa a valer neste s\u00e1bado (5). \ud83d\udd0eA [&hellip;]<\/p>\n","protected":false},"author":2,"featured_media":8419,"comment_status":"open","ping_status":"open","sticky":false,"template":"","format":"standard","meta":{"footnotes":""},"categories":[1],"tags":[],"class_list":["post-8418","post","type-post","status-publish","format-standard","has-post-thumbnail","hentry","category-geral"],"jetpack_sharing_enabled":true,"jetpack_featured_media_url":"https:\/\/i0.wp.com\/radiosisal.com\/br\/wp-content\/uploads\/2025\/07\/Imagem-do-WhatsApp-de-2025-07-04-as-07.36.44_68332d49.jpg?fit=984%2C554&ssl=1","_links":{"self":[{"href":"https:\/\/radiosisal.com\/br\/wp-json\/wp\/v2\/posts\/8418","targetHints":{"allow":["GET"]}}],"collection":[{"href":"https:\/\/radiosisal.com\/br\/wp-json\/wp\/v2\/posts"}],"about":[{"href":"https:\/\/radiosisal.com\/br\/wp-json\/wp\/v2\/types\/post"}],"author":[{"embeddable":true,"href":"https:\/\/radiosisal.com\/br\/wp-json\/wp\/v2\/users\/2"}],"replies":[{"embeddable":true,"href":"https:\/\/radiosisal.com\/br\/wp-json\/wp\/v2\/comments?post=8418"}],"version-history":[{"count":1,"href":"https:\/\/radiosisal.com\/br\/wp-json\/wp\/v2\/posts\/8418\/revisions"}],"predecessor-version":[{"id":8420,"href":"https:\/\/radiosisal.com\/br\/wp-json\/wp\/v2\/posts\/8418\/revisions\/8420"}],"wp:featuredmedia":[{"embeddable":true,"href":"https:\/\/radiosisal.com\/br\/wp-json\/wp\/v2\/media\/8419"}],"wp:attachment":[{"href":"https:\/\/radiosisal.com\/br\/wp-json\/wp\/v2\/media?parent=8418"}],"wp:term":[{"taxonomy":"category","embeddable":true,"href":"https:\/\/radiosisal.com\/br\/wp-json\/wp\/v2\/categories?post=8418"},{"taxonomy":"post_tag","embeddable":true,"href":"https:\/\/radiosisal.com\/br\/wp-json\/wp\/v2\/tags?post=8418"}],"curies":[{"name":"wp","href":"https:\/\/api.w.org\/{rel}","templated":true}]}}