{"id":8579,"date":"2025-07-15T10:23:49","date_gmt":"2025-07-15T10:23:49","guid":{"rendered":"https:\/\/radiosisal.com\/br\/?p=8579"},"modified":"2025-07-15T10:23:51","modified_gmt":"2025-07-15T10:23:51","slug":"abono-salarial-pis-pasep-2025-tera-novo-pagamento-nesta-terca-veja-quem-vai-receber-2","status":"publish","type":"post","link":"https:\/\/radiosisal.com\/br\/2025\/07\/15\/abono-salarial-pis-pasep-2025-tera-novo-pagamento-nesta-terca-veja-quem-vai-receber-2\/","title":{"rendered":"ABONO SALARIAL PIS-PASEP 2025 TER\u00c1 NOVO PAGAMENTO NESTA TER\u00c7A; VEJA QUEM VAI RECEBER"},"content":{"rendered":"\n<p><\/p>\n\n\n\n<p>Beneficiados nascidos entre os meses de setembro e outubro receber\u00e3o at\u00e9 um sal\u00e1rio m\u00ednimo nesta sexta fase. Valores ficar\u00e3o dispon\u00edveis at\u00e9 o dia 29 de dezembro.<\/p>\n\n\n\n<p>O abono salarial&nbsp;<a class=\"\" href=\"https:\/\/g1.globo.com\/tudo-sobre\/pis\/\">PIS<\/a>&#8211;<a class=\"\" href=\"https:\/\/g1.globo.com\/tudo-sobre\/pasep\/\">Pasep<\/a>&nbsp;2025, referente ao ano-base 2023, ter\u00e1 novo pagamento nesta ter\u00e7a-feira (15). Desta vez, o benef\u00edcio ser\u00e1 destinado aos trabalhadores que nasceram nos meses de&nbsp;<strong>setembro e outubro<\/strong>.<\/p>\n\n\n\n<p>Os valores ficar\u00e3o dispon\u00edveis para saque at\u00e9 o encerramento do calend\u00e1rio em 29 de dezembro de 2025.<\/p>\n\n\n\n<p>No geral, t\u00eam direito ao abono pessoas que\u00a0<strong>trabalharam durante pelo menos 30 dias no ano-base<\/strong>\u00a0e\u00a0<strong>receberam at\u00e9 dois sal\u00e1rios-m\u00ednimos por m\u00eas<\/strong>.<\/p>\n\n\n\n<p>O banco de recebimento, data e os valores, inclusive de anos anteriores, est\u00e3o dispon\u00edveis para consulta no aplicativo&nbsp;<a class=\"\" href=\"https:\/\/www.gov.br\/pt-br\/temas\/carteira-de-trabalho-digital\" target=\"_blank\" rel=\"noreferrer noopener\"><strong>Carteira de Trabalho Digital&nbsp;<\/strong><\/a>e no portal&nbsp;<a class=\"\" href=\"https:\/\/www.gov.br\/pt-br\" target=\"_blank\" rel=\"noreferrer noopener\"><strong>gov.br<\/strong><\/a><strong>.&nbsp;<\/strong><em>(veja como consultar abaixo)<\/em><\/p>\n\n\n\n<p>Assim como em 2024, o calend\u00e1rio de pagamento de 2025 foi unificado: tanto os trabalhadores da iniciativa privada como os servidores p\u00fablicos v\u00e3o receber de acordo com o m\u00eas de nascimento de cada benefici\u00e1rio.<\/p>\n\n\n\n<p>Ao todo, em 2025,&nbsp;<strong>ser\u00e3o disponibilizados R$ 30,7 bilh\u00f5es para pagamento do benef\u00edcio<\/strong>&nbsp;a cerca de 25,8 milh\u00f5es de trabalhadores, segundo o Minist\u00e9rio do Trabalho.<\/p>\n\n\n\n<p>Em abril, o Minist\u00e9rio do Trabalho j\u00e1 efetuou<strong>&nbsp;<\/strong>o pagamento para os nascidos nos meses de mar\u00e7o e abril. Em maio, foi a vez dos trabalhadores que nasceram nos meses maio e junho.<\/p>\n\n\n\n<p>No m\u00eas passado,&nbsp;<a class=\"\" href=\"https:\/\/g1.globo.com\/trabalho-e-carreira\/noticia\/2025\/06\/16\/abono-salarial-pis-pasep-2025-tera-novo-pagamento-nesta-segunda-veja-quem-vai-receber.ghtml\">receberam os nascidos nos meses de julho e agosto<\/a>.&nbsp;<strong>Veja o calend\u00e1rio completo, al\u00e9m de perguntas e respostas:<\/strong><\/p>\n\n\n\n<p><\/p>\n\n\n\n<p><a href=\"https:\/\/flo.uri.sh\/visualisation\/23595664\/embed?auto=1\">https:\/\/flo.uri.sh\/visualisation\/23595664\/embed?auto=1<\/a><\/p>\n\n\n\n<p><strong>Veja perguntas e respostas:<\/strong><\/p>\n\n\n\n<ol class=\"wp-block-list\">\n<li><strong>Como consultar? (passo a passo)<\/strong><\/li>\n\n\n\n<li><strong>Quem tem direito ao abono salarial?<\/strong><\/li>\n\n\n\n<li><strong>Quem n\u00e3o tem direito ao abono salarial?<\/strong><\/li>\n\n\n\n<li><strong>Qual \u00e9 o valor?<\/strong><\/li>\n\n\n\n<li><strong>Como s\u00e3o os pagamentos?<\/strong><\/li>\n\n\n\n<li><strong>Canal de d\u00favidas<\/strong><\/li>\n<\/ol>\n\n\n\n<h2 class=\"wp-block-heading\"><strong>1. Como consultar? (passo a passo)<\/strong><\/h2>\n\n\n\n<p>Para fazer a consulta pelo&nbsp;<a class=\"\" href=\"https:\/\/www.gov.br\/pt-br\/temas\/carteira-de-trabalho-digital\" target=\"_blank\" rel=\"noreferrer noopener\">aplicativo da Carteira de Trabalho Digital<\/a>, siga o passo a passo:<\/p>\n\n\n\n<ol class=\"wp-block-list\">\n<li>Certifique-se de que o aplicativo esteja atualizado;<\/li>\n\n\n\n<li>Acesse o sistema com seu n\u00famero de CPF e a senha utilizada no portal gov.br;<\/li>\n\n\n\n<li>Toque em\u00a0<strong>&#8220;Benef\u00edcios&#8221;<\/strong>\u00a0e, em seguida, em\u00a0<strong>&#8220;Abono Salarial&#8221;<\/strong>. A tela seguinte ir\u00e1 informar se o trabalhador est\u00e1 ou n\u00e3o habilitado para receber o benef\u00edcio.<\/li>\n<\/ol>\n\n\n\n<p>Vale lembrar que trabalhadores do setor privado tamb\u00e9m podem consultar a situa\u00e7\u00e3o do benef\u00edcio e a data de pagamento nos aplicativos&nbsp;<a class=\"\" href=\"https:\/\/www.caixa.gov.br\/atendimento\/aplicativos\/caixa-trabalhador\/Paginas\/default.aspx\" target=\"_blank\" rel=\"noreferrer noopener\">Caixa Trabalhador<\/a>&nbsp;e&nbsp;<a class=\"\" href=\"https:\/\/www.caixa.gov.br\/caixatem\/Paginas\/default.aspx\" target=\"_blank\" rel=\"noreferrer noopener\">Caixa Tem<\/a>.<\/p>\n\n\n\n<h2 class=\"wp-block-heading\"><strong>2. Quem tem direito ao abono salarial?<\/strong><\/h2>\n\n\n\n<p>Os trabalhadores devem atender aos seguintes crit\u00e9rios para ter direito ao benef\u00edcio:<\/p>\n\n\n\n<ul class=\"wp-block-list\">\n<li>estar cadastrado no programa PIS\/Pasep ou no CNIS\u00a0(data do primeiro emprego) h\u00e1 pelo menos cinco anos;<\/li>\n\n\n\n<li>ter trabalhado para empregadores que contribuem para o Programa de Integra\u00e7\u00e3o Social (PIS) ou para o Programa de Forma\u00e7\u00e3o do Patrim\u00f4nio do Servidor P\u00fablico (Pasep);<\/li>\n\n\n\n<li>ter recebido at\u00e9 2 sal\u00e1rios-m\u00ednimos m\u00e9dios\u00a0(no valor em vigor no ano-base) de remunera\u00e7\u00e3o mensal no per\u00edodo trabalhado;<\/li>\n\n\n\n<li>ter exercido atividade remunerada durante pelo menos 30 dias, consecutivos ou n\u00e3o, no ano-base da apura\u00e7\u00e3o (2023);<\/li>\n\n\n\n<li>ter os dados informados pelo empregador (pessoa jur\u00eddica ou governo) corretamente na Rela\u00e7\u00e3o Anual de Informa\u00e7\u00f5es Sociais (Rais) ou no eSocial do ano-base considerado para apura\u00e7\u00e3o (2023).<\/li>\n<\/ul>\n\n\n\n<h2 class=\"wp-block-heading\"><strong>3. Quem&nbsp;<\/strong><strong>n\u00e3o<\/strong><strong>&nbsp;tem direito ao abono salarial?<\/strong><\/h2>\n\n\n\n<ul class=\"wp-block-list\">\n<li>empregado(a) dom\u00e9stico(a);<\/li>\n\n\n\n<li>trabalhadores rurais empregados por pessoa f\u00edsica;<\/li>\n\n\n\n<li>trabalhadores urbanos empregados por pessoa f\u00edsica;<\/li>\n\n\n\n<li>trabalhadores empregados por pessoa f\u00edsica equiparada a jur\u00eddica.<\/li>\n<\/ul>\n\n\n\n<p>O valor do abono salarial \u00e9<strong>&nbsp;proporcional ao tempo de servi\u00e7o do trabalhador no ano-base em quest\u00e3o<\/strong>.<\/p>\n\n\n\n<p>O c\u00e1lculo corresponde ao&nbsp;valor atual do sal\u00e1rio-m\u00ednimo&nbsp;dividido por 12 e multiplicado pela quantidade de meses trabalhados no ano-base. Assim, somente quem trabalhou os 12 meses do ano-base recebe o valor total de um sal\u00e1rio-m\u00ednimo.<\/p>\n\n\n\n<p>Com o&nbsp;<a class=\"\" href=\"https:\/\/g1.globo.com\/economia\/noticia\/2025\/01\/02\/qual-o-valor-do-salario-minimo-em-2025-veja-o-que-muda-e-quando-comeca-a-valer.ghtml\"><strong>aumento do sal\u00e1rio m\u00ednimo<\/strong><\/a>, o valor do abono salarial&nbsp;passar\u00e1 a variar de R$ 126,50 a R$ 1.518,00,&nbsp;de acordo com a quantidade de meses trabalhados.&nbsp;<strong>Veja no gr\u00e1fico abaixo:<\/strong><\/p>\n\n\n\n<h2 class=\"wp-block-heading\"><strong>5. Como s\u00e3o os pagamentos?<\/strong><\/h2>\n\n\n\n<p>O pagamento do PIS (Programa de Integra\u00e7\u00e3o Social) aos trabalhadores da iniciativa privada \u00e9 administrado pela&nbsp;<a class=\"\" href=\"https:\/\/g1.globo.com\/tudo-sobre\/caixa-economica-federal\/\">Caixa Econ\u00f4mica Federal<\/a>. S\u00e3o quatro op\u00e7\u00f5es para receber:<\/p>\n\n\n\n<ul class=\"wp-block-list\">\n<li>As pessoas que possuem conta corrente ou poupan\u00e7a na Caixa\u00a0receber\u00e3o o abono automaticamente, informou o banco.<\/li>\n\n\n\n<li>Tamb\u00e9m \u00e9 poss\u00edvel receber os valores por meio da Poupan\u00e7a Social Digital, cuja movimenta\u00e7\u00e3o \u00e9 feita pelo aplicativo Caixa Tem.<\/li>\n\n\n\n<li>Outra op\u00e7\u00e3o \u00e9 fazer o\u00a0saque com o cart\u00e3o social e senha\u00a0nos terminais de autoatendimento, unidades lot\u00e9ricas e Caixa Aqui.<\/li>\n\n\n\n<li>Se o trabalhador n\u00e3o possuir cart\u00e3o social, o pagamento tamb\u00e9m pode ser realizado em qualquer ag\u00eancia da Caixa com a apresenta\u00e7\u00e3o de um documento de identifica\u00e7\u00e3o.<\/li>\n<\/ul>\n\n\n\n<p>J\u00e1 o Pasep (Programa de Forma\u00e7\u00e3o do Patrim\u00f4nio do Servidor P\u00fablico) \u00e9 v\u00e1lido para os servidores p\u00fablicos, e os dep\u00f3sitos s\u00e3o feitos pelo&nbsp;<a class=\"\" href=\"https:\/\/g1.globo.com\/tudo-sobre\/banco-do-brasil\/\">Banco do Brasil<\/a>.<\/p>\n\n\n\n<p>Nesse caso, o pagamento ser\u00e1 realizado prioritariamente como cr\u00e9dito em conta banc\u00e1ria, transfer\u00eancia via TED, via PIX ou presencial nas ag\u00eancias de atendimento, informou o Minist\u00e9rio do Trabalho.<\/p>\n\n\n\n<h2 class=\"wp-block-heading\"><strong>6. Ainda tem d\u00favidas?<\/strong><\/h2>\n\n\n\n<p>Mais informa\u00e7\u00f5es podem ser solicitadas nos canais de atendimento do Minist\u00e9rio do Trabalho e nas unidades das Superintend\u00eancias Regionais do Trabalho,&nbsp;<strong>pelo telefone 158 ou pelo e-mail: trabalho.uf@economia.gov.br<\/strong>&nbsp;(substituindo os d\u00edgitos UF pela sigla do estado do trabalhador).<\/p>\n\n\n\n<p class=\"bs-intro\">FONTE: G1<\/p>\n\n\n\n<ul class=\"wp-block-social-links has-icon-color is-style-logos-only is-vertical is-layout-flex wp-container-core-social-links-is-layout-8cf370e7 wp-block-social-links-is-layout-flex\"><li style=\"color:#0693e3;\" class=\"wp-social-link wp-social-link-whatsapp has-vivid-cyan-blue-color wp-block-social-link\"><a href=\"https:\/\/wa.me\/\/75991238048\" class=\"wp-block-social-link-anchor\"><svg width=\"24\" height=\"24\" viewBox=\"0 0 24 24\" version=\"1.1\" xmlns=\"http:\/\/www.w3.org\/2000\/svg\" aria-hidden=\"true\" focusable=\"false\"><path d=\"M 12.011719 2 C 6.5057187 2 2.0234844 6.478375 2.0214844 11.984375 C 2.0204844 13.744375 2.4814687 15.462563 3.3554688 16.976562 L 2 22 L 7.2324219 20.763672 C 8.6914219 21.559672 10.333859 21.977516 12.005859 21.978516 L 12.009766 21.978516 C 17.514766 21.978516 21.995047 17.499141 21.998047 11.994141 C 22.000047 9.3251406 20.962172 6.8157344 19.076172 4.9277344 C 17.190172 3.0407344 14.683719 2.001 12.011719 2 z M 12.009766 4 C 14.145766 4.001 16.153109 4.8337969 17.662109 6.3417969 C 19.171109 7.8517969 20.000047 9.8581875 19.998047 11.992188 C 19.996047 16.396187 16.413812 19.978516 12.007812 19.978516 C 10.674812 19.977516 9.3544062 19.642812 8.1914062 19.007812 L 7.5175781 18.640625 L 6.7734375 18.816406 L 4.8046875 19.28125 L 5.2851562 17.496094 L 5.5019531 16.695312 L 5.0878906 15.976562 C 4.3898906 14.768562 4.0204844 13.387375 4.0214844 11.984375 C 4.0234844 7.582375 7.6067656 4 12.009766 4 z M 8.4765625 7.375 C 8.3095625 7.375 8.0395469 7.4375 7.8105469 7.6875 C 7.5815469 7.9365 6.9355469 8.5395781 6.9355469 9.7675781 C 6.9355469 10.995578 7.8300781 12.182609 7.9550781 12.349609 C 8.0790781 12.515609 9.68175 15.115234 12.21875 16.115234 C 14.32675 16.946234 14.754891 16.782234 15.212891 16.740234 C 15.670891 16.699234 16.690438 16.137687 16.898438 15.554688 C 17.106437 14.971687 17.106922 14.470187 17.044922 14.367188 C 16.982922 14.263188 16.816406 14.201172 16.566406 14.076172 C 16.317406 13.951172 15.090328 13.348625 14.861328 13.265625 C 14.632328 13.182625 14.464828 13.140625 14.298828 13.390625 C 14.132828 13.640625 13.655766 14.201187 13.509766 14.367188 C 13.363766 14.534188 13.21875 14.556641 12.96875 14.431641 C 12.71875 14.305641 11.914938 14.041406 10.960938 13.191406 C 10.218937 12.530406 9.7182656 11.714844 9.5722656 11.464844 C 9.4272656 11.215844 9.5585938 11.079078 9.6835938 10.955078 C 9.7955938 10.843078 9.9316406 10.663578 10.056641 10.517578 C 10.180641 10.371578 10.223641 10.267562 10.306641 10.101562 C 10.389641 9.9355625 10.347156 9.7890625 10.285156 9.6640625 C 10.223156 9.5390625 9.737625 8.3065 9.515625 7.8125 C 9.328625 7.3975 9.131125 7.3878594 8.953125 7.3808594 C 8.808125 7.3748594 8.6425625 7.375 8.4765625 7.375 z\"><\/path><\/svg><span class=\"wp-block-social-link-label screen-reader-text\">WhatsApp<\/span><\/a><\/li>\n\n<li style=\"color:#0693e3;\" class=\"wp-social-link wp-social-link-instagram has-vivid-cyan-blue-color wp-block-social-link\"><a href=\"https:\/\/www.instagram.com\/radiosisal97.3\/profilecard\/?igsh=MWo1azd5aXNvN2hmcQ==\" class=\"wp-block-social-link-anchor\"><svg width=\"24\" height=\"24\" viewBox=\"0 0 24 24\" version=\"1.1\" xmlns=\"http:\/\/www.w3.org\/2000\/svg\" aria-hidden=\"true\" focusable=\"false\"><path d=\"M12,4.622c2.403,0,2.688,0.009,3.637,0.052c0.877,0.04,1.354,0.187,1.671,0.31c0.42,0.163,0.72,0.358,1.035,0.673 c0.315,0.315,0.51,0.615,0.673,1.035c0.123,0.317,0.27,0.794,0.31,1.671c0.043,0.949,0.052,1.234,0.052,3.637 s-0.009,2.688-0.052,3.637c-0.04,0.877-0.187,1.354-0.31,1.671c-0.163,0.42-0.358,0.72-0.673,1.035 c-0.315,0.315-0.615,0.51-1.035,0.673c-0.317,0.123-0.794,0.27-1.671,0.31c-0.949,0.043-1.233,0.052-3.637,0.052 s-2.688-0.009-3.637-0.052c-0.877-0.04-1.354-0.187-1.671-0.31c-0.42-0.163-0.72-0.358-1.035-0.673 c-0.315-0.315-0.51-0.615-0.673-1.035c-0.123-0.317-0.27-0.794-0.31-1.671C4.631,14.688,4.622,14.403,4.622,12 s0.009-2.688,0.052-3.637c0.04-0.877,0.187-1.354,0.31-1.671c0.163-0.42,0.358-0.72,0.673-1.035 c0.315-0.315,0.615-0.51,1.035-0.673c0.317-0.123,0.794-0.27,1.671-0.31C9.312,4.631,9.597,4.622,12,4.622 M12,3 C9.556,3,9.249,3.01,8.289,3.054C7.331,3.098,6.677,3.25,6.105,3.472C5.513,3.702,5.011,4.01,4.511,4.511 c-0.5,0.5-0.808,1.002-1.038,1.594C3.25,6.677,3.098,7.331,3.054,8.289C3.01,9.249,3,9.556,3,12c0,2.444,0.01,2.751,0.054,3.711 c0.044,0.958,0.196,1.612,0.418,2.185c0.23,0.592,0.538,1.094,1.038,1.594c0.5,0.5,1.002,0.808,1.594,1.038 c0.572,0.222,1.227,0.375,2.185,0.418C9.249,20.99,9.556,21,12,21s2.751-0.01,3.711-0.054c0.958-0.044,1.612-0.196,2.185-0.418 c0.592-0.23,1.094-0.538,1.594-1.038c0.5-0.5,0.808-1.002,1.038-1.594c0.222-0.572,0.375-1.227,0.418-2.185 C20.99,14.751,21,14.444,21,12s-0.01-2.751-0.054-3.711c-0.044-0.958-0.196-1.612-0.418-2.185c-0.23-0.592-0.538-1.094-1.038-1.594 c-0.5-0.5-1.002-0.808-1.594-1.038c-0.572-0.222-1.227-0.375-2.185-0.418C14.751,3.01,14.444,3,12,3L12,3z M12,7.378 c-2.552,0-4.622,2.069-4.622,4.622S9.448,16.622,12,16.622s4.622-2.069,4.622-4.622S14.552,7.378,12,7.378z M12,15 c-1.657,0-3-1.343-3-3s1.343-3,3-3s3,1.343,3,3S13.657,15,12,15z M16.804,6.116c-0.596,0-1.08,0.484-1.08,1.08 s0.484,1.08,1.08,1.08c0.596,0,1.08-0.484,1.08-1.08S17.401,6.116,16.804,6.116z\"><\/path><\/svg><span class=\"wp-block-social-link-label screen-reader-text\">Instagram<\/span><\/a><\/li>\n\n<li style=\"color:#0693e3;\" class=\"wp-social-link wp-social-link-facebook has-vivid-cyan-blue-color wp-block-social-link\"><a href=\"https:\/\/www.facebook.com\/share\/1A7WveK9ft\/?mibextid=wwXIfr\" class=\"wp-block-social-link-anchor\"><svg width=\"24\" height=\"24\" viewBox=\"0 0 24 24\" version=\"1.1\" xmlns=\"http:\/\/www.w3.org\/2000\/svg\" aria-hidden=\"true\" focusable=\"false\"><path d=\"M12 2C6.5 2 2 6.5 2 12c0 5 3.7 9.1 8.4 9.9v-7H7.9V12h2.5V9.8c0-2.5 1.5-3.9 3.8-3.9 1.1 0 2.2.2 2.2.2v2.5h-1.3c-1.2 0-1.6.8-1.6 1.6V12h2.8l-.4 2.9h-2.3v7C18.3 21.1 22 17 22 12c0-5.5-4.5-10-10-10z\"><\/path><\/svg><span class=\"wp-block-social-link-label screen-reader-text\">Facebook<\/span><\/a><\/li><\/ul>\n","protected":false},"excerpt":{"rendered":"<p>Beneficiados nascidos entre os meses de setembro e outubro receber\u00e3o at\u00e9 um sal\u00e1rio m\u00ednimo nesta sexta fase. Valores ficar\u00e3o dispon\u00edveis at\u00e9 o dia 29 de dezembro. O abono salarial&nbsp;PIS&#8211;Pasep&nbsp;2025, referente ao ano-base 2023, ter\u00e1 novo pagamento nesta ter\u00e7a-feira (15). Desta vez, o benef\u00edcio ser\u00e1 destinado aos trabalhadores que nasceram nos meses de&nbsp;setembro e outubro. Os [&hellip;]<\/p>\n","protected":false},"author":2,"featured_media":8580,"comment_status":"open","ping_status":"open","sticky":false,"template":"","format":"standard","meta":{"footnotes":""},"categories":[1],"tags":[],"class_list":["post-8579","post","type-post","status-publish","format-standard","has-post-thumbnail","hentry","category-geral"],"jetpack_sharing_enabled":true,"jetpack_featured_media_url":"https:\/\/i0.wp.com\/radiosisal.com\/br\/wp-content\/uploads\/2025\/07\/Imagem-do-WhatsApp-de-2025-07-15-as-07.22.08_e3ed1305.jpg?fit=984%2C589&ssl=1","_links":{"self":[{"href":"https:\/\/radiosisal.com\/br\/wp-json\/wp\/v2\/posts\/8579","targetHints":{"allow":["GET"]}}],"collection":[{"href":"https:\/\/radiosisal.com\/br\/wp-json\/wp\/v2\/posts"}],"about":[{"href":"https:\/\/radiosisal.com\/br\/wp-json\/wp\/v2\/types\/post"}],"author":[{"embeddable":true,"href":"https:\/\/radiosisal.com\/br\/wp-json\/wp\/v2\/users\/2"}],"replies":[{"embeddable":true,"href":"https:\/\/radiosisal.com\/br\/wp-json\/wp\/v2\/comments?post=8579"}],"version-history":[{"count":1,"href":"https:\/\/radiosisal.com\/br\/wp-json\/wp\/v2\/posts\/8579\/revisions"}],"predecessor-version":[{"id":8581,"href":"https:\/\/radiosisal.com\/br\/wp-json\/wp\/v2\/posts\/8579\/revisions\/8581"}],"wp:featuredmedia":[{"embeddable":true,"href":"https:\/\/radiosisal.com\/br\/wp-json\/wp\/v2\/media\/8580"}],"wp:attachment":[{"href":"https:\/\/radiosisal.com\/br\/wp-json\/wp\/v2\/media?parent=8579"}],"wp:term":[{"taxonomy":"category","embeddable":true,"href":"https:\/\/radiosisal.com\/br\/wp-json\/wp\/v2\/categories?post=8579"},{"taxonomy":"post_tag","embeddable":true,"href":"https:\/\/radiosisal.com\/br\/wp-json\/wp\/v2\/tags?post=8579"}],"curies":[{"name":"wp","href":"https:\/\/api.w.org\/{rel}","templated":true}]}}