{"id":8824,"date":"2025-07-30T10:37:35","date_gmt":"2025-07-30T10:37:35","guid":{"rendered":"https:\/\/radiosisal.com\/br\/?p=8824"},"modified":"2025-07-30T10:37:38","modified_gmt":"2025-07-30T10:37:38","slug":"com-o-tarifaco-brasil-corre-risco-de-perder-us-1-bilhao-em-2025-na-venda-de-carne-bovina-aos-eua","status":"publish","type":"post","link":"https:\/\/radiosisal.com\/br\/2025\/07\/30\/com-o-tarifaco-brasil-corre-risco-de-perder-us-1-bilhao-em-2025-na-venda-de-carne-bovina-aos-eua\/","title":{"rendered":"COM O TARIFA\u00c7O, BRASIL CORRE RISCO DE PERDER US$ 1 BILH\u00c3O EM 2025 NA VENDA DE CARNE BOVINA AOS EUA"},"content":{"rendered":"\n<p><\/p>\n\n\n\n<p>A estimativa foi feita pela Associa\u00e7\u00e3o Brasileira das Ind\u00fastrias Exportadoras de Carnes (Abiec) nesta ter\u00e7a-feira (29).]<\/p>\n\n\n\n<p>O Brasil pode perder US$1 bilh\u00e3o na venda de carne bovina para os Estados Unidos, caso seja aplicado a tarifa de 50% sobre as exporta\u00e7\u00f5es brasileiras a partir da pr\u00f3xima sexta-feira (1\u00b0).<\/p>\n\n\n\n<p>A estimativa foi feita nesta ter\u00e7a (29), pela Associa\u00e7\u00e3o Brasileira das Ind\u00fastrias Exportadoras de Carnes (Abiec), que representa empresas como a JBS e a Marfrig.<\/p>\n\n\n\n<p>Os EUA s\u00e3o o segundo maior comprador da carne bovina nacional, depois da China: eles importam 12% de todo o volume que o Brasil vende para o exterior, enquanto os chineses levam praticamente metade (48%), segundo o Minist\u00e9rio da Agricultura.<\/p>\n\n\n\n<p>De acordo com Roberto Perosa, diretor da Abiec, empresas brasileiras de carne bovina esperavam vender cerca de 400 mil toneladas at\u00e9 o final do ano para os EUA, mas a imposi\u00e7\u00e3o de uma nova tarifa tornaria as vendas &#8220;invi\u00e1veis&#8221;.<\/p>\n\n\n\n<p>Ele tamb\u00e9m afirmou que nenhum mercado pode substituir imediatamente os EUA, em virtude do grande volume demandado pelos importadores e no pre\u00e7o que eles est\u00e3o em condi\u00e7\u00f5es de pagar.<\/p>\n\n\n\n<p>Os frigor\u00edficos brasileiros exportaram cerca de 181 mil toneladas de carne bovina, no valor de US$1 bilh\u00e3o, para os EUA no primeiro semestre deste ano, de acordo com dados comerciais. Isto equivale a cerca de 12% do total de exporta\u00e7\u00f5es de carne bovina do pa\u00eds.<\/p>\n\n\n<div class=\"wp-block-image\">\n<figure class=\"aligncenter is-resized\"><img decoding=\"async\" src=\"https:\/\/i0.wp.com\/s2-g1.glbimg.com\/W4-sCqSB7mjDKPawuqM-Fe1R_Ng=\/0x0:650x3797\/984x0\/smart\/filters:strip_icc()\/i.s3.glbimg.com\/v1\/AUTH_59edd422c0c84a879bd37670ae4f538a\/internal_photos\/bs\/2025\/5\/i\/66YzrBQYShFx1a1fpc0w\/250711-info-raiox-producao-v2.png?w=1170&#038;ssl=1\" alt=\"Raio X da exporta\u00e7\u00e3o \u2014 Foto: arte g1\" style=\"width:500px;height:auto\" data-recalc-dims=\"1\"\/><\/figure>\n<\/div>\n\n\n<p class=\"bs-intro\">FONTE: G1<\/p>\n\n\n\n<ul class=\"wp-block-social-links has-icon-color is-style-logos-only is-vertical is-layout-flex wp-container-core-social-links-is-layout-8cf370e7 wp-block-social-links-is-layout-flex\">\n\n<li style=\"color:#0693e3;\" class=\"wp-social-link wp-social-link-instagram has-vivid-cyan-blue-color wp-block-social-link\"><a href=\"https:\/\/www.instagram.com\/radiosisal97.3\/profilecard\/?igsh=MWo1azd5aXNvN2hmcQ==\" class=\"wp-block-social-link-anchor\"><svg width=\"24\" height=\"24\" viewBox=\"0 0 24 24\" version=\"1.1\" xmlns=\"http:\/\/www.w3.org\/2000\/svg\" aria-hidden=\"true\" focusable=\"false\"><path d=\"M12,4.622c2.403,0,2.688,0.009,3.637,0.052c0.877,0.04,1.354,0.187,1.671,0.31c0.42,0.163,0.72,0.358,1.035,0.673 c0.315,0.315,0.51,0.615,0.673,1.035c0.123,0.317,0.27,0.794,0.31,1.671c0.043,0.949,0.052,1.234,0.052,3.637 s-0.009,2.688-0.052,3.637c-0.04,0.877-0.187,1.354-0.31,1.671c-0.163,0.42-0.358,0.72-0.673,1.035 c-0.315,0.315-0.615,0.51-1.035,0.673c-0.317,0.123-0.794,0.27-1.671,0.31c-0.949,0.043-1.233,0.052-3.637,0.052 s-2.688-0.009-3.637-0.052c-0.877-0.04-1.354-0.187-1.671-0.31c-0.42-0.163-0.72-0.358-1.035-0.673 c-0.315-0.315-0.51-0.615-0.673-1.035c-0.123-0.317-0.27-0.794-0.31-1.671C4.631,14.688,4.622,14.403,4.622,12 s0.009-2.688,0.052-3.637c0.04-0.877,0.187-1.354,0.31-1.671c0.163-0.42,0.358-0.72,0.673-1.035 c0.315-0.315,0.615-0.51,1.035-0.673c0.317-0.123,0.794-0.27,1.671-0.31C9.312,4.631,9.597,4.622,12,4.622 M12,3 C9.556,3,9.249,3.01,8.289,3.054C7.331,3.098,6.677,3.25,6.105,3.472C5.513,3.702,5.011,4.01,4.511,4.511 c-0.5,0.5-0.808,1.002-1.038,1.594C3.25,6.677,3.098,7.331,3.054,8.289C3.01,9.249,3,9.556,3,12c0,2.444,0.01,2.751,0.054,3.711 c0.044,0.958,0.196,1.612,0.418,2.185c0.23,0.592,0.538,1.094,1.038,1.594c0.5,0.5,1.002,0.808,1.594,1.038 c0.572,0.222,1.227,0.375,2.185,0.418C9.249,20.99,9.556,21,12,21s2.751-0.01,3.711-0.054c0.958-0.044,1.612-0.196,2.185-0.418 c0.592-0.23,1.094-0.538,1.594-1.038c0.5-0.5,0.808-1.002,1.038-1.594c0.222-0.572,0.375-1.227,0.418-2.185 C20.99,14.751,21,14.444,21,12s-0.01-2.751-0.054-3.711c-0.044-0.958-0.196-1.612-0.418-2.185c-0.23-0.592-0.538-1.094-1.038-1.594 c-0.5-0.5-1.002-0.808-1.594-1.038c-0.572-0.222-1.227-0.375-2.185-0.418C14.751,3.01,14.444,3,12,3L12,3z M12,7.378 c-2.552,0-4.622,2.069-4.622,4.622S9.448,16.622,12,16.622s4.622-2.069,4.622-4.622S14.552,7.378,12,7.378z M12,15 c-1.657,0-3-1.343-3-3s1.343-3,3-3s3,1.343,3,3S13.657,15,12,15z M16.804,6.116c-0.596,0-1.08,0.484-1.08,1.08 s0.484,1.08,1.08,1.08c0.596,0,1.08-0.484,1.08-1.08S17.401,6.116,16.804,6.116z\"><\/path><\/svg><span class=\"wp-block-social-link-label screen-reader-text\">Instagram<\/span><\/a><\/li>\n\n<li style=\"color:#0693e3;\" class=\"wp-social-link wp-social-link-facebook has-vivid-cyan-blue-color wp-block-social-link\"><a href=\"https:\/\/www.facebook.com\/share\/1A7WveK9ft\/?mibextid=wwXIfr\" class=\"wp-block-social-link-anchor\"><svg width=\"24\" height=\"24\" viewBox=\"0 0 24 24\" version=\"1.1\" xmlns=\"http:\/\/www.w3.org\/2000\/svg\" aria-hidden=\"true\" focusable=\"false\"><path d=\"M12 2C6.5 2 2 6.5 2 12c0 5 3.7 9.1 8.4 9.9v-7H7.9V12h2.5V9.8c0-2.5 1.5-3.9 3.8-3.9 1.1 0 2.2.2 2.2.2v2.5h-1.3c-1.2 0-1.6.8-1.6 1.6V12h2.8l-.4 2.9h-2.3v7C18.3 21.1 22 17 22 12c0-5.5-4.5-10-10-10z\"><\/path><\/svg><span class=\"wp-block-social-link-label screen-reader-text\">Facebook<\/span><\/a><\/li><\/ul>\n\n\n\n<p><\/p>\n","protected":false},"excerpt":{"rendered":"<p>A estimativa foi feita pela Associa\u00e7\u00e3o Brasileira das Ind\u00fastrias Exportadoras de Carnes (Abiec) nesta ter\u00e7a-feira (29).] O Brasil pode perder US$1 bilh\u00e3o na venda de carne bovina para os Estados Unidos, caso seja aplicado a tarifa de 50% sobre as exporta\u00e7\u00f5es brasileiras a partir da pr\u00f3xima sexta-feira (1\u00b0). A estimativa foi feita nesta ter\u00e7a (29), [&hellip;]<\/p>\n","protected":false},"author":2,"featured_media":8825,"comment_status":"open","ping_status":"open","sticky":false,"template":"","format":"standard","meta":{"footnotes":""},"categories":[1],"tags":[],"class_list":["post-8824","post","type-post","status-publish","format-standard","has-post-thumbnail","hentry","category-geral"],"jetpack_sharing_enabled":true,"jetpack_featured_media_url":"https:\/\/i0.wp.com\/radiosisal.com\/br\/wp-content\/uploads\/2025\/07\/Imagem-do-WhatsApp-de-2025-07-30-as-07.35.11_ad35e87e.jpg?fit=984%2C656&ssl=1","_links":{"self":[{"href":"https:\/\/radiosisal.com\/br\/wp-json\/wp\/v2\/posts\/8824","targetHints":{"allow":["GET"]}}],"collection":[{"href":"https:\/\/radiosisal.com\/br\/wp-json\/wp\/v2\/posts"}],"about":[{"href":"https:\/\/radiosisal.com\/br\/wp-json\/wp\/v2\/types\/post"}],"author":[{"embeddable":true,"href":"https:\/\/radiosisal.com\/br\/wp-json\/wp\/v2\/users\/2"}],"replies":[{"embeddable":true,"href":"https:\/\/radiosisal.com\/br\/wp-json\/wp\/v2\/comments?post=8824"}],"version-history":[{"count":1,"href":"https:\/\/radiosisal.com\/br\/wp-json\/wp\/v2\/posts\/8824\/revisions"}],"predecessor-version":[{"id":8826,"href":"https:\/\/radiosisal.com\/br\/wp-json\/wp\/v2\/posts\/8824\/revisions\/8826"}],"wp:featuredmedia":[{"embeddable":true,"href":"https:\/\/radiosisal.com\/br\/wp-json\/wp\/v2\/media\/8825"}],"wp:attachment":[{"href":"https:\/\/radiosisal.com\/br\/wp-json\/wp\/v2\/media?parent=8824"}],"wp:term":[{"taxonomy":"category","embeddable":true,"href":"https:\/\/radiosisal.com\/br\/wp-json\/wp\/v2\/categories?post=8824"},{"taxonomy":"post_tag","embeddable":true,"href":"https:\/\/radiosisal.com\/br\/wp-json\/wp\/v2\/tags?post=8824"}],"curies":[{"name":"wp","href":"https:\/\/api.w.org\/{rel}","templated":true}]}}