{"id":9064,"date":"2025-08-13T12:09:03","date_gmt":"2025-08-13T12:09:03","guid":{"rendered":"https:\/\/radiosisal.com\/br\/?p=9064"},"modified":"2025-08-13T12:09:06","modified_gmt":"2025-08-13T12:09:06","slug":"especialistas-alertam-que-criancas-nao-podem-ser-produto-das-redes","status":"publish","type":"post","link":"https:\/\/radiosisal.com\/br\/2025\/08\/13\/especialistas-alertam-que-criancas-nao-podem-ser-produto-das-redes\/","title":{"rendered":"ESPECIALISTAS ALERTAM QUE CRIAN\u00c7AS N\u00c3O PODEM SER &#8220;PRODUTO&#8221; DAS REDES"},"content":{"rendered":"\n<p><\/p>\n\n\n\n<p>Eles defendem regula\u00e7\u00e3o das plataformas para proteger inf\u00e2ncia.<\/p>\n\n\n\n<figure class=\"wp-block-audio\"><audio controls src=\"https:\/\/radiosisal.com\/br\/wp-content\/uploads\/2025\/08\/243029.mp3\"><\/audio><\/figure>\n\n\n\n<p>O debate sobre o uso das redes sociais por crian\u00e7as e a circula\u00e7\u00e3o de conte\u00fados que exploram a imagem de menores de idade ganharam enorme repercuss\u00e3o nos \u00faltimos&nbsp;dias ap\u00f3s as den\u00fancias feitas pelo influenciador Felca Bress.&nbsp;<strong>Para especialistas entrevistados pela Ag\u00eancia Brasil, \u00e9 preciso determinar regras claras para as redes sociais e plataformas pata combater a explora\u00e7\u00e3o de crian\u00e7as e adolescentes online. &nbsp;<\/strong><img decoding=\"async\" src=\"https:\/\/i0.wp.com\/agenciabrasil.ebc.com.br\/ebc.png?w=1170&#038;ssl=1\" data-recalc-dims=\"1\"><img decoding=\"async\" src=\"https:\/\/i0.wp.com\/agenciabrasil.ebc.com.br\/ebc.gif?w=1170&#038;ssl=1\" data-recalc-dims=\"1\"><\/p>\n\n\n\n<p>O presidente Luiz In\u00e1cio Lula da Silva informou&nbsp;que vai enviar ao Congresso Nacional, nesta quarta-feira (13), uma&nbsp;<a href=\"https:\/\/agenciabrasil.ebc.com.br\/politica\/noticia\/2025-08\/lula-envia-na-quarta-ao-congresso-projeto-que-regula-redes-sociais\" target=\"_blank\" rel=\"noreferrer noopener\">proposta para regulamenta\u00e7\u00e3o das redes sociais<\/a>.<\/p>\n\n\n\n<p>Segundo especialistas,&nbsp;<strong>para gerar lucro, as redes sociais incentivam que as pessoas exponham as pr\u00f3prias vidas cada vez mais, sem se responsabilizar pelos riscos ou mesmo pelos crimes cometidos<\/strong>&nbsp;nos ambientes virtuais. \u00c9 preciso, portanto, ter leis e dispositivos que regulamentem a atua\u00e7\u00e3o das empresas de tecnologia. &nbsp;<\/p>\n\n\n\n<p>\u201cAs plataformas de redes sociais precisam ter limites do que \u00e9 poss\u00edvel explorar comercialmente. Explorar a inf\u00e2ncia adultizada, sexualizada, exposta sem nenhum tipo de cuidado, n\u00e3o \u00e9, em lugar nenhum, aceit\u00e1vel como modelo de neg\u00f3cio\u201d, defende o psic\u00f3logo e especialista em educa\u00e7\u00e3o digital no Instituto Alana, Rodrigo Nejm.<\/p>\n\n\n\n<blockquote class=\"wp-block-quote is-layout-flow wp-block-quote-is-layout-flow\">\n<p>\u201cA gente n\u00e3o pode permitir usar a crian\u00e7a como um produto comercial\u201d, acrescenta.&nbsp;<\/p>\n<\/blockquote>\n\n\n\n<p>O influenciador Felca&nbsp;tem exposto perfis com milh\u00f5es de seguidores nas redes sociais que divulgam imagens de menores de 18 anos com pouca roupa, dan\u00e7ando m\u00fasicas sensuais ou falando de sexo em programas divulgados nas plataformas digitais. O influenciador mostra tamb\u00e9m como as pr\u00f3prias plataformas, por meio de algoritmos, incentivam a divulga\u00e7\u00e3o desses conte\u00fados. &nbsp;<\/p>\n\n\n\n<p>Nejm&nbsp;ressalta que, ao impulsionar esse tipo de conte\u00fado, as plataformas fazem com que eles cheguem a mais pessoas&nbsp;e abrem&nbsp;a possibilidade para o ganho financeiro de quem os divulga. Dessa forma, a l\u00f3gica do engajamento acaba fazendo com que fam\u00edlias e as pr\u00f3prias crian\u00e7as se exponham cada vez mais&nbsp;em busca dos likes, dos coment\u00e1rios e dos compartilhamentos. &nbsp;<\/p>\n\n\n\n<blockquote class=\"wp-block-quote is-layout-flow wp-block-quote-is-layout-flow\">\n<p>\u201cH\u00e1 um convite constante para exposi\u00e7\u00e3o desse tipo de comportamento e quanto mais esdr\u00faxulo, quanto mais erotizado, quanto mais chocante \u00e9 o conte\u00fado, mais atra\u00e7\u00e3o esse tipo de conte\u00fado ganha nessas redes e, logo, mais dinheiro gera para as pessoas que exp\u00f5em e para as empresas\u201d, explica.&nbsp;<\/p>\n<\/blockquote>\n\n\n\n<h2 class=\"wp-block-heading\">Regula\u00e7\u00e3o&nbsp;<\/h2>\n\n\n\n<p>Para a coordenadora-geral de pesquisa do Netlab, laborat\u00f3rio de pesquisa da Escola de Comunica\u00e7\u00e3o da Universidade Federal do Rio de Janeiro (UFRJ), D\u00e9bora Salles, a regula\u00e7\u00e3o das plataformas \u00e9 necess\u00e1ria n\u00e3o apenas para proteger crian\u00e7as e adolescentes, mas toda a popula\u00e7\u00e3o, que est\u00e1 vulner\u00e1vel a crimes nas redes sociais.&nbsp;<\/p>\n\n\n\n<blockquote class=\"wp-block-quote is-layout-flow wp-block-quote-is-layout-flow\">\n<p>\u201cA regulamenta\u00e7\u00e3o ajuda a garantir que as plataformas v\u00e3o ser responsabilizadas e v\u00e3o agir. Elas t\u00eam capacidade t\u00e9cnica de moderar esse tipo de conte\u00fado, seja automaticamente, seja semi-automaticamente. Hoje em dia, como elas n\u00e3o s\u00e3o obrigadas, elas pouco fazem\u201d, diz.&nbsp;<\/p>\n<\/blockquote>\n\n\n\n<h2 class=\"wp-block-heading\">Projeto de lei&nbsp;<\/h2>\n\n\n\n<p>Diante da repercuss\u00e3o do assunto, o Col\u00e9gio de L\u00edderes da C\u00e2mara dos Deputados definiu, nesta ter\u00e7a-feira (12), que&nbsp;ser\u00e1 criado&nbsp;<a href=\"https:\/\/agenciabrasil.ebc.com.br\/politica\/noticia\/2025-08\/camara-apresenta-texto-sobre-adultizacao-infantil-nas-redes-em-30-dias%C2%A0\" target=\"_blank\" rel=\"noreferrer noopener\">um grupo de trabalho (GT), a partir da pr\u00f3xima semana, com o objetivo de&nbsp;elaborar um projeto de lei (PL) para combater a adultiza\u00e7\u00e3o de crian\u00e7as e adolescentes nas redes sociais<\/a>. O grupo ter\u00e1 at\u00e9 30 dias para apresentar um texto sobre o tema.<\/p>\n\n\n\n<p>Um dos textos sugeridos como base para o novo texto \u00e9 o PL 2.628 de 2022, de autoria do senador Alessandro Vieira (MDB-SE). O projeto exige que as empresas&nbsp;criem mecanismos para evitar conte\u00fados com erotiza\u00e7\u00e3o de crian\u00e7as, por exemplo.&nbsp;O texto prev\u00ea multas para as plataformas de at\u00e9 10% do faturamento da companhia em caso de descumprir o que determina a legisla\u00e7\u00e3o.&nbsp;<\/p>\n\n\n\n<p>Nejm&nbsp;destaca a aprova\u00e7\u00e3o do PL 2.628\/2022&nbsp;como um mecanismo importante para regular e responsabilizar as plataformas. Ele ressalta que nem mesmo as fam\u00edlias t\u00eam o direito de lucrar com a imagem de crian\u00e7as e adolescentes. \u201cNem as fam\u00edlias t\u00eam esse direito, porque o Estatuto da Crian\u00e7a e do Adolescente pro\u00edbe, tampouco as empresas de tecnologia t\u00eam o direito de fazer isso. Hoje j\u00e1 \u00e9 considerado uma viola\u00e7\u00e3o e a gente precisa de mais regula\u00e7\u00e3o. Por isso o PL \u00e9 importante\u201d, diz.&nbsp;<\/p>\n\n\n\n<p>Nesta ter\u00e7a-feira (12), a Sociedade Brasileira de Pediatria solicitou \u00e0 C\u00e2mara dos Deputados&nbsp;<a href=\"https:\/\/agenciabrasil.ebc.com.br\/geral\/noticia\/2025-08\/pediatras-pedem-urgencia-em-projeto-sobre-adultizacao-infantil\" target=\"_blank\" rel=\"noreferrer noopener\">urg\u00eancia na aprova\u00e7\u00e3o do PL<\/a>. O texto j\u00e1 passou pelo Senado.&nbsp;<\/p>\n\n\n<div class=\"wp-block-image\">\n<figure class=\"aligncenter\"><img decoding=\"async\" src=\"https:\/\/i0.wp.com\/imagens.ebc.com.br\/57Na3f6fmajXHwohokhaLzelCfw=\/463x0\/smart\/https:\/\/agenciabrasil.ebc.com.br\/sites\/default\/files\/thumbnails\/image\/capa1.jpg?w=1170&#038;ssl=1\" alt=\"como v\u00eddeos e coment\u00e1rios postados na internet podem influenciar os interesses e comportamentos individuais\" title=\"Arquivo\/EBC\" data-recalc-dims=\"1\"\/><\/figure>\n<\/div>\n\n\n<p><strong>Arquivo\/EBC<\/strong><\/p>\n\n\n\n<h2 class=\"wp-block-heading\">Adultiza\u00e7\u00e3o&nbsp;<\/h2>\n\n\n\n<p>De acordo com a pesquisa do Centro Regional de Estudos para o Desenvolvimento da Sociedade da Informa\u00e7\u00e3o (Cetic.br) , 93% da popula\u00e7\u00e3o brasileira de 9 a 17 anos \u00e9 usu\u00e1ria de internet, o que representa 24,5 milh\u00f5es de pessoas. A pesquisa&nbsp;<a href=\"https:\/\/cetic.br\/pt\/pesquisa\/kids-online\/\" target=\"_blank\" rel=\"noreferrer noopener\">TIC Kid Online<\/a>&nbsp;mostra ainda que 83% desses adolescentes t\u00eam perfil pr\u00f3prio nas redes sociais.<\/p>\n\n\n\n<p>Al\u00e9m disso, 30% relataram que tiveram contato com algu\u00e9m online&nbsp;que n\u00e3o conheciam pessoalmente.&nbsp;<\/p>\n\n\n\n<p>Sem modera\u00e7\u00e3o, crian\u00e7as e adolescentes t\u00eam acesso a todo tipo de conte\u00fado presente nessas plataformas&nbsp;e est\u00e3o expostas&nbsp;a abusos e explora\u00e7\u00e3o . A \u201cadultiza\u00e7\u00e3o\u201d, denunciada por Felca,&nbsp;\u00e9 a exposi\u00e7\u00e3o precoce de crian\u00e7as a comportamentos, responsabilidades e expectativas que deveriam ser reservadas aos adultos.&nbsp;<\/p>\n\n\n\n<blockquote class=\"wp-block-quote is-layout-flow wp-block-quote-is-layout-flow\">\n<p>\u201cA adultiza\u00e7\u00e3o \u00e9 um fen\u00f4meno que tem a ver com a exposi\u00e7\u00e3o das crian\u00e7as a situa\u00e7\u00f5es que de alguma forma amea\u00e7am a inf\u00e2ncia. \u00c9 muitas vezes entendida como a quest\u00e3o da erotiza\u00e7\u00e3o, da sexualiza\u00e7\u00e3o, mas n\u00e3o s\u00f3. A gente tamb\u00e9m pode listar influenciadores mirins que d\u00e3o dicas de investimento em criptomoeda, por exemplo, ou fazem algum tipo de trabalho que de alguma forma afasta esses menores de idade do que a inf\u00e2ncia deveria ser\u201d, enfatiza D\u00e9bora.&nbsp;<\/p>\n<\/blockquote>\n\n\n\n<p>Nessa l\u00f3gica&nbsp;do engajamento, crian\u00e7as t\u00eam acesso,&nbsp;desde muito cedo, a padr\u00f5es est\u00e9ticos&nbsp;e sociais&nbsp;inating\u00edveis. Passam a se comparar e a sentirem-se&nbsp;frustrados por n\u00e3o corresponderem \u00e0s&nbsp;expectativas constru\u00eddas nesses ambientes. Isso pode gerar impactos psicol\u00f3gicos e f\u00edsicos, al\u00e9m de exp\u00f4-los a criminosos.&nbsp;<\/p>\n\n\n\n<p>\u201cA forma como interpretamos o mundo vai sendo constru\u00edda desde o in\u00edcio das nossas vidas. Desenvolvemos conceitos sobre n\u00f3s mesmos, os outros e o mundo a partir da intera\u00e7\u00e3o de aspectos gen\u00e9ticos, culturais, ambientais, f\u00edsicos, familiares, de desenvolvimento e de personalidade\u201d, explica o psic\u00f3logo Tiago Giacometti.&nbsp;<\/p>\n\n\n\n<p>Na inf\u00e2ncia, enquanto deveria estar experimentando e descobrindo mais sobre sua pr\u00f3pria personalidade, crian\u00e7as e adolescentes est\u00e3o sendo submetidas a verdadeiros tribunais online. \u201cIsso pode impactar o desenvolvimento desse adulto, assim como a sua qualidade de vida e sua experi\u00eancia em ambientes sociais, muitas vezes impactando outras pessoas\u201d, acrescenta Giacometti.&nbsp;<\/p>\n\n\n\n<h2 class=\"wp-block-heading\">Redes de pedofilia&nbsp;<\/h2>\n\n\n\n<p>Outro risco da exposi\u00e7\u00e3o de crian\u00e7as e adolescentes nas redes sociais, sejam por publica\u00e7\u00f5es pr\u00f3prias ou feita por familiares, \u00e9 que essas&nbsp;imagens e v\u00eddeos sejam usados por criminosos. Al\u00e9m da regula\u00e7\u00e3o das plataformas, os especialistas recomendam que as fam\u00edlias redobrem o cuidado tanto do que \u00e9 acessado,&nbsp;quanto do que \u00e9 publicado. &nbsp;<\/p>\n\n\n\n<p>D\u00e9bora ressalta que as redes sociais n\u00e3o s\u00e3o um ambiente seguro. \u201cO que a gente v\u00ea, muitas vezes, s\u00e3o fam\u00edlias, pais, m\u00e3es que acabam produzindo conte\u00fado, \u00e0s vezes, de forma n\u00e3o intencional com essas crian\u00e7as, que de alguma s\u00e3o ressignificados por redes de pedofilia. Ent\u00e3o, se usa imagens, por exemplo, de crian\u00e7as trocando fralda, crian\u00e7as nadando, crian\u00e7as brincando e isso acaba entrando em um buraco negro de crime\u201d, diz a coordenadora-geral de pesquisa do Netlab.&nbsp;<\/p>\n\n\n\n<blockquote class=\"wp-block-quote is-layout-flow wp-block-quote-is-layout-flow\">\n<p>\u201cOs pais n\u00e3o t\u00eam no\u00e7\u00e3o de que t\u00e3o colocando os seus filhos e seus familiares em risco, porque imaginam que aquilo ali \u00e9 um ambiente seguro. Mas \u00e9 importante refor\u00e7ar que,&nbsp;hoje em dia,&nbsp;as redes sociais n\u00e3o s\u00e3o lugar seguro\u201d, diz.&nbsp;<\/p>\n<\/blockquote>\n\n\n\n<p>D\u00e9bora recomenda que crian\u00e7as e adolescentes n\u00e3o usem redes sociais ou mesmo a internet sem o monitoramento dos pais.<\/p>\n\n\n\n<p>\u201cCrian\u00e7as precisam de um olhar atento e muito pr\u00f3ximo para o que elas est\u00e3o fazendo nas redes, porque elas acabam v\u00edtimas n\u00e3o s\u00f3 de pedofilia, mas \u00e0s vezes envolvidas em redes de misoginia, de extremismo e de outros crimes. \u00c9 importante que os pais entendam que assim como uma pra\u00e7a que voc\u00ea n\u00e3o deixa uma crian\u00e7a sozinha para fazer o que ela quer, nas redes sociais tamb\u00e9m \u00e9 importante garantir que est\u00e1 de olho no que uma crian\u00e7a est\u00e1 fazendo\u201d.&nbsp;<\/p>\n\n\n\n<p><em>*Colaboraram Vitor Abdala e Flavia Grossi da TV Brasil&nbsp;<\/em><\/p>\n\n\n\n<p class=\"bs-intro\">FONTE: Ag\u00eancia Brasil<\/p>\n\n\n\n<ul class=\"wp-block-social-links has-icon-color is-style-logos-only is-vertical is-layout-flex wp-container-core-social-links-is-layout-8cf370e7 wp-block-social-links-is-layout-flex\"><li style=\"color:#0693e3;\" class=\"wp-social-link wp-social-link-whatsapp has-vivid-cyan-blue-color wp-block-social-link\"><a href=\"https:\/\/wa.me\/\/75991238048\" class=\"wp-block-social-link-anchor\"><svg width=\"24\" height=\"24\" viewBox=\"0 0 24 24\" version=\"1.1\" xmlns=\"http:\/\/www.w3.org\/2000\/svg\" aria-hidden=\"true\" focusable=\"false\"><path d=\"M 12.011719 2 C 6.5057187 2 2.0234844 6.478375 2.0214844 11.984375 C 2.0204844 13.744375 2.4814687 15.462563 3.3554688 16.976562 L 2 22 L 7.2324219 20.763672 C 8.6914219 21.559672 10.333859 21.977516 12.005859 21.978516 L 12.009766 21.978516 C 17.514766 21.978516 21.995047 17.499141 21.998047 11.994141 C 22.000047 9.3251406 20.962172 6.8157344 19.076172 4.9277344 C 17.190172 3.0407344 14.683719 2.001 12.011719 2 z M 12.009766 4 C 14.145766 4.001 16.153109 4.8337969 17.662109 6.3417969 C 19.171109 7.8517969 20.000047 9.8581875 19.998047 11.992188 C 19.996047 16.396187 16.413812 19.978516 12.007812 19.978516 C 10.674812 19.977516 9.3544062 19.642812 8.1914062 19.007812 L 7.5175781 18.640625 L 6.7734375 18.816406 L 4.8046875 19.28125 L 5.2851562 17.496094 L 5.5019531 16.695312 L 5.0878906 15.976562 C 4.3898906 14.768562 4.0204844 13.387375 4.0214844 11.984375 C 4.0234844 7.582375 7.6067656 4 12.009766 4 z M 8.4765625 7.375 C 8.3095625 7.375 8.0395469 7.4375 7.8105469 7.6875 C 7.5815469 7.9365 6.9355469 8.5395781 6.9355469 9.7675781 C 6.9355469 10.995578 7.8300781 12.182609 7.9550781 12.349609 C 8.0790781 12.515609 9.68175 15.115234 12.21875 16.115234 C 14.32675 16.946234 14.754891 16.782234 15.212891 16.740234 C 15.670891 16.699234 16.690438 16.137687 16.898438 15.554688 C 17.106437 14.971687 17.106922 14.470187 17.044922 14.367188 C 16.982922 14.263188 16.816406 14.201172 16.566406 14.076172 C 16.317406 13.951172 15.090328 13.348625 14.861328 13.265625 C 14.632328 13.182625 14.464828 13.140625 14.298828 13.390625 C 14.132828 13.640625 13.655766 14.201187 13.509766 14.367188 C 13.363766 14.534188 13.21875 14.556641 12.96875 14.431641 C 12.71875 14.305641 11.914938 14.041406 10.960938 13.191406 C 10.218937 12.530406 9.7182656 11.714844 9.5722656 11.464844 C 9.4272656 11.215844 9.5585938 11.079078 9.6835938 10.955078 C 9.7955938 10.843078 9.9316406 10.663578 10.056641 10.517578 C 10.180641 10.371578 10.223641 10.267562 10.306641 10.101562 C 10.389641 9.9355625 10.347156 9.7890625 10.285156 9.6640625 C 10.223156 9.5390625 9.737625 8.3065 9.515625 7.8125 C 9.328625 7.3975 9.131125 7.3878594 8.953125 7.3808594 C 8.808125 7.3748594 8.6425625 7.375 8.4765625 7.375 z\"><\/path><\/svg><span class=\"wp-block-social-link-label screen-reader-text\">WhatsApp<\/span><\/a><\/li>\n\n<li style=\"color:#0693e3;\" class=\"wp-social-link wp-social-link-instagram has-vivid-cyan-blue-color wp-block-social-link\"><a href=\"https:\/\/www.instagram.com\/radiosisal97.3\/profilecard\/?igsh=MWo1azd5aXNvN2hmcQ==\" class=\"wp-block-social-link-anchor\"><svg width=\"24\" height=\"24\" viewBox=\"0 0 24 24\" version=\"1.1\" xmlns=\"http:\/\/www.w3.org\/2000\/svg\" aria-hidden=\"true\" focusable=\"false\"><path d=\"M12,4.622c2.403,0,2.688,0.009,3.637,0.052c0.877,0.04,1.354,0.187,1.671,0.31c0.42,0.163,0.72,0.358,1.035,0.673 c0.315,0.315,0.51,0.615,0.673,1.035c0.123,0.317,0.27,0.794,0.31,1.671c0.043,0.949,0.052,1.234,0.052,3.637 s-0.009,2.688-0.052,3.637c-0.04,0.877-0.187,1.354-0.31,1.671c-0.163,0.42-0.358,0.72-0.673,1.035 c-0.315,0.315-0.615,0.51-1.035,0.673c-0.317,0.123-0.794,0.27-1.671,0.31c-0.949,0.043-1.233,0.052-3.637,0.052 s-2.688-0.009-3.637-0.052c-0.877-0.04-1.354-0.187-1.671-0.31c-0.42-0.163-0.72-0.358-1.035-0.673 c-0.315-0.315-0.51-0.615-0.673-1.035c-0.123-0.317-0.27-0.794-0.31-1.671C4.631,14.688,4.622,14.403,4.622,12 s0.009-2.688,0.052-3.637c0.04-0.877,0.187-1.354,0.31-1.671c0.163-0.42,0.358-0.72,0.673-1.035 c0.315-0.315,0.615-0.51,1.035-0.673c0.317-0.123,0.794-0.27,1.671-0.31C9.312,4.631,9.597,4.622,12,4.622 M12,3 C9.556,3,9.249,3.01,8.289,3.054C7.331,3.098,6.677,3.25,6.105,3.472C5.513,3.702,5.011,4.01,4.511,4.511 c-0.5,0.5-0.808,1.002-1.038,1.594C3.25,6.677,3.098,7.331,3.054,8.289C3.01,9.249,3,9.556,3,12c0,2.444,0.01,2.751,0.054,3.711 c0.044,0.958,0.196,1.612,0.418,2.185c0.23,0.592,0.538,1.094,1.038,1.594c0.5,0.5,1.002,0.808,1.594,1.038 c0.572,0.222,1.227,0.375,2.185,0.418C9.249,20.99,9.556,21,12,21s2.751-0.01,3.711-0.054c0.958-0.044,1.612-0.196,2.185-0.418 c0.592-0.23,1.094-0.538,1.594-1.038c0.5-0.5,0.808-1.002,1.038-1.594c0.222-0.572,0.375-1.227,0.418-2.185 C20.99,14.751,21,14.444,21,12s-0.01-2.751-0.054-3.711c-0.044-0.958-0.196-1.612-0.418-2.185c-0.23-0.592-0.538-1.094-1.038-1.594 c-0.5-0.5-1.002-0.808-1.594-1.038c-0.572-0.222-1.227-0.375-2.185-0.418C14.751,3.01,14.444,3,12,3L12,3z M12,7.378 c-2.552,0-4.622,2.069-4.622,4.622S9.448,16.622,12,16.622s4.622-2.069,4.622-4.622S14.552,7.378,12,7.378z M12,15 c-1.657,0-3-1.343-3-3s1.343-3,3-3s3,1.343,3,3S13.657,15,12,15z M16.804,6.116c-0.596,0-1.08,0.484-1.08,1.08 s0.484,1.08,1.08,1.08c0.596,0,1.08-0.484,1.08-1.08S17.401,6.116,16.804,6.116z\"><\/path><\/svg><span class=\"wp-block-social-link-label screen-reader-text\">Instagram<\/span><\/a><\/li>\n\n<li style=\"color:#0693e3;\" class=\"wp-social-link wp-social-link-facebook has-vivid-cyan-blue-color wp-block-social-link\"><a href=\"https:\/\/www.facebook.com\/share\/1A7WveK9ft\/?mibextid=wwXIfr\" class=\"wp-block-social-link-anchor\"><svg width=\"24\" height=\"24\" viewBox=\"0 0 24 24\" version=\"1.1\" xmlns=\"http:\/\/www.w3.org\/2000\/svg\" aria-hidden=\"true\" focusable=\"false\"><path d=\"M12 2C6.5 2 2 6.5 2 12c0 5 3.7 9.1 8.4 9.9v-7H7.9V12h2.5V9.8c0-2.5 1.5-3.9 3.8-3.9 1.1 0 2.2.2 2.2.2v2.5h-1.3c-1.2 0-1.6.8-1.6 1.6V12h2.8l-.4 2.9h-2.3v7C18.3 21.1 22 17 22 12c0-5.5-4.5-10-10-10z\"><\/path><\/svg><span class=\"wp-block-social-link-label screen-reader-text\">Facebook<\/span><\/a><\/li><\/ul>\n\n\n\n<p><\/p>\n","protected":false},"excerpt":{"rendered":"<p>Eles defendem regula\u00e7\u00e3o das plataformas para proteger inf\u00e2ncia. O debate sobre o uso das redes sociais por crian\u00e7as e a circula\u00e7\u00e3o de conte\u00fados que exploram a imagem de menores de idade ganharam enorme repercuss\u00e3o nos \u00faltimos&nbsp;dias ap\u00f3s as den\u00fancias feitas pelo influenciador Felca Bress.&nbsp;Para especialistas entrevistados pela Ag\u00eancia Brasil, \u00e9 preciso determinar regras claras para [&hellip;]<\/p>\n","protected":false},"author":2,"featured_media":9066,"comment_status":"open","ping_status":"open","sticky":false,"template":"","format":"standard","meta":{"footnotes":""},"categories":[1],"tags":[],"class_list":["post-9064","post","type-post","status-publish","format-standard","has-post-thumbnail","hentry","category-geral"],"jetpack_sharing_enabled":true,"jetpack_featured_media_url":"https:\/\/i0.wp.com\/radiosisal.com\/br\/wp-content\/uploads\/2025\/08\/mg_5832_0.webp?fit=1170%2C700&ssl=1","_links":{"self":[{"href":"https:\/\/radiosisal.com\/br\/wp-json\/wp\/v2\/posts\/9064","targetHints":{"allow":["GET"]}}],"collection":[{"href":"https:\/\/radiosisal.com\/br\/wp-json\/wp\/v2\/posts"}],"about":[{"href":"https:\/\/radiosisal.com\/br\/wp-json\/wp\/v2\/types\/post"}],"author":[{"embeddable":true,"href":"https:\/\/radiosisal.com\/br\/wp-json\/wp\/v2\/users\/2"}],"replies":[{"embeddable":true,"href":"https:\/\/radiosisal.com\/br\/wp-json\/wp\/v2\/comments?post=9064"}],"version-history":[{"count":1,"href":"https:\/\/radiosisal.com\/br\/wp-json\/wp\/v2\/posts\/9064\/revisions"}],"predecessor-version":[{"id":9067,"href":"https:\/\/radiosisal.com\/br\/wp-json\/wp\/v2\/posts\/9064\/revisions\/9067"}],"wp:featuredmedia":[{"embeddable":true,"href":"https:\/\/radiosisal.com\/br\/wp-json\/wp\/v2\/media\/9066"}],"wp:attachment":[{"href":"https:\/\/radiosisal.com\/br\/wp-json\/wp\/v2\/media?parent=9064"}],"wp:term":[{"taxonomy":"category","embeddable":true,"href":"https:\/\/radiosisal.com\/br\/wp-json\/wp\/v2\/categories?post=9064"},{"taxonomy":"post_tag","embeddable":true,"href":"https:\/\/radiosisal.com\/br\/wp-json\/wp\/v2\/tags?post=9064"}],"curies":[{"name":"wp","href":"https:\/\/api.w.org\/{rel}","templated":true}]}}