{"id":9096,"date":"2025-08-15T10:04:41","date_gmt":"2025-08-15T10:04:41","guid":{"rendered":"https:\/\/radiosisal.com\/br\/?p=9096"},"modified":"2025-08-15T10:04:43","modified_gmt":"2025-08-15T10:04:43","slug":"mais-de-27-mil-pessoas-alteraram-seus-nomes-na-ba-desde-que-lei-que-facilitou-processo-entrou-em-vigor-saiba-como-fazer-pedido","status":"publish","type":"post","link":"https:\/\/radiosisal.com\/br\/2025\/08\/15\/mais-de-27-mil-pessoas-alteraram-seus-nomes-na-ba-desde-que-lei-que-facilitou-processo-entrou-em-vigor-saiba-como-fazer-pedido\/","title":{"rendered":"MAIS DE 2,7 MIL PESSOAS ALTERARAM SEUS NOMES NA BA DESDE QUE LEI QUE FACILITOU PROCESSO ENTROU EM VIGOR; SAIBA COMO FAZER PEDIDO"},"content":{"rendered":"\n<p>Qualquer pessoa maior de 18 anos pode solicitar altera\u00e7\u00e3o diretamente no cart\u00f3rio, sem precisar apresentar justificativa ou entrar na Justi\u00e7a.<\/p>\n\n\n\n<p>Mais de 2,7 mil pessoas alteraram seus nomes na Bahia, desde julho de 2022, quando o processo passou a ser permitido sem a necessidade de apresentar justificativa ou entrar na Justi\u00e7a.<\/p>\n\n\n\n<p>A informa\u00e7\u00e3o foi divulgada pela Associa\u00e7\u00e3o Nacional dos Registradores de Pessoas Naturais (Arpen-Brasil) nesta quinta-feira (14).<\/p>\n\n\n\n<p>Segundo o \u00f3rg\u00e3o, a Bahia \u00e9 a terceira no ranking nacional, perdendo apenas para S\u00e3o Paulo (6.950) e Minas Gerais (3.308), que ocupam o primeiro e segundo lugar, respectivamente.<\/p>\n\n\n\n<p>As cidades de&nbsp;<a class=\"\" href=\"https:\/\/g1.globo.com\/ba\/bahia\/cidade\/salvador\/\">Salvador<\/a>,&nbsp;<a class=\"\" href=\"https:\/\/g1.globo.com\/ba\/feira-de-santana-regiao\/cidade\/feira-de-santana\/\">Feira de Santana<\/a>&nbsp;e&nbsp;<a class=\"\" href=\"https:\/\/g1.globo.com\/ba\/bahia\/cidade\/vitoria-da-conquista\/\">Vit\u00f3ria da Conquista<\/a>&nbsp;lideram processos do tipo no estado.<\/p>\n\n\n\n<p>A lei, no entanto, impede nomes que exponham a pessoa ao &#8220;rid\u00edculo&#8221;, como j\u00e1 foram registrados no pa\u00eds, segundo a Arpen-Brasil. Ant\u00f4nio Morrendo das Dores, Chevrolet da Silva Ford, Napole\u00e3o Sem Medo e Sem M\u00e1cula e Universo C\u00e2ndido s\u00e3o alguns deles.<\/p>\n\n\n\n<blockquote class=\"wp-block-quote is-layout-flow wp-block-quote-is-layout-flow\">\n<p>\u201cBasta comparecer ao cart\u00f3rio, apresentar RG e CPF e seguir os crit\u00e9rios da lei. \u00c9 um avan\u00e7o importante para garantir autonomia e cidadania\u201d, orienta Carlos Magno, presidente da Arpen-BA.<\/p>\n<\/blockquote>\n\n\n\n<h2 class=\"wp-block-heading\"><strong>Como mudar o nome no cart\u00f3rio:<\/strong><\/h2>\n\n\n\n<ul class=\"wp-block-list\">\n<li><strong>Quem pode:<\/strong>\u00a0pessoas com 18 anos ou mais<\/li>\n\n\n\n<li><strong>Onde:<\/strong>\u00a0qualquer Cart\u00f3rio de Registro Civil do pa\u00eds<\/li>\n\n\n\n<li><strong>Valor:<\/strong>\u00a0O valor total, envolvendo todos os Documento de Arrecada\u00e7\u00e3o Judicial e Extrajudicial (Daje) e atos necess\u00e1rios, \u00e0 altera\u00e7\u00e3o de prenome diretamente nas Serventias Extrajudiciais no estado da Bahia \u00e9 de R$ 574,70<\/li>\n\n\n\n<li><strong>O que muda:<\/strong>\u00a0o cart\u00f3rio atualiza automaticamente \u00f3rg\u00e3os como CPF, RG, passaporte e Justi\u00e7a Eleitoral<\/li>\n<\/ul>\n\n\n\n<p><strong>Para apresentar o pedido ser\u00e1 necess\u00e1rio os seguintes documentos:<\/strong><\/p>\n\n\n\n<ul class=\"wp-block-list\">\n<li>Certid\u00e3o de nascimento\/casamento atualizada<\/li>\n\n\n\n<li>Documento de Identifica\u00e7\u00e3o com foto como RG, Carteira Nacional de Habilita\u00e7\u00e3o ou Carteira de Trabalho<\/li>\n\n\n\n<li>Comprovante de resid\u00eancia<\/li>\n\n\n\n<li>Certificado de Pessoa F\u00edsica (\u2060CPF)<\/li>\n\n\n\n<li>Titulo de Eleitor<\/li>\n\n\n\n<li>Passaporte Brasileiro (se tiver)<\/li>\n\n\n\n<li>Identifica\u00e7\u00e3o Civil Nacional (se tiver)<\/li>\n\n\n\n<li>Certid\u00f5es dos distribuidores c\u00edveis e criminais\/execu\u00e7\u00e3o criminal da Justi\u00e7a Estadual e Federal do domicilio onde o requerente residiu nos \u00faltimos 5 anos<\/li>\n\n\n\n<li>Certid\u00e3o da justi\u00e7a do trabalho do local onde o requerente residiu nos \u00faltimos 5 anos<\/li>\n\n\n\n<li>Certid\u00e3o da justi\u00e7a militar (se for necess\u00e1rio)<\/li>\n\n\n\n<li>Certid\u00e3o do tabelionato de protesto do local de resid\u00eancia dos \u00faltimos 5 anos<\/li>\n<\/ul>\n\n\n\n<h2 class=\"wp-block-heading\"><strong>Mudan\u00e7a de nome de rec\u00e9m-nascidos<\/strong><\/h2>\n\n\n\n<p>A lei tamb\u00e9m permite a mudan\u00e7a de nome de rec\u00e9m-nascido em at\u00e9 15 dias ap\u00f3s o registro, no caso de n\u00e3o ter havido consenso entre os pais sobre como a crian\u00e7a vai chamar.<\/p>\n\n\n\n<p>Esta inova\u00e7\u00e3o, que tamb\u00e9m pode ser realizada diretamente em Cart\u00f3rio de Registro Civil, possibilita a corre\u00e7\u00e3o de muitos casos em que a m\u00e3e est\u00e1 impossibilitada de comparecer ao cart\u00f3rio em raz\u00e3o do parto e o pai ou declarante registra a crian\u00e7a com um nome diferente do combinado.<\/p>\n\n\n\n<p><strong>Para realizar a altera\u00e7\u00e3o do nome e do sobrenome do rec\u00e9m-nascido \u00e9 necess\u00e1rio:<\/strong><\/p>\n\n\n\n<ul class=\"wp-block-list\">\n<li>ambos os pais devem concordar<\/li>\n\n\n\n<li>apresentar certid\u00e3o de nascimento do beb\u00ea e os documentos pessoais dos pais (CPF e RG)<\/li>\n\n\n\n<li>se n\u00e3o houver acordo: caso \u00e9 encaminhado para a Justi\u00e7a<\/li>\n<\/ul>\n\n\n\n<h2 class=\"wp-block-heading\"><strong>Mudan\u00e7a de sobrenome<\/strong><\/h2>\n\n\n\n<p>Segundo a registradora civil de Santo Est\u00eav\u00e3o,&nbsp;<strong>Samara Borges<\/strong>, a altera\u00e7\u00e3o do sobrenome n\u00e3o \u00e9 t\u00e3o livre quanto a de prenome. Ela explica que n\u00e3o \u00e9 permitido escolher um sobrenome aleat\u00f3rio, pois a mudan\u00e7a s\u00f3 pode ocorrer em situa\u00e7\u00f5es espec\u00edficas previstas em lei.<\/p>\n\n\n\n<p>\u201cPor exemplo: se eu quiser incluir o sobrenome da minha av\u00f3, que n\u00e3o consta no meu nome, isso \u00e9 poss\u00edvel. Por\u00e9m, ser\u00e1 necess\u00e1rio apresentar um documento que comprove o v\u00ednculo familiar com esse sobrenome. Outro caso \u00e9 o de quem se divorciou, mas n\u00e3o retirou o sobrenome do ex-c\u00f4njuge na \u00e9poca e agora deseja voltar a usar o nome de solteiro. Essas s\u00e3o algumas hip\u00f3teses que permitem a altera\u00e7\u00e3o do sobrenome\u201d, detalhou Samara.<\/p>\n\n\n\n<p><strong>Segue as hip\u00f3teses:<\/strong><\/p>\n\n\n\n<ul class=\"wp-block-list\">\n<li>acrescentar sobrenomes familiares a qualquer tempo (comprovando v\u00ednculo);<\/li>\n\n\n\n<li>incluir ou retirar sobrenome por casamento ou div\u00f3rcio;<\/li>\n\n\n\n<li>alterar sobrenome por mudan\u00e7a no nome dos pais.<\/li>\n<\/ul>\n\n\n\n<p>Ainda segundo a registradora civil, ambos os procedimentos, tanto para o prenome quanto para o sobrenome, s\u00e3o requeridos pessoalmente em cart\u00f3rio, com base nos documentos apresentados.<\/p>\n\n\n\n<p>Caso o requerente n\u00e3o resida na mesma cidade em que possui o registro, pode apresentar o pedido no cart\u00f3rio da cidade em que mora, de onde ser\u00e1 realizada a solicita\u00e7\u00e3o para o cart\u00f3rio de origem.<\/p>\n\n\n\n<p class=\"bs-intro\">FONTE: G1 Bahia <\/p>\n\n\n\n<ul class=\"wp-block-social-links has-icon-color is-style-logos-only is-vertical is-layout-flex wp-container-core-social-links-is-layout-8cf370e7 wp-block-social-links-is-layout-flex\"><li style=\"color:#0693e3;\" class=\"wp-social-link wp-social-link-whatsapp has-vivid-cyan-blue-color wp-block-social-link\"><a href=\"https:\/\/wa.me\/\/75991238048\" class=\"wp-block-social-link-anchor\"><svg width=\"24\" height=\"24\" viewBox=\"0 0 24 24\" version=\"1.1\" xmlns=\"http:\/\/www.w3.org\/2000\/svg\" aria-hidden=\"true\" focusable=\"false\"><path d=\"M 12.011719 2 C 6.5057187 2 2.0234844 6.478375 2.0214844 11.984375 C 2.0204844 13.744375 2.4814687 15.462563 3.3554688 16.976562 L 2 22 L 7.2324219 20.763672 C 8.6914219 21.559672 10.333859 21.977516 12.005859 21.978516 L 12.009766 21.978516 C 17.514766 21.978516 21.995047 17.499141 21.998047 11.994141 C 22.000047 9.3251406 20.962172 6.8157344 19.076172 4.9277344 C 17.190172 3.0407344 14.683719 2.001 12.011719 2 z M 12.009766 4 C 14.145766 4.001 16.153109 4.8337969 17.662109 6.3417969 C 19.171109 7.8517969 20.000047 9.8581875 19.998047 11.992188 C 19.996047 16.396187 16.413812 19.978516 12.007812 19.978516 C 10.674812 19.977516 9.3544062 19.642812 8.1914062 19.007812 L 7.5175781 18.640625 L 6.7734375 18.816406 L 4.8046875 19.28125 L 5.2851562 17.496094 L 5.5019531 16.695312 L 5.0878906 15.976562 C 4.3898906 14.768562 4.0204844 13.387375 4.0214844 11.984375 C 4.0234844 7.582375 7.6067656 4 12.009766 4 z M 8.4765625 7.375 C 8.3095625 7.375 8.0395469 7.4375 7.8105469 7.6875 C 7.5815469 7.9365 6.9355469 8.5395781 6.9355469 9.7675781 C 6.9355469 10.995578 7.8300781 12.182609 7.9550781 12.349609 C 8.0790781 12.515609 9.68175 15.115234 12.21875 16.115234 C 14.32675 16.946234 14.754891 16.782234 15.212891 16.740234 C 15.670891 16.699234 16.690438 16.137687 16.898438 15.554688 C 17.106437 14.971687 17.106922 14.470187 17.044922 14.367188 C 16.982922 14.263188 16.816406 14.201172 16.566406 14.076172 C 16.317406 13.951172 15.090328 13.348625 14.861328 13.265625 C 14.632328 13.182625 14.464828 13.140625 14.298828 13.390625 C 14.132828 13.640625 13.655766 14.201187 13.509766 14.367188 C 13.363766 14.534188 13.21875 14.556641 12.96875 14.431641 C 12.71875 14.305641 11.914938 14.041406 10.960938 13.191406 C 10.218937 12.530406 9.7182656 11.714844 9.5722656 11.464844 C 9.4272656 11.215844 9.5585938 11.079078 9.6835938 10.955078 C 9.7955938 10.843078 9.9316406 10.663578 10.056641 10.517578 C 10.180641 10.371578 10.223641 10.267562 10.306641 10.101562 C 10.389641 9.9355625 10.347156 9.7890625 10.285156 9.6640625 C 10.223156 9.5390625 9.737625 8.3065 9.515625 7.8125 C 9.328625 7.3975 9.131125 7.3878594 8.953125 7.3808594 C 8.808125 7.3748594 8.6425625 7.375 8.4765625 7.375 z\"><\/path><\/svg><span class=\"wp-block-social-link-label screen-reader-text\">WhatsApp<\/span><\/a><\/li>\n\n<li style=\"color:#0693e3;\" class=\"wp-social-link wp-social-link-instagram has-vivid-cyan-blue-color wp-block-social-link\"><a href=\"https:\/\/www.instagram.com\/radiosisal97.3\/profilecard\/?igsh=MWo1azd5aXNvN2hmcQ==\" class=\"wp-block-social-link-anchor\"><svg width=\"24\" height=\"24\" viewBox=\"0 0 24 24\" version=\"1.1\" xmlns=\"http:\/\/www.w3.org\/2000\/svg\" aria-hidden=\"true\" focusable=\"false\"><path d=\"M12,4.622c2.403,0,2.688,0.009,3.637,0.052c0.877,0.04,1.354,0.187,1.671,0.31c0.42,0.163,0.72,0.358,1.035,0.673 c0.315,0.315,0.51,0.615,0.673,1.035c0.123,0.317,0.27,0.794,0.31,1.671c0.043,0.949,0.052,1.234,0.052,3.637 s-0.009,2.688-0.052,3.637c-0.04,0.877-0.187,1.354-0.31,1.671c-0.163,0.42-0.358,0.72-0.673,1.035 c-0.315,0.315-0.615,0.51-1.035,0.673c-0.317,0.123-0.794,0.27-1.671,0.31c-0.949,0.043-1.233,0.052-3.637,0.052 s-2.688-0.009-3.637-0.052c-0.877-0.04-1.354-0.187-1.671-0.31c-0.42-0.163-0.72-0.358-1.035-0.673 c-0.315-0.315-0.51-0.615-0.673-1.035c-0.123-0.317-0.27-0.794-0.31-1.671C4.631,14.688,4.622,14.403,4.622,12 s0.009-2.688,0.052-3.637c0.04-0.877,0.187-1.354,0.31-1.671c0.163-0.42,0.358-0.72,0.673-1.035 c0.315-0.315,0.615-0.51,1.035-0.673c0.317-0.123,0.794-0.27,1.671-0.31C9.312,4.631,9.597,4.622,12,4.622 M12,3 C9.556,3,9.249,3.01,8.289,3.054C7.331,3.098,6.677,3.25,6.105,3.472C5.513,3.702,5.011,4.01,4.511,4.511 c-0.5,0.5-0.808,1.002-1.038,1.594C3.25,6.677,3.098,7.331,3.054,8.289C3.01,9.249,3,9.556,3,12c0,2.444,0.01,2.751,0.054,3.711 c0.044,0.958,0.196,1.612,0.418,2.185c0.23,0.592,0.538,1.094,1.038,1.594c0.5,0.5,1.002,0.808,1.594,1.038 c0.572,0.222,1.227,0.375,2.185,0.418C9.249,20.99,9.556,21,12,21s2.751-0.01,3.711-0.054c0.958-0.044,1.612-0.196,2.185-0.418 c0.592-0.23,1.094-0.538,1.594-1.038c0.5-0.5,0.808-1.002,1.038-1.594c0.222-0.572,0.375-1.227,0.418-2.185 C20.99,14.751,21,14.444,21,12s-0.01-2.751-0.054-3.711c-0.044-0.958-0.196-1.612-0.418-2.185c-0.23-0.592-0.538-1.094-1.038-1.594 c-0.5-0.5-1.002-0.808-1.594-1.038c-0.572-0.222-1.227-0.375-2.185-0.418C14.751,3.01,14.444,3,12,3L12,3z M12,7.378 c-2.552,0-4.622,2.069-4.622,4.622S9.448,16.622,12,16.622s4.622-2.069,4.622-4.622S14.552,7.378,12,7.378z M12,15 c-1.657,0-3-1.343-3-3s1.343-3,3-3s3,1.343,3,3S13.657,15,12,15z M16.804,6.116c-0.596,0-1.08,0.484-1.08,1.08 s0.484,1.08,1.08,1.08c0.596,0,1.08-0.484,1.08-1.08S17.401,6.116,16.804,6.116z\"><\/path><\/svg><span class=\"wp-block-social-link-label screen-reader-text\">Instagram<\/span><\/a><\/li>\n\n<li style=\"color:#0693e3;\" class=\"wp-social-link wp-social-link-facebook has-vivid-cyan-blue-color wp-block-social-link\"><a href=\"https:\/\/www.facebook.com\/share\/1A7WveK9ft\/?mibextid=wwXIfr\" class=\"wp-block-social-link-anchor\"><svg width=\"24\" height=\"24\" viewBox=\"0 0 24 24\" version=\"1.1\" xmlns=\"http:\/\/www.w3.org\/2000\/svg\" aria-hidden=\"true\" focusable=\"false\"><path d=\"M12 2C6.5 2 2 6.5 2 12c0 5 3.7 9.1 8.4 9.9v-7H7.9V12h2.5V9.8c0-2.5 1.5-3.9 3.8-3.9 1.1 0 2.2.2 2.2.2v2.5h-1.3c-1.2 0-1.6.8-1.6 1.6V12h2.8l-.4 2.9h-2.3v7C18.3 21.1 22 17 22 12c0-5.5-4.5-10-10-10z\"><\/path><\/svg><span class=\"wp-block-social-link-label screen-reader-text\">Facebook<\/span><\/a><\/li><\/ul>\n","protected":false},"excerpt":{"rendered":"<p>Qualquer pessoa maior de 18 anos pode solicitar altera\u00e7\u00e3o diretamente no cart\u00f3rio, sem precisar apresentar justificativa ou entrar na Justi\u00e7a. Mais de 2,7 mil pessoas alteraram seus nomes na Bahia, desde julho de 2022, quando o processo passou a ser permitido sem a necessidade de apresentar justificativa ou entrar na Justi\u00e7a. A informa\u00e7\u00e3o foi divulgada [&hellip;]<\/p>\n","protected":false},"author":2,"featured_media":9097,"comment_status":"open","ping_status":"open","sticky":false,"template":"","format":"standard","meta":{"footnotes":""},"categories":[1],"tags":[],"class_list":["post-9096","post","type-post","status-publish","format-standard","has-post-thumbnail","hentry","category-geral"],"jetpack_sharing_enabled":true,"jetpack_featured_media_url":"https:\/\/i0.wp.com\/radiosisal.com\/br\/wp-content\/uploads\/2025\/08\/Imagem-do-WhatsApp-de-2025-08-15-as-07.02.34_180def94.jpg?fit=984%2C579&ssl=1","_links":{"self":[{"href":"https:\/\/radiosisal.com\/br\/wp-json\/wp\/v2\/posts\/9096","targetHints":{"allow":["GET"]}}],"collection":[{"href":"https:\/\/radiosisal.com\/br\/wp-json\/wp\/v2\/posts"}],"about":[{"href":"https:\/\/radiosisal.com\/br\/wp-json\/wp\/v2\/types\/post"}],"author":[{"embeddable":true,"href":"https:\/\/radiosisal.com\/br\/wp-json\/wp\/v2\/users\/2"}],"replies":[{"embeddable":true,"href":"https:\/\/radiosisal.com\/br\/wp-json\/wp\/v2\/comments?post=9096"}],"version-history":[{"count":1,"href":"https:\/\/radiosisal.com\/br\/wp-json\/wp\/v2\/posts\/9096\/revisions"}],"predecessor-version":[{"id":9098,"href":"https:\/\/radiosisal.com\/br\/wp-json\/wp\/v2\/posts\/9096\/revisions\/9098"}],"wp:featuredmedia":[{"embeddable":true,"href":"https:\/\/radiosisal.com\/br\/wp-json\/wp\/v2\/media\/9097"}],"wp:attachment":[{"href":"https:\/\/radiosisal.com\/br\/wp-json\/wp\/v2\/media?parent=9096"}],"wp:term":[{"taxonomy":"category","embeddable":true,"href":"https:\/\/radiosisal.com\/br\/wp-json\/wp\/v2\/categories?post=9096"},{"taxonomy":"post_tag","embeddable":true,"href":"https:\/\/radiosisal.com\/br\/wp-json\/wp\/v2\/tags?post=9096"}],"curies":[{"name":"wp","href":"https:\/\/api.w.org\/{rel}","templated":true}]}}