{"id":9123,"date":"2025-08-18T12:35:44","date_gmt":"2025-08-18T12:35:44","guid":{"rendered":"https:\/\/radiosisal.com\/br\/?p=9123"},"modified":"2025-08-18T12:35:47","modified_gmt":"2025-08-18T12:35:47","slug":"mortes-por-cancer-ja-superam-obitos-por-doencas-cardiacas-em-60-cidades-baianas","status":"publish","type":"post","link":"https:\/\/radiosisal.com\/br\/2025\/08\/18\/mortes-por-cancer-ja-superam-obitos-por-doencas-cardiacas-em-60-cidades-baianas\/","title":{"rendered":"MORTES POR C\u00c2NCER J\u00c1 SUPERAM \u00d3BITOS POR DOEN\u00c7AS CARD\u00cdACAS EM 60 CIDADES BAIANAS"},"content":{"rendered":"\n<p><\/p>\n\n\n\n<p>Motivos v\u00e3o desde melhores tratamentos para doen\u00e7as cardiovasculares at\u00e9 o aumento da incid\u00eancia de tumores; veja a lista das cidades.<\/p>\n\n\n\n<p>N\u00e3o \u00e9 novidade que doen\u00e7as cardiovasculares s\u00e3o as maiores causas de morte no Brasil e no mundo. Agora, contudo, o cen\u00e1rio come\u00e7a a dar mostras de mudan\u00e7a: em pelo menos 60 cidades baianas, os \u00f3bitos por c\u00e2ncer j\u00e1 ultrapassaram aqueles ocorridos em decorr\u00eancia de doen\u00e7as cardiovasculares em 2025.<\/p>\n\n\n\n<p id=\"paragrafo-tk68sbyhwj\">Entre as cidades que, de janeiro a junho deste ano, tiveram mais mortes por c\u00e2ncer est\u00e3o Santo Ant\u00f4nio de Jesus, no Rec\u00f4ncavo baiano, e Vera Cruz, na Regi\u00e3o Metropolitana de Salvador. Os n\u00fameros foram levantados pela reportagem e fazem parte do indicador de morbidade hospitalar do Datasus, de acordo com o local de resid\u00eancia.<\/p>\n\n\n\n<p id=\"paragrafo-ao6d2xibwq\">At\u00e9 o momento, o contingente de munic\u00edpios supera o total do ano passado, quando essa era a realidade para 28 deles. Seis munic\u00edpios que j\u00e1 t\u00eam mais mortes por neoplasias em 2025 tamb\u00e9m tiveram o mesmo cen\u00e1rio em 2024, o que pode indicar um quadro j\u00e1 mais consolidado: Gongogi, Ibotirama, Lu\u00eds Eduardo Magalh\u00e3es, Mata de S\u00e3o Jo\u00e3o, S\u00e3o F\u00e9lix do Coribe e Sebasti\u00e3o Laranjeiras.<\/p>\n\n\n\n<p id=\"paragrafo-fo4zguem8v\">A realidade dos munic\u00edpios ainda n\u00e3o \u00e9 a mesma quando todo o estado da Bahia \u00e9 considerado. Neste caso, entre janeiro e junho 2025, foram 2.081 mortes por c\u00e2ncer contra 3.519 \u00f3bitos por doen\u00e7as cardiovasculares. Assim, 14,3% tiveram mudan\u00e7a de perfil no primeiro semestre.<\/p>\n\n\n\n<p id=\"paragrafo-43b18pr8zy\">Esse percentual n\u00e3o \u00e9 muito distante da realidade no resto do pa\u00eds. Na verdade, essa transi\u00e7\u00e3o faz parte de uma tend\u00eancia global que j\u00e1 vinha sendo notada nas regi\u00f5es Sul e Sudeste do Brasil. Um estudo da Universidade Federal de S\u00e3o Paulo publicado no final do ano passado no peri\u00f3dico Lancet mostrou que&nbsp;o n\u00famero de munic\u00edpios com mais mortes por c\u00e2ncer do que por doen\u00e7as cardiovasculares saiu de 366 (7% dos munic\u00edpios) no ano 2000 para 727 (13%) em 2019.<\/p>\n\n\n\n<p id=\"paragrafo-4qhz912zbq\">Mesmo sendo um movimento que acontece simultaneamente em outros pa\u00edses, h\u00e1 um conjunto de motivos que ajudam a explicar esse novo cen\u00e1rio, de acordo com o m\u00e9dico oncologista Cleydson Santos, coordenador da Oncologia do Hospital Mater Dei Salvador. O primeiro desses motivos \u00e9 a melhoria no tratamento e na preven\u00e7\u00e3o de doen\u00e7as cardiovasculares.<\/p>\n\n\n\n<p id=\"paragrafo-lz7q85i8wa\">\u201cTemos melhores medicamentos para preven\u00e7\u00e3o, como hipertens\u00e3o. Esses cuidados est\u00e3o dispon\u00edveis no SUS (Sistema \u00danico de Sa\u00fade) e as pessoas t\u00eam acesso a um controle melhor de fatores de risco para doen\u00e7as cardiovasculares. O tratamento tamb\u00e9m melhorou muito, com stents, pontes de safena, tratamento do AVC com rem\u00e9dios&#8221;, pondera.<\/p>\n\n\n\n<p id=\"paragrafo-bl8u5jxwpj\"><strong>Mais casos<\/strong><\/p>\n\n\n\n<p id=\"paragrafo-9zbbogmb81\">Por outro lado, ao mesmo tempo em que as doen\u00e7as cardiovasculares t\u00eam sido mais bem cuidadas, a incid\u00eancia de c\u00e2ncer aumentou &#8211; e deve continuar crescendo. Segundo o Instituto Nacional do C\u00e2ncer (Inca), s\u00e3o esperados mais de 700 mil novas ocorr\u00eancias at\u00e9 o fim do tri\u00eanio 2023-2025, somente no Brasil.<\/p>\n\n\n\n<p id=\"paragrafo-cfkwx39c2v\">Em pessoas com menos de 50 anos, os casos de c\u00e2ncer cresceram 79,1% globalmente, entre 1990 e 2019, segundo um estudo liderado por cientistas da Zhejiang University School of Medicine, na China. As mortes nesse grupo tamb\u00e9m tiveram aumento de 27% no mesmo per\u00edodo. No ano passado, a Sociedade Americana de C\u00e2ncer tamb\u00e9m divulgou uma estimativa de que a incid\u00eancia de tumores malignos deve crescer 77% em todo o mundo at\u00e9 2050.<\/p>\n\n\n\n<p id=\"paragrafo-pq7vsm88lk\">Essa maior incid\u00eancia tamb\u00e9m tem diferentes causas associadas. Apesar dos casos nos mais jovens, a principal raz\u00e3o para a mortalidade ter aumentado ainda \u00e9 o envelhecimento da popula\u00e7\u00e3o. \u201cAs pessoas est\u00e3o vivendo mais e, quanto mais idoso a gente fica, maior o risco de as c\u00e9lulas se transformarem em c\u00e9lulas malignas&#8221;, acrescenta o oncologista Cleydson Santos.<\/p>\n\n\n\n<p id=\"paragrafo-d710q4x2b5\">Alguns novos fatores tamb\u00e9m t\u00eam sido relevantes para isso, a depender do contexto geogr\u00e1fico ou social. \u201cC\u00e2ncer de pulm\u00e3o tem muito a ver com ambientes com maior polui\u00e7\u00e3o. N\u00e3o \u00e9 s\u00f3 o tabagismo, como se pensou, h\u00e1 algum tempo\u201d, alerta a m\u00e9dica oncologista Pamela Malta, representante regional da Sociedade Brasileira de Oncologia Cl\u00ednica (Sboc) no Nordeste.<\/p>\n\n\n\n<p id=\"paragrafo-c6p3zux7xr\">H\u00e1, ainda, comportamentos que podem levar a tumores malignos, como a obesidade, o sedentarismo, o alcoolismo e uma alimenta\u00e7\u00e3o baseada em alimentos ultraprocessados.<\/p>\n\n\n\n<p id=\"paragrafo-l5803g2u11\">\u201cO c\u00e2ncer de c\u00f3lon \u00e9 muito associado \u00e0 alimenta\u00e7\u00e3o com ultraprocessados, ao consumo de carne vermelha e \u00e0 obesidade. O c\u00e2ncer de bexiga \u00e9 muito associado ao tabagismo, enquanto a obesidade est\u00e1 ligada a 13 tipos diferentes de c\u00e2ncer. Para cada tipo, a gente vai ter um perfil epidemiol\u00f3gico muito espec\u00edfico, mas h\u00e1bitos de vida, exposi\u00e7\u00f5es ambientais e v\u00edrus t\u00eam rela\u00e7\u00e3o\u201d, acrescenta Pamela.<\/p>\n\n\n\n<p id=\"paragrafo-qwl92ymave\">No estudo da Lancet, os pesquisadores observaram que a mudan\u00e7a de perfil ocorreu mais em cidades com maior renda per capita, especialmente em alguns estados das regi\u00f5es Centro-Oeste, Sudeste e Sul.<\/p>\n\n\n\n<p id=\"paragrafo-ytulpnpalm\">\u201cEssa publica\u00e7\u00e3o, no final de 2024, trazia uma poss\u00edvel justificativa, entendendo que quanto maior a renda municipal, mais avan\u00e7ada estava essa transi\u00e7\u00e3o\u201d, diz a m\u00e9dica oncologista Luciana Landeiro, da Oncocl\u00ednicas. \u201cPor outro lado, a gente n\u00e3o tem visto uma redu\u00e7\u00e3o significativa na mortalidade por c\u00e2ncer, enquanto as doen\u00e7as cardiovasculares t\u00eam tido mais controle dos riscos e tratamentos\u201d.<\/p>\n\n\n\n<p id=\"paragrafo-77b7xjguwr\"><strong>Preven\u00e7\u00e3o<\/strong><\/p>\n\n\n\n<p id=\"paragrafo-84gnyjo73d\">Ainda que tamb\u00e9m seja causado por fatores gen\u00e9ticos, o c\u00e2ncer pode ser prevenido. Neste contexto, os exames de rastreamento s\u00e3o considerados essenciais. \u201cPara o c\u00e2ncer de mama, temos a mamografia, assim como o preventivo para o rastreamento de c\u00e2ncer de colo de \u00fatero e a vacina\u00e7\u00e3o (contra o HPV). Mas n\u00e3o temos ainda preconizado no SUS a realiza\u00e7\u00e3o de colonoscopia para rastreamento, s\u00f3 para pacientes com sintomas\u201d, acrescenta Luciana Landeiro.<\/p>\n\n\n\n<p id=\"paragrafo-1yew6i7prq\">Para a mamografia anual, a idade indicada para come\u00e7ar \u00e9 de 40 anos. No caso da colonoscopia (para c\u00e2ncer de intestino), deve ser aos 45. Exames de toque retal e PSA, para detectar c\u00e2ncer de pr\u00f3stata, precisam ser feitos anualmente a partir dos 50 anos &#8211; ou aos 45 em situa\u00e7\u00f5es espec\u00edficas, como a exist\u00eancia de casos na fam\u00edlia.<\/p>\n\n\n\n<p id=\"paragrafo-vjmh7i2w2g\">Tomografias de t\u00f3rax com baixa dose de radia\u00e7\u00e3o s\u00e3o indicadas anualmente a partir dos 50 anos, se a pessoa for fumante ou tiver parado de fumar h\u00e1 menos de 15 anos. Mulheres a partir dos 25 anos e que t\u00eam rela\u00e7\u00e3o sexual devem fazer o exame papanicolau.<\/p>\n\n\n\n<p id=\"paragrafo-k7n495p4v3\">\u201cCom esses exames, j\u00e1 se consegue diagnosticar precocemente boa parte dos c\u00e2nceres. Gosto muito de refor\u00e7ar essas medidas preventivas e tamb\u00e9m a import\u00e2ncia da descentraliza\u00e7\u00e3o. A Bahia \u00e9 um estado gigante e \u00e0s vezes atendo pacientes que v\u00eam do outro lado do estado que, muitas vezes, tinham um diagn\u00f3stico de um cent\u00edmetro de tumor no ano passado, mas chegam para mim j\u00e1 com met\u00e1stase\u201d, alerta o m\u00e9dico Cleydson Santos, do Hospital Mater Dei Salvador.<\/p>\n\n\n\n<p id=\"paragrafo-88jx9a23hu\">Combater a obesidade e a redu\u00e7\u00e3o do consumo de \u00e1lcool tamb\u00e9m s\u00e3o h\u00e1bitos que podem fazer a diferen\u00e7a. \u201cO consumo de \u00e1lcool tamb\u00e9m \u00e9 um problema de sa\u00fade p\u00fablica, uma vez que \u00e9 parte da vida da maior parte da popula\u00e7\u00e3o adulta jovem e \u00e9 um fator de risco para c\u00e2ncer\u201d, completa a oncologista Luciana Landeiro, da Oncocl\u00ednicas.<\/p>\n\n\n\n<p id=\"paragrafo-gn18rztdcd\">Al\u00e9m disso, os tratamentos para alguns tipos de c\u00e2ncer tiveram grandes avan\u00e7os nos \u00faltimos anos. Ele \u00e9 o caso da imunoterapia para o melanoma e o c\u00e2ncer de o pulm\u00e3o, segundo a oncologista Pamela Malta, representante da Sboc. \u201cTemos desfechos surpreendentes, com pacientes vivendo com a doen\u00e7a avan\u00e7ada por mais de cinco anos\u201d, conta.<\/p>\n\n\n\n<p id=\"paragrafo-a3d3e816od\">Atualmente, existe a chamada terapia-alvo, que \u00e9 um tipo de oncologia de precis\u00e3o. Com esse tipo de tratamento, s\u00e3o usados medicamentos que atingem especificamente c\u00e9lulas cancerosas. Assim, h\u00e1 menos preju\u00edzos para as c\u00e9lulas saud\u00e1veis, ao contr\u00e1rio de tratamentos como a quimioterapia tradicional.<\/p>\n\n\n\n<p id=\"paragrafo-xuem563o93\">Atualmente, uma \u00e1rea da biologia chamada de epigen\u00e9tica estuda as mudan\u00e7as nas express\u00f5es g\u00eanicas e como os h\u00e1bitos podem modular os genes. \u201cCostumo dizer aos pacientes que a gente n\u00e3o consegue controlar que vai ter c\u00e2ncer, porque ele \u00e9 multifatorial. S\u00f3 5% vai ser de raz\u00e3o gen\u00e9tica, enquanto 95% s\u00e3o de outros fatores, como os h\u00e1bitos de vida. E, sobre isso, a gente tem controle. Mesmo com a tend\u00eancia \u00e0 muta\u00e7\u00e3o, nossos h\u00e1bitos de vida podem mudar isso\u201d, refor\u00e7a a m\u00e9dica.<\/p>\n\n\n\n<h2 class=\"wp-block-heading\" id=\"intertitulo-v625py54n4\">Confira as cidades que tiveram mais mortes por c\u00e2ncer do que por doen\u00e7as cardiovasculares em 2025:<\/h2>\n\n\n\n<p id=\"paragrafo-rhuufn8v6o\">Aiquara<\/p>\n\n\n\n<p id=\"paragrafo-5ej4af9954\">Aramari<\/p>\n\n\n\n<p id=\"paragrafo-8idlp2tl22\">Aratu\u00edpe<\/p>\n\n\n\n<p id=\"paragrafo-hlm1eboth4\">Boa Nova<\/p>\n\n\n\n<p id=\"paragrafo-cqi587o631\">Boa Vista do Tupim<\/p>\n\n\n\n<p id=\"paragrafo-8vla31rzjk\">Brotas de Maca\u00fabas<\/p>\n\n\n\n<p id=\"paragrafo-ni4u0xr67m\">Cafarnaum<\/p>\n\n\n\n<p id=\"paragrafo-6a9mz9tkk7\">Canavieiras<\/p>\n\n\n\n<p id=\"paragrafo-i42tegx9rf\">Canudos<\/p>\n\n\n\n<p id=\"paragrafo-k0ex53fkir\">Central<\/p>\n\n\n\n<p id=\"paragrafo-ka8pf2t0ls\">Concei\u00e7\u00e3o do Almeida<\/p>\n\n\n\n<p id=\"paragrafo-j4g287jwcm\">Coribe<\/p>\n\n\n\n<p id=\"paragrafo-6nwu7hbcag\">Firmino Alves<\/p>\n\n\n\n<p id=\"paragrafo-k8gnaplgs0\">Formosa do Rio Preto<\/p>\n\n\n\n<p id=\"paragrafo-qx8pn8ge5d\">Gl\u00f3ria<\/p>\n\n\n\n<p id=\"paragrafo-r2mt9yrjgl\">Gongogi<\/p>\n\n\n\n<p id=\"paragrafo-rytewg7jq1\">Governador Mangabeira<\/p>\n\n\n\n<p id=\"paragrafo-vlk8tap3uy\">Ibiassuc\u00ea<\/p>\n\n\n\n<p id=\"paragrafo-gj3gmze14s\">Ibicoara<\/p>\n\n\n\n<p id=\"paragrafo-bs885vo0wa\">Ibitiara<\/p>\n\n\n\n<p id=\"paragrafo-0jtl04t0ij\">Ibotirama<\/p>\n\n\n\n<p id=\"paragrafo-udyc4yn10y\">Ipecaet\u00e1<\/p>\n\n\n\n<p id=\"paragrafo-50l77ji3gv\">Itamb\u00e9<\/p>\n\n\n\n<p id=\"paragrafo-a3t8kzb11f\">Itanagra<\/p>\n\n\n\n<p id=\"paragrafo-6d0j4j9s7a\">Jita\u00fana<\/p>\n\n\n\n<p id=\"paragrafo-a3144ln7yo\">Jo\u00e3o Dourado<\/p>\n\n\n\n<p id=\"paragrafo-whgsa4s4aw\">Jucuru\u00e7u<\/p>\n\n\n\n<p id=\"paragrafo-eyv97cfyb1\">Lu\u00eds Eduardo Magalh\u00e3es<\/p>\n\n\n\n<p id=\"paragrafo-u0gfr7rvbj\">Marcion\u00edlio Souza<\/p>\n\n\n\n<p id=\"paragrafo-qx11k55k1g\">Mata de S\u00e3o Jo\u00e3o<\/p>\n\n\n\n<p id=\"paragrafo-43wzsinw9p\">Morpar\u00e1<\/p>\n\n\n\n<p id=\"paragrafo-jhtuchmz4d\">Morro do Chap\u00e9u<\/p>\n\n\n\n<p id=\"paragrafo-da266q6vu3\">Mortugaba<\/p>\n\n\n\n<p id=\"paragrafo-u4wbymfw27\">Muniz Ferreira<\/p>\n\n\n\n<p id=\"paragrafo-lzxo082t3l\">Muqu\u00e9m de S\u00e3o Francisco<\/p>\n\n\n\n<p id=\"paragrafo-3op5rkken9\">Muritiba<\/p>\n\n\n\n<p id=\"paragrafo-ws5pj1d070\">Nova F\u00e1tima<\/p>\n\n\n\n<p id=\"paragrafo-vybqkv0303\">Ourol\u00e2ndia<\/p>\n\n\n\n<p id=\"paragrafo-3a6zqnevg3\">Pil\u00e3o Arcado<\/p>\n\n\n\n<p id=\"paragrafo-4sxz6r7etc\">Pojuca<\/p>\n\n\n\n<p id=\"paragrafo-p5v21er53a\">Retirol\u00e2ndia<\/p>\n\n\n\n<p id=\"paragrafo-hikncejpzv\">Riach\u00e3o das Neves<\/p>\n\n\n\n<p id=\"paragrafo-oaqk9rqpoa\">Ribeir\u00e3o do Largo<\/p>\n\n\n\n<p id=\"paragrafo-01plgy6bcf\">Rio Real<\/p>\n\n\n\n<p id=\"paragrafo-57fwy1vkyn\">Rodelas<\/p>\n\n\n\n<p id=\"paragrafo-l8nfiec99m\">Salinas da Margarida<\/p>\n\n\n\n<p id=\"paragrafo-soqzdjltpp\">Santa Cruz da Vit\u00f3ria<\/p>\n\n\n\n<p id=\"paragrafo-ewb9tfi47m\">Santa Maria da Vit\u00f3ria<\/p>\n\n\n\n<p id=\"paragrafo-6pshhfz9tc\">Santan\u00f3polis<\/p>\n\n\n\n<p id=\"paragrafo-zmjl2wukvc\">Santo Ant\u00f4nio de Jesus<\/p>\n\n\n\n<p id=\"paragrafo-wn2ugpx4b7\">S\u00e3o Domingos<\/p>\n\n\n\n<p id=\"paragrafo-3y9ecvru8v\">S\u00e3o F\u00e9lix do Coribe<\/p>\n\n\n\n<p id=\"paragrafo-9hkvrg0uv2\">Saubara<\/p>\n\n\n\n<p id=\"paragrafo-ghrdoh94sl\">Sebasti\u00e3o Laranjeiras<\/p>\n\n\n\n<p id=\"paragrafo-65uklppw30\">Serra Dourada<\/p>\n\n\n\n<p id=\"paragrafo-70adsjtqaj\">Serra Preta<\/p>\n\n\n\n<p id=\"paragrafo-erhd91mqyx\">Sim\u00f5es Filho<\/p>\n\n\n\n<p id=\"paragrafo-6ppbs8zema\">Tanha\u00e7u<\/p>\n\n\n\n<p id=\"paragrafo-5g5eculsmj\">Tapero\u00e1<\/p>\n\n\n\n<p id=\"paragrafo-bsvkew23qs\">Vera Cruz<\/p>\n\n\n\n<p class=\"bs-intro\">FONTE: correio24horas<\/p>\n\n\n\n<ul class=\"wp-block-social-links has-icon-color is-style-logos-only is-vertical is-layout-flex wp-container-core-social-links-is-layout-8cf370e7 wp-block-social-links-is-layout-flex\"><li style=\"color:#0693e3;\" class=\"wp-social-link wp-social-link-whatsapp has-vivid-cyan-blue-color wp-block-social-link\"><a href=\"https:\/\/wa.me\/\/75991238048\" class=\"wp-block-social-link-anchor\"><svg width=\"24\" height=\"24\" viewBox=\"0 0 24 24\" version=\"1.1\" xmlns=\"http:\/\/www.w3.org\/2000\/svg\" aria-hidden=\"true\" focusable=\"false\"><path d=\"M 12.011719 2 C 6.5057187 2 2.0234844 6.478375 2.0214844 11.984375 C 2.0204844 13.744375 2.4814687 15.462563 3.3554688 16.976562 L 2 22 L 7.2324219 20.763672 C 8.6914219 21.559672 10.333859 21.977516 12.005859 21.978516 L 12.009766 21.978516 C 17.514766 21.978516 21.995047 17.499141 21.998047 11.994141 C 22.000047 9.3251406 20.962172 6.8157344 19.076172 4.9277344 C 17.190172 3.0407344 14.683719 2.001 12.011719 2 z M 12.009766 4 C 14.145766 4.001 16.153109 4.8337969 17.662109 6.3417969 C 19.171109 7.8517969 20.000047 9.8581875 19.998047 11.992188 C 19.996047 16.396187 16.413812 19.978516 12.007812 19.978516 C 10.674812 19.977516 9.3544062 19.642812 8.1914062 19.007812 L 7.5175781 18.640625 L 6.7734375 18.816406 L 4.8046875 19.28125 L 5.2851562 17.496094 L 5.5019531 16.695312 L 5.0878906 15.976562 C 4.3898906 14.768562 4.0204844 13.387375 4.0214844 11.984375 C 4.0234844 7.582375 7.6067656 4 12.009766 4 z M 8.4765625 7.375 C 8.3095625 7.375 8.0395469 7.4375 7.8105469 7.6875 C 7.5815469 7.9365 6.9355469 8.5395781 6.9355469 9.7675781 C 6.9355469 10.995578 7.8300781 12.182609 7.9550781 12.349609 C 8.0790781 12.515609 9.68175 15.115234 12.21875 16.115234 C 14.32675 16.946234 14.754891 16.782234 15.212891 16.740234 C 15.670891 16.699234 16.690438 16.137687 16.898438 15.554688 C 17.106437 14.971687 17.106922 14.470187 17.044922 14.367188 C 16.982922 14.263188 16.816406 14.201172 16.566406 14.076172 C 16.317406 13.951172 15.090328 13.348625 14.861328 13.265625 C 14.632328 13.182625 14.464828 13.140625 14.298828 13.390625 C 14.132828 13.640625 13.655766 14.201187 13.509766 14.367188 C 13.363766 14.534188 13.21875 14.556641 12.96875 14.431641 C 12.71875 14.305641 11.914938 14.041406 10.960938 13.191406 C 10.218937 12.530406 9.7182656 11.714844 9.5722656 11.464844 C 9.4272656 11.215844 9.5585938 11.079078 9.6835938 10.955078 C 9.7955938 10.843078 9.9316406 10.663578 10.056641 10.517578 C 10.180641 10.371578 10.223641 10.267562 10.306641 10.101562 C 10.389641 9.9355625 10.347156 9.7890625 10.285156 9.6640625 C 10.223156 9.5390625 9.737625 8.3065 9.515625 7.8125 C 9.328625 7.3975 9.131125 7.3878594 8.953125 7.3808594 C 8.808125 7.3748594 8.6425625 7.375 8.4765625 7.375 z\"><\/path><\/svg><span class=\"wp-block-social-link-label screen-reader-text\">WhatsApp<\/span><\/a><\/li>\n\n<li style=\"color:#0693e3;\" class=\"wp-social-link wp-social-link-instagram has-vivid-cyan-blue-color wp-block-social-link\"><a href=\"https:\/\/www.instagram.com\/radiosisal97.3\/profilecard\/?igsh=MWo1azd5aXNvN2hmcQ==\" class=\"wp-block-social-link-anchor\"><svg width=\"24\" height=\"24\" viewBox=\"0 0 24 24\" version=\"1.1\" xmlns=\"http:\/\/www.w3.org\/2000\/svg\" aria-hidden=\"true\" focusable=\"false\"><path d=\"M12,4.622c2.403,0,2.688,0.009,3.637,0.052c0.877,0.04,1.354,0.187,1.671,0.31c0.42,0.163,0.72,0.358,1.035,0.673 c0.315,0.315,0.51,0.615,0.673,1.035c0.123,0.317,0.27,0.794,0.31,1.671c0.043,0.949,0.052,1.234,0.052,3.637 s-0.009,2.688-0.052,3.637c-0.04,0.877-0.187,1.354-0.31,1.671c-0.163,0.42-0.358,0.72-0.673,1.035 c-0.315,0.315-0.615,0.51-1.035,0.673c-0.317,0.123-0.794,0.27-1.671,0.31c-0.949,0.043-1.233,0.052-3.637,0.052 s-2.688-0.009-3.637-0.052c-0.877-0.04-1.354-0.187-1.671-0.31c-0.42-0.163-0.72-0.358-1.035-0.673 c-0.315-0.315-0.51-0.615-0.673-1.035c-0.123-0.317-0.27-0.794-0.31-1.671C4.631,14.688,4.622,14.403,4.622,12 s0.009-2.688,0.052-3.637c0.04-0.877,0.187-1.354,0.31-1.671c0.163-0.42,0.358-0.72,0.673-1.035 c0.315-0.315,0.615-0.51,1.035-0.673c0.317-0.123,0.794-0.27,1.671-0.31C9.312,4.631,9.597,4.622,12,4.622 M12,3 C9.556,3,9.249,3.01,8.289,3.054C7.331,3.098,6.677,3.25,6.105,3.472C5.513,3.702,5.011,4.01,4.511,4.511 c-0.5,0.5-0.808,1.002-1.038,1.594C3.25,6.677,3.098,7.331,3.054,8.289C3.01,9.249,3,9.556,3,12c0,2.444,0.01,2.751,0.054,3.711 c0.044,0.958,0.196,1.612,0.418,2.185c0.23,0.592,0.538,1.094,1.038,1.594c0.5,0.5,1.002,0.808,1.594,1.038 c0.572,0.222,1.227,0.375,2.185,0.418C9.249,20.99,9.556,21,12,21s2.751-0.01,3.711-0.054c0.958-0.044,1.612-0.196,2.185-0.418 c0.592-0.23,1.094-0.538,1.594-1.038c0.5-0.5,0.808-1.002,1.038-1.594c0.222-0.572,0.375-1.227,0.418-2.185 C20.99,14.751,21,14.444,21,12s-0.01-2.751-0.054-3.711c-0.044-0.958-0.196-1.612-0.418-2.185c-0.23-0.592-0.538-1.094-1.038-1.594 c-0.5-0.5-1.002-0.808-1.594-1.038c-0.572-0.222-1.227-0.375-2.185-0.418C14.751,3.01,14.444,3,12,3L12,3z M12,7.378 c-2.552,0-4.622,2.069-4.622,4.622S9.448,16.622,12,16.622s4.622-2.069,4.622-4.622S14.552,7.378,12,7.378z M12,15 c-1.657,0-3-1.343-3-3s1.343-3,3-3s3,1.343,3,3S13.657,15,12,15z M16.804,6.116c-0.596,0-1.08,0.484-1.08,1.08 s0.484,1.08,1.08,1.08c0.596,0,1.08-0.484,1.08-1.08S17.401,6.116,16.804,6.116z\"><\/path><\/svg><span class=\"wp-block-social-link-label screen-reader-text\">Instagram<\/span><\/a><\/li>\n\n<li style=\"color:#0693e3;\" class=\"wp-social-link wp-social-link-facebook has-vivid-cyan-blue-color wp-block-social-link\"><a href=\"https:\/\/www.facebook.com\/share\/1A7WveK9ft\/?mibextid=wwXIfr\" class=\"wp-block-social-link-anchor\"><svg width=\"24\" height=\"24\" viewBox=\"0 0 24 24\" version=\"1.1\" xmlns=\"http:\/\/www.w3.org\/2000\/svg\" aria-hidden=\"true\" focusable=\"false\"><path d=\"M12 2C6.5 2 2 6.5 2 12c0 5 3.7 9.1 8.4 9.9v-7H7.9V12h2.5V9.8c0-2.5 1.5-3.9 3.8-3.9 1.1 0 2.2.2 2.2.2v2.5h-1.3c-1.2 0-1.6.8-1.6 1.6V12h2.8l-.4 2.9h-2.3v7C18.3 21.1 22 17 22 12c0-5.5-4.5-10-10-10z\"><\/path><\/svg><span class=\"wp-block-social-link-label screen-reader-text\">Facebook<\/span><\/a><\/li><\/ul>\n\n\n\n<p><\/p>\n","protected":false},"excerpt":{"rendered":"<p>Motivos v\u00e3o desde melhores tratamentos para doen\u00e7as cardiovasculares at\u00e9 o aumento da incid\u00eancia de tumores; veja a lista das cidades. N\u00e3o \u00e9 novidade que doen\u00e7as cardiovasculares s\u00e3o as maiores causas de morte no Brasil e no mundo. Agora, contudo, o cen\u00e1rio come\u00e7a a dar mostras de mudan\u00e7a: em pelo menos 60 cidades baianas, os \u00f3bitos [&hellip;]<\/p>\n","protected":false},"author":2,"featured_media":9124,"comment_status":"open","ping_status":"open","sticky":false,"template":"","format":"standard","meta":{"footnotes":""},"categories":[1],"tags":[],"class_list":["post-9123","post","type-post","status-publish","format-standard","has-post-thumbnail","hentry","category-geral"],"jetpack_sharing_enabled":true,"jetpack_featured_media_url":"https:\/\/i0.wp.com\/radiosisal.com\/br\/wp-content\/uploads\/2025\/08\/mortes-por-cancer-ja-superam-obitos-por-doencas-cardiovasculares-em-60-cidades-baianas-2867653-article.webp?fit=1200%2C885&ssl=1","_links":{"self":[{"href":"https:\/\/radiosisal.com\/br\/wp-json\/wp\/v2\/posts\/9123","targetHints":{"allow":["GET"]}}],"collection":[{"href":"https:\/\/radiosisal.com\/br\/wp-json\/wp\/v2\/posts"}],"about":[{"href":"https:\/\/radiosisal.com\/br\/wp-json\/wp\/v2\/types\/post"}],"author":[{"embeddable":true,"href":"https:\/\/radiosisal.com\/br\/wp-json\/wp\/v2\/users\/2"}],"replies":[{"embeddable":true,"href":"https:\/\/radiosisal.com\/br\/wp-json\/wp\/v2\/comments?post=9123"}],"version-history":[{"count":1,"href":"https:\/\/radiosisal.com\/br\/wp-json\/wp\/v2\/posts\/9123\/revisions"}],"predecessor-version":[{"id":9125,"href":"https:\/\/radiosisal.com\/br\/wp-json\/wp\/v2\/posts\/9123\/revisions\/9125"}],"wp:featuredmedia":[{"embeddable":true,"href":"https:\/\/radiosisal.com\/br\/wp-json\/wp\/v2\/media\/9124"}],"wp:attachment":[{"href":"https:\/\/radiosisal.com\/br\/wp-json\/wp\/v2\/media?parent=9123"}],"wp:term":[{"taxonomy":"category","embeddable":true,"href":"https:\/\/radiosisal.com\/br\/wp-json\/wp\/v2\/categories?post=9123"},{"taxonomy":"post_tag","embeddable":true,"href":"https:\/\/radiosisal.com\/br\/wp-json\/wp\/v2\/tags?post=9123"}],"curies":[{"name":"wp","href":"https:\/\/api.w.org\/{rel}","templated":true}]}}