{"id":9141,"date":"2025-08-19T10:16:31","date_gmt":"2025-08-19T10:16:31","guid":{"rendered":"https:\/\/radiosisal.com\/br\/?p=9141"},"modified":"2025-08-19T10:16:33","modified_gmt":"2025-08-19T10:16:33","slug":"cidades-do-interior-da-bahia-iniciam-vacinacao-antirrabica-em-caes-e-gatos-confira-enderecos-de-postos","status":"publish","type":"post","link":"https:\/\/radiosisal.com\/br\/2025\/08\/19\/cidades-do-interior-da-bahia-iniciam-vacinacao-antirrabica-em-caes-e-gatos-confira-enderecos-de-postos\/","title":{"rendered":"CIDADES DO INTERIOR DA BAHIA INICIAM VACINA\u00c7\u00c3O ANTIRR\u00c1BICA EM C\u00c3ES E GATOS; CONFIRA ENDERE\u00c7OS DE POSTOS"},"content":{"rendered":"\n<p><\/p>\n\n\n\n<p>Doses gratuitas s\u00e3o oferecidas em unidades de sa\u00fade, na sede e na zona rural dos munic\u00edpios.<\/p>\n\n\n\n<p>Cidades do interior da Bahia iniciaram a campanha de vacina\u00e7\u00e3o contra raiva para c\u00e3es e gatos a partir desta segunda-feira (18). As doses s\u00e3o gratuitas e s\u00e3o oferecidas em unidades de sa\u00fade, na sede e na zona rural dos munic\u00edpios.<\/p>\n\n\n\n<p>Devem ser vacinados animais saud\u00e1veis a partir dos tr\u00eas meses. A orienta\u00e7\u00e3o \u00e9 que os tutores levem os pets com seguran\u00e7a: os gatos devem ser transportados em caixas apropriadas e c\u00e3es precisam estar com coleiras ou correntes.<\/p>\n\n\n\n<p>O&nbsp;<a class=\"\" href=\"https:\/\/g1.globo.com\/ba\/bahia\/\"><strong>g1<\/strong><\/a>&nbsp;apurou que a vacina\u00e7\u00e3o j\u00e1 foi ampliada em cidades como:&nbsp;<a class=\"\" href=\"https:\/\/g1.globo.com\/ba\/feira-de-santana-regiao\/cidade\/conceicao-do-jacuipe\/\">Concei\u00e7\u00e3o do Jacu\u00edpe<\/a>,&nbsp;<a class=\"\" href=\"https:\/\/g1.globo.com\/ba\/feira-de-santana-regiao\/cidade\/ipira-ba\/\">Ipir\u00e1<\/a>,&nbsp;<a class=\"\" href=\"https:\/\/g1.globo.com\/ba\/feira-de-santana-regiao\/cidade\/itaberaba\/\">Itaberaba<\/a>,&nbsp;<a class=\"\" href=\"https:\/\/g1.globo.com\/ba\/feira-de-santana-regiao\/cidade\/feira-de-santana\/\">Feira de Santana<\/a>,&nbsp;<a class=\"\" href=\"https:\/\/g1.globo.com\/ba\/feira-de-santana-regiao\/cidade\/sao-goncalo-dos-campos\/\">S\u00e3o Gon\u00e7alo dos Campos<\/a>,&nbsp;<a class=\"\" href=\"https:\/\/g1.globo.com\/ba\/feira-de-santana-regiao\/cidade\/santo-antonio-de-jesus\/\">Santo Ant\u00f4nio de Jesus<\/a>&nbsp;e&nbsp;<a class=\"\" href=\"https:\/\/g1.globo.com\/ba\/feira-de-santana-regiao\/cidade\/serrinha-ba\/\">Serrinha<\/a>&nbsp;.<\/p>\n\n\n\n<p><strong>Confira abaixo os locais onde a vacina\u00e7\u00e3o estar\u00e1 dispon\u00edvel a partir desta segunda-feira (18):<\/strong><\/p>\n\n\n\n<h2 class=\"wp-block-heading\"><strong>\ud83d\udccdConcei\u00e7\u00e3o do Jacu\u00edpe<\/strong><\/h2>\n\n\n\n<p>A vacina\u00e7\u00e3o em Concei\u00e7\u00e3o do Jacu\u00edpe come\u00e7ou nesta segunda-feira (18). As doses ser\u00e3o aplicadas nas Unidades de Sa\u00fade da Fam\u00edlia (USFs) e em pontos na sede e zona rural.&nbsp;<strong>Veja os locais e hor\u00e1rios:<\/strong><\/p>\n\n\n\n<p><strong>Comunidade Bessa\/ Poronga<\/strong><\/p>\n\n\n\n<ul class=\"wp-block-list\">\n<li>De 18 a 20 de agosto: Unidade de Sa\u00fade do Bessa;<\/li>\n\n\n\n<li>21 de agosto: Bar de Rita.<\/li>\n<\/ul>\n\n\n\n<p><strong>Comunidade Camundongo<\/strong><\/p>\n\n\n\n<ul class=\"wp-block-list\">\n<li>18 a 22 de agosto: resid\u00eancias.<\/li>\n<\/ul>\n\n\n\n<p><strong>Comunidade Vila\/ Oitizeiro\/J\u00e3o Paulo\/ Posto S\u00e3o Luiz (Rio Seco)<\/strong><\/p>\n\n\n\n<ul class=\"wp-block-list\">\n<li>21 e 22 de agosto: Unidade de Sa\u00fade do Jo\u00e3o Paulo.<\/li>\n<\/ul>\n\n\n\n<p><strong>Comunidade Nova Bras\u00edlia Hildete<\/strong><\/p>\n\n\n\n<ul class=\"wp-block-list\">\n<li>18 a 20 de agosto: Bar de D\u00e3o ;<\/li>\n\n\n\n<li>22 de agosto: Antigo Samba Hall.<\/li>\n<\/ul>\n\n\n\n<p><strong>Comunidade Baldez<\/strong><\/p>\n\n\n\n<ul class=\"wp-block-list\">\n<li>18 a 22 de agosto: Unidade de Sa\u00fade.<\/li>\n<\/ul>\n\n\n\n<p><strong>Comunidade Parque Ouro Verde\/ Volta\/ Urbis<\/strong><\/p>\n\n\n\n<ul class=\"wp-block-list\">\n<li>18 a 22 de agosto: Unidade de Sa\u00fade.<\/li>\n<\/ul>\n\n\n\n<p><strong>Comunidade Guedes e Tribo<\/strong><\/p>\n\n\n\n<ul class=\"wp-block-list\">\n<li>18 a 20 de agosto: Unidade de Sa\u00fade da Fam\u00edlia de Tribo;<\/li>\n\n\n\n<li>21 de agosto: Resid\u00eancias.<\/li>\n<\/ul>\n\n\n\n<p><strong>Comunidade Centro<\/strong><\/p>\n\n\n\n<ul class=\"wp-block-list\">\n<li>18 a 21 de agosto: Unidade de Sa\u00fade;<\/li>\n\n\n\n<li>22 de agosto: Academia Millennium.<\/li>\n<\/ul>\n\n\n\n<p><strong>Comunidade Ilicuritiba<\/strong><\/p>\n\n\n\n<ul class=\"wp-block-list\">\n<li>18 a 21 de agosto: Unidade de Sa\u00fade;<\/li>\n\n\n\n<li>22 de agosto: Quadra Velha.<\/li>\n<\/ul>\n\n\n\n<p><strong>Comunidade do Zero<\/strong><\/p>\n\n\n\n<ul class=\"wp-block-list\">\n<li>18 a 22 de agosto: resid\u00eancias.<\/li>\n<\/ul>\n\n\n\n<p><strong>Comunidade de Picado\/ Tabuleiro\/ Cedro\/ Corea\/ Caj\u00e1<\/strong><\/p>\n\n\n\n<ul class=\"wp-block-list\">\n<li>18 a 22 de agosto: Unidade de Sa\u00fade.<\/li>\n<\/ul>\n\n\n\n<p><strong>Comunidade Bom Sucesso\/ Deir\u00f3\/ Amparo<\/strong><\/p>\n\n\n\n<ul class=\"wp-block-list\">\n<li>18 a 20 de agosto: Unidade de Sa\u00fade;<\/li>\n\n\n\n<li>21 de agosto a 30 de setembro. Resid\u00eancias.<\/li>\n<\/ul>\n\n\n\n<h2 class=\"wp-block-heading\"><strong>\ud83d\udccdIpir\u00e1<\/strong><\/h2>\n\n\n\n<p>A vacina\u00e7\u00e3o contra a raiva entre c\u00e3es e gatos tamb\u00e9m teve in\u00edcio nesta segunda em Ipir\u00e1. As doses ser\u00e3o aplicadas nas Unidades B\u00e1sicas de Sa\u00fade na sede e zona rural.&nbsp;<strong>Confira o cronograma:<\/strong><\/p>\n\n\n\n<p><strong>Segunda-feira (18\/08)<\/strong><\/p>\n\n\n\n<ul class=\"wp-block-list\">\n<li>UBS Urbano: ONG Bairro Sol Nascente;<\/li>\n\n\n\n<li>USF Bonfim: Ro\u00e7a do Cajueiro, Petrolina;<\/li>\n\n\n\n<li>USF Malhador: Fazenda Tabuleiro, Amargosos, Seu Nilo, Jossias e Alto Bonito;<\/li>\n\n\n\n<li>USF Nova Bras\u00edlia: Viera, Pindobal, Casa de Pan\u00e7a.<\/li>\n<\/ul>\n\n\n\n<p><strong>Ter\u00e7a-feira (19\/08)<\/strong><\/p>\n\n\n\n<ul class=\"wp-block-list\">\n<li>USF S\u00e3o Roque: Caldeir\u00e3o da Levada, Estrela, Cachoeirinha e Vila Thomaz;<\/li>\n\n\n\n<li>UBS Urbano: Pra\u00e7a Ademildo Sampaio \u2014 8h \u00e0s 12h;<\/li>\n\n\n\n<li>Vida Nova: Povoado Vida Nova, Fazenda Tanque da Pedra, Fazenda Lagoa Comprida, Fazenda Rompe Gib\u00e3o e fazendas vizinhas.<\/li>\n<\/ul>\n\n\n\n<p><strong>Quinta-feira (21\/08)<\/strong><\/p>\n\n\n\n<ul class=\"wp-block-list\">\n<li>USF Bonfim: Fazenda Pedregulho, Bonjardim, Manoel Dias;<\/li>\n\n\n\n<li>USF Caixa d\u2019\u00c1gua: HU, O\u00e1sis;<\/li>\n\n\n\n<li>UBS Urbano: Sol Nascente, Agnaldo Lima;<\/li>\n\n\n\n<li>USF S\u00e3o Roque: Boi Manso.<\/li>\n<\/ul>\n\n\n\n<p><strong>Sexta-feira (22\/08)<\/strong><\/p>\n\n\n\n<ul class=\"wp-block-list\">\n<li>USF Nova Bras\u00edlia: Casa de Manoel de Henrique, Casa de Erm\u00ednio, Casa de Anita, Mercadinho do Cochilo, Casa de Bute, Casa de Roque, Lago das Pedras e Casa de Ant\u00f4nio de Roque;<\/li>\n\n\n\n<li>USF Vida Nova: Fazenda Lagoa, Fazenda Santo Ant\u00f4nio, Fazenda Queimada Nova, Fazenda Lagoa Seca, Fazenda Riacho do Porco e fazendas vizinhas;<\/li>\n\n\n\n<li>USF Bonfim: Queimada do Geraldo, Bara\u00fanas;<\/li>\n\n\n\n<li>Unidades de Sa\u00fade da Sededas (8h \u00e0s 12h): UBS, Jaguar\u00e3o e Porte II.<\/li>\n<\/ul>\n\n\n\n<h2 class=\"wp-block-heading\">\ud83d\udccdItaberaba<\/h2>\n\n\n\n<p>A imuniza\u00e7\u00e3o tamb\u00e9m est\u00e1 liberada para c\u00e3es e gatos no munic\u00edpio de Itaberaba. A vacina pode ser encontrada nas Unidades B\u00e1sicas de Sa\u00fade (UBS) e nas comunidades do munic\u00edpio.&nbsp;<strong>Confira o cronograma na cidade:<\/strong><\/p>\n\n\n\n<p><strong>Segunda-feira (18\/08)<\/strong><\/p>\n\n\n\n<ul class=\"wp-block-list\">\n<li>Comunidades: Vasante, Guaribas e Barro Duro<\/li>\n<\/ul>\n\n\n\n<p><strong>Ter\u00e7a-feira (19\/08)<\/strong><\/p>\n\n\n\n<ul class=\"wp-block-list\">\n<li>Comunidades: Lagoa Comprida, Vila Nova II, Lagoa Nova II, Pombas e Lagoa do Jacu\u00ed<\/li>\n<\/ul>\n\n\n\n<p><strong>Quarta-feira (20\/08)<\/strong><\/p>\n\n\n\n<ul class=\"wp-block-list\">\n<li>Comunidades: Alagoas, Itai\u00adba e Testa Branca<\/li>\n<\/ul>\n\n\n\n<p><strong>Quinta-feira (21\/08)<\/strong><\/p>\n\n\n\n<ul class=\"wp-block-list\">\n<li>Comunidades: Volta do Rio, Bom Viver, Travess\u00e3o e Bentinho<\/li>\n<\/ul>\n\n\n\n<p><strong>Segunda-feira (25\/08)<\/strong><\/p>\n\n\n\n<ul class=\"wp-block-list\">\n<li>Comunidades: Formosa, Barracamentos, Morrinhos, Riacho do Uru\u00e7u, Serra Verde I, Lago do Curral<\/li>\n<\/ul>\n\n\n\n<p><strong>Ter\u00e7a-feira (26\/08)<\/strong><\/p>\n\n\n\n<ul class=\"wp-block-list\">\n<li>Comunidades: Lagoa de Pedra, KM 08, Amaralina, Campo de Avi\u00e3o, Parque de Exposi\u00e7\u00e3o<\/li>\n<\/ul>\n\n\n\n<p><strong>Quarta-feira (27\/08)<\/strong><\/p>\n\n\n\n<ul class=\"wp-block-list\">\n<li>Comunidades: Ro\u00e7a Velha, Lago da Pedra, Cas\u00e1s, Boiqueir\u00e3o e Lagoa dos Patos<\/li>\n<\/ul>\n\n\n\n<h2 class=\"wp-block-heading\"><strong>\ud83d\udccdFeira de Santana<\/strong><\/h2>\n\n\n\n<p>A Secretaria Municipal de Sa\u00fade de Feira de Santana (SMS) iniciou a campanha de vacina\u00e7\u00e3o contra a raiva em c\u00e3es e gatos na \u00faltima semana. As doses&nbsp;<strong>est\u00e3o sendo aplicadas na Unidade de Controle de Zoonoses, localizada na Avenida Eduardo Fr\u00f3es da Mota, no bairro Pedra do Descanso, como no Distrito de Humildes, das 8h \u00e0s 15h.<\/strong><\/p>\n\n\n\n<p>Al\u00e9m disso, no pr\u00f3ximo s\u00e1bado (23), a Secretaria Municipal de Sa\u00fade promover\u00e1 uma a\u00e7\u00e3o de vacina\u00e7\u00e3o em bairros da cidade.&nbsp;<strong>Confira os locais de vacina\u00e7\u00e3o:<\/strong><\/p>\n\n\n\n<ul class=\"wp-block-list\">\n<li>Bara\u00fanas \u2013 Unidade de Sa\u00fade I;<\/li>\n\n\n\n<li>Calumbi \u2013 Unidade de Sa\u00fade Expans\u00e3o Feira IX \u2013 I e II;<\/li>\n\n\n\n<li>Morada Tropical \u2013 Unidade de Sa\u00fade;<\/li>\n\n\n\n<li>Tanque da Na\u00e7\u00e3o \u2013 Associa\u00e7\u00e3o do Feira IV;<\/li>\n\n\n\n<li>Jardim Cruzeiro: Unidade B\u00e1sica de Sa\u00fade;<\/li>\n\n\n\n<li>Barroquinha \u2013 Unidade de Sa\u00fade;<\/li>\n\n\n\n<li>Rua Nova \u2013 Pra\u00e7a do Amorun (Rua Osvaldo Requi\u00e3o) e Pra\u00e7a Dona Pomba;<\/li>\n\n\n\n<li>Sobradinho \u2013 Unidade de Sa\u00fade I e II;<\/li>\n\n\n\n<li>Tanque da Na\u00e7\u00e3o \u2013 Unidade de Sa\u00fade.<\/li>\n<\/ul>\n\n\n\n<h2 class=\"wp-block-heading\"><strong>\ud83d\udccdS\u00e3o Gon\u00e7alo dos Campos<\/strong><\/h2>\n\n\n\n<p>Em S\u00e3o Gon\u00e7alo dos Campos, a vacina\u00e7\u00e3o acontecer\u00e1 at\u00e9 o dia 30 de setembro. Em algumas localidades da cidade, as doses ser\u00e3o aplicadas nas resid\u00eancias ou em pontos das comunidades.&nbsp;<strong>A vacina\u00e7\u00e3o est\u00e1 acontecendo conforme orienta\u00e7\u00e3o dos agentes de sa\u00fade do munic\u00edpio.<\/strong><\/p>\n\n\n\n<h2 class=\"wp-block-heading\"><strong>\ud83d\udccdSanto Ant\u00f4nio de Jesus<\/strong><\/h2>\n\n\n\n<p>Na cidade de Santo Ant\u00f4nio de Jesus, a vacina\u00e7\u00e3o \u00e9 realizada nas unidades de sa\u00fade para animais a partir dos tr\u00eas meses.&nbsp;<strong>Confira o cronograma por unidade:<\/strong><\/p>\n\n\n\n<ul class=\"wp-block-list\">\n<li>USF Bela Vista &#8211; 18, 19, 20, 21 e 22 de agosto; 25, 26, 27, 28 e 29 de agosto.<\/li>\n\n\n\n<li>Viriato Lobo &#8211; 18, 19, 20, 21 e 22 de agosto;<\/li>\n\n\n\n<li>Zilda Arns &#8211; 18, 19, 20, 21 e 22 de agosto;<\/li>\n\n\n\n<li>Urbis II &#8211; 18, 19, 20, 21 e 22 de agosto;<\/li>\n\n\n\n<li>Fernando Queiroz I e II &#8211; 18, 19, 20, 21 e 22 de agosto; 25, 26, 27, 28 e 29 de agosto.<\/li>\n\n\n\n<li>Irm\u00e3 Dulce &#8211; 18, 19, 20, 21 e 22 de agosto;<\/li>\n\n\n\n<li>Cidade Nova II &#8211; 18, 19, 20, 21 e 22 de agosto;<\/li>\n\n\n\n<li>Alto Santo Ant\u00f4nio &#8211; 18, 19, 20, 21 e 22 de agosto; 25, 26, 27, 28 e 29 de agosto;<\/li>\n\n\n\n<li>Centrosaj &#8211; 18, 19, 20, 21 e 22 de agosto; 25, 26, 27, 28 e 29 de agosto; 1, 2, 3, 4 e 5 de setembro; 8, 9, 10, 11 e 12 de setembro.<\/li>\n\n\n\n<li>Marita Am\u00e2ncio &#8211; 25, 26, 27, 28 e 29 de agosto; 1, 2, 3, 4 e 5 de setembro.<\/li>\n\n\n\n<li>Urbis III &#8211; 25, 26, 27, 28 e 29 de agosto; 01, 02, 03, 04 e 05 de setembro; 08, 09, 10, 11 e 12 de setembro.<\/li>\n\n\n\n<li>S\u00e3o Paulo I e II &#8211; 25, 26, 27, 28 e 29 de agosto; 01, 02, 03, 04 e 05 de setembro.<\/li>\n\n\n\n<li>S\u00e3o Francisco &#8211; 25, 26, 27, 28 e 29 de agosto; 01, 02, 03, 04 e 05 de setembro.<\/li>\n\n\n\n<li>R\u00e1dio Clube &#8211; 25, 26, 27, 28 e 29 de agosto; 01, 02, 03, 04 e 05 de setembro.<\/li>\n\n\n\n<li>Calabar &#8211; 01, 02, 03, 04 e 05 de setembro; 08, 09, 10, 11 e 12 de setembro; 15, 16 e 19 de setembro.<\/li>\n\n\n\n<li>Alto Sobradinho &#8211; 1\u00ba a 5 de setembro; 8 a 12 de setembro.<\/li>\n\n\n\n<li>Santa Madalena &#8211; 8 a 12 de setembro;<\/li>\n\n\n\n<li>Amparo &#8211; 8 a 12 de setembro;<\/li>\n\n\n\n<li>Sales &#8211; 15 a 19 de setembro; 22 a 26 de setembro;<\/li>\n\n\n\n<li>Anda\u00ed\u00e1 I e II &#8211; 15 a 19 de setembro; 22 a 26 de setembro; 29 e 30 de setembro;<\/li>\n\n\n\n<li>Alto do Morro &#8211; 18, 19, 20, 21 e 22 de agosto; 25, 26, 27, 28 e 29 de agosto.<\/li>\n\n\n\n<li>Boavista &#8211; 18, 19, 20, 21 e 22 de agosto; 25, 26, 27, 28 e 29 de agosto; 1, 2, 3, 4 e 5 de setembro.<\/li>\n\n\n\n<li>Casaca de Ferro &#8211; 18, 19, 20, 21 e 22 de agosto;<\/li>\n\n\n\n<li>Coc\u00e3o &#8211; 18, 19, 20, 21 e 22 de agosto; 25, 26, 27, 28 e 29 de agosto.<\/li>\n\n\n\n<li>Cunha &#8211; 25, 26, 27, 28 e 29 de agosto;<\/li>\n\n\n\n<li>Esperan\u00e7a &#8211; 18, 19, 20, 21 e 22 de agosto; 25, 26, 27, 28 e 29 de agosto; 1, 2, 3, 4 e 5 de setembro; 8, 9, 10, 11 e 12 de setembro.<\/li>\n<\/ul>\n\n\n\n<h2 class=\"wp-block-heading\"><strong>\ud83d\udccdSerrinha<\/strong><\/h2>\n\n\n\n<p>No munic\u00edpio de Serrinha, a 70 km de Feira de Santana, a campanha contra a raiva entre c\u00e3es e gatos ter\u00e1 in\u00edcio nesta ter\u00e7a-feira (19). A vacina\u00e7\u00e3o ser\u00e1 oferecida em pra\u00e7as e resid\u00eancias da cidade.&nbsp;<strong>Confira os locais:<\/strong><\/p>\n\n\n\n<p><strong>Ter\u00e7a-feira (19\/08):<\/strong><\/p>\n\n\n\n<ul class=\"wp-block-list\">\n<li>8h30 \u00e0s 11h30 &#8211; Cajueiro &#8211; Sucupira 2 \u2013 em frente \u00e0 casa de Toinho, Associa\u00e7\u00e3o da Sucupira;<\/li>\n\n\n\n<li>14h30 \u00e0s 16h30 &#8211; Cajueiro &#8211; Maroto: Capela do Maroto; Santana: Casa de Reis.<\/li>\n<\/ul>\n\n\n\n<p><strong>Quarta-feira (20\/08):<\/strong><\/p>\n\n\n\n<ul class=\"wp-block-list\">\n<li>8h30 \u00e0s 11h30 &#8211; Cajueiro &#8211; Serra Grande: Casa de Maroca, Bar de Roberio, Casa de Elona, Casa de Z\u00e9 de Baum; Jurema: Bar de Nenego;<\/li>\n\n\n\n<li>14h30 \u00e0s 16h30 &#8211; Cajueiro &#8211; Barro: Associa\u00e7\u00e3o de Moradores, Espa\u00e7o M\u00e1rio Silva e Ang\u00e9lica Drinks.<\/li>\n<\/ul>\n\n\n\n<p><strong>Quinta-feira (21\/08):<\/strong><\/p>\n\n\n\n<ul class=\"wp-block-list\">\n<li>8h30 \u00e0s 11h30 &#8211; Cajueiro &#8211; Cajueiro: esquina Ricardo Drinks, esquina casa de Romilda e Casa de Farinha;<\/li>\n\n\n\n<li>14h30 \u00e0s 16h30 &#8211; Cajueiro &#8211; Cajueiro: Pra\u00e7a de Mizinhos e Associa\u00e7\u00e3o de Moradores.<\/li>\n<\/ul>\n\n\n\n<p><strong>Sexta-feira (22\/08):<\/strong><\/p>\n\n\n\n<ul class=\"wp-block-list\">\n<li>8h30 \u00e0s 11h30 &#8211; Cajueiro &#8211; Cantinho: Posto de Sa\u00fade;<\/li>\n\n\n\n<li>14h30 \u00e0s 16h30- Cajueiro- Brejo: Igreja e casa de Neto na curva.<\/li>\n<\/ul>\n\n\n\n<p><strong>Segunda-feira (25\/08):<\/strong><\/p>\n\n\n\n<ul class=\"wp-block-list\">\n<li>8h30 \u00e0s 11h30 &#8211; Cajueiro &#8211; Contendas: Escola Ger\u00f4nimo Luciano e Campo de Futebol de Alberto.<\/li>\n<\/ul>\n\n\n\n<p class=\"bs-intro\">FONTE: Bahia Not\u00edcias<\/p>\n\n\n\n<ul class=\"wp-block-social-links has-icon-color is-style-logos-only is-vertical is-layout-flex wp-container-core-social-links-is-layout-8cf370e7 wp-block-social-links-is-layout-flex\"><li style=\"color:#0693e3;\" class=\"wp-social-link wp-social-link-whatsapp has-vivid-cyan-blue-color wp-block-social-link\"><a href=\"https:\/\/wa.me\/\/75991238048\" class=\"wp-block-social-link-anchor\"><svg width=\"24\" height=\"24\" viewBox=\"0 0 24 24\" version=\"1.1\" xmlns=\"http:\/\/www.w3.org\/2000\/svg\" aria-hidden=\"true\" focusable=\"false\"><path d=\"M 12.011719 2 C 6.5057187 2 2.0234844 6.478375 2.0214844 11.984375 C 2.0204844 13.744375 2.4814687 15.462563 3.3554688 16.976562 L 2 22 L 7.2324219 20.763672 C 8.6914219 21.559672 10.333859 21.977516 12.005859 21.978516 L 12.009766 21.978516 C 17.514766 21.978516 21.995047 17.499141 21.998047 11.994141 C 22.000047 9.3251406 20.962172 6.8157344 19.076172 4.9277344 C 17.190172 3.0407344 14.683719 2.001 12.011719 2 z M 12.009766 4 C 14.145766 4.001 16.153109 4.8337969 17.662109 6.3417969 C 19.171109 7.8517969 20.000047 9.8581875 19.998047 11.992188 C 19.996047 16.396187 16.413812 19.978516 12.007812 19.978516 C 10.674812 19.977516 9.3544062 19.642812 8.1914062 19.007812 L 7.5175781 18.640625 L 6.7734375 18.816406 L 4.8046875 19.28125 L 5.2851562 17.496094 L 5.5019531 16.695312 L 5.0878906 15.976562 C 4.3898906 14.768562 4.0204844 13.387375 4.0214844 11.984375 C 4.0234844 7.582375 7.6067656 4 12.009766 4 z M 8.4765625 7.375 C 8.3095625 7.375 8.0395469 7.4375 7.8105469 7.6875 C 7.5815469 7.9365 6.9355469 8.5395781 6.9355469 9.7675781 C 6.9355469 10.995578 7.8300781 12.182609 7.9550781 12.349609 C 8.0790781 12.515609 9.68175 15.115234 12.21875 16.115234 C 14.32675 16.946234 14.754891 16.782234 15.212891 16.740234 C 15.670891 16.699234 16.690438 16.137687 16.898438 15.554688 C 17.106437 14.971687 17.106922 14.470187 17.044922 14.367188 C 16.982922 14.263188 16.816406 14.201172 16.566406 14.076172 C 16.317406 13.951172 15.090328 13.348625 14.861328 13.265625 C 14.632328 13.182625 14.464828 13.140625 14.298828 13.390625 C 14.132828 13.640625 13.655766 14.201187 13.509766 14.367188 C 13.363766 14.534188 13.21875 14.556641 12.96875 14.431641 C 12.71875 14.305641 11.914938 14.041406 10.960938 13.191406 C 10.218937 12.530406 9.7182656 11.714844 9.5722656 11.464844 C 9.4272656 11.215844 9.5585938 11.079078 9.6835938 10.955078 C 9.7955938 10.843078 9.9316406 10.663578 10.056641 10.517578 C 10.180641 10.371578 10.223641 10.267562 10.306641 10.101562 C 10.389641 9.9355625 10.347156 9.7890625 10.285156 9.6640625 C 10.223156 9.5390625 9.737625 8.3065 9.515625 7.8125 C 9.328625 7.3975 9.131125 7.3878594 8.953125 7.3808594 C 8.808125 7.3748594 8.6425625 7.375 8.4765625 7.375 z\"><\/path><\/svg><span class=\"wp-block-social-link-label screen-reader-text\">WhatsApp<\/span><\/a><\/li>\n\n<li style=\"color:#0693e3;\" class=\"wp-social-link wp-social-link-instagram has-vivid-cyan-blue-color wp-block-social-link\"><a href=\"https:\/\/www.instagram.com\/radiosisal97.3\/profilecard\/?igsh=MWo1azd5aXNvN2hmcQ==\" class=\"wp-block-social-link-anchor\"><svg width=\"24\" height=\"24\" viewBox=\"0 0 24 24\" version=\"1.1\" xmlns=\"http:\/\/www.w3.org\/2000\/svg\" aria-hidden=\"true\" focusable=\"false\"><path d=\"M12,4.622c2.403,0,2.688,0.009,3.637,0.052c0.877,0.04,1.354,0.187,1.671,0.31c0.42,0.163,0.72,0.358,1.035,0.673 c0.315,0.315,0.51,0.615,0.673,1.035c0.123,0.317,0.27,0.794,0.31,1.671c0.043,0.949,0.052,1.234,0.052,3.637 s-0.009,2.688-0.052,3.637c-0.04,0.877-0.187,1.354-0.31,1.671c-0.163,0.42-0.358,0.72-0.673,1.035 c-0.315,0.315-0.615,0.51-1.035,0.673c-0.317,0.123-0.794,0.27-1.671,0.31c-0.949,0.043-1.233,0.052-3.637,0.052 s-2.688-0.009-3.637-0.052c-0.877-0.04-1.354-0.187-1.671-0.31c-0.42-0.163-0.72-0.358-1.035-0.673 c-0.315-0.315-0.51-0.615-0.673-1.035c-0.123-0.317-0.27-0.794-0.31-1.671C4.631,14.688,4.622,14.403,4.622,12 s0.009-2.688,0.052-3.637c0.04-0.877,0.187-1.354,0.31-1.671c0.163-0.42,0.358-0.72,0.673-1.035 c0.315-0.315,0.615-0.51,1.035-0.673c0.317-0.123,0.794-0.27,1.671-0.31C9.312,4.631,9.597,4.622,12,4.622 M12,3 C9.556,3,9.249,3.01,8.289,3.054C7.331,3.098,6.677,3.25,6.105,3.472C5.513,3.702,5.011,4.01,4.511,4.511 c-0.5,0.5-0.808,1.002-1.038,1.594C3.25,6.677,3.098,7.331,3.054,8.289C3.01,9.249,3,9.556,3,12c0,2.444,0.01,2.751,0.054,3.711 c0.044,0.958,0.196,1.612,0.418,2.185c0.23,0.592,0.538,1.094,1.038,1.594c0.5,0.5,1.002,0.808,1.594,1.038 c0.572,0.222,1.227,0.375,2.185,0.418C9.249,20.99,9.556,21,12,21s2.751-0.01,3.711-0.054c0.958-0.044,1.612-0.196,2.185-0.418 c0.592-0.23,1.094-0.538,1.594-1.038c0.5-0.5,0.808-1.002,1.038-1.594c0.222-0.572,0.375-1.227,0.418-2.185 C20.99,14.751,21,14.444,21,12s-0.01-2.751-0.054-3.711c-0.044-0.958-0.196-1.612-0.418-2.185c-0.23-0.592-0.538-1.094-1.038-1.594 c-0.5-0.5-1.002-0.808-1.594-1.038c-0.572-0.222-1.227-0.375-2.185-0.418C14.751,3.01,14.444,3,12,3L12,3z M12,7.378 c-2.552,0-4.622,2.069-4.622,4.622S9.448,16.622,12,16.622s4.622-2.069,4.622-4.622S14.552,7.378,12,7.378z M12,15 c-1.657,0-3-1.343-3-3s1.343-3,3-3s3,1.343,3,3S13.657,15,12,15z M16.804,6.116c-0.596,0-1.08,0.484-1.08,1.08 s0.484,1.08,1.08,1.08c0.596,0,1.08-0.484,1.08-1.08S17.401,6.116,16.804,6.116z\"><\/path><\/svg><span class=\"wp-block-social-link-label screen-reader-text\">Instagram<\/span><\/a><\/li>\n\n<li style=\"color:#0693e3;\" class=\"wp-social-link wp-social-link-facebook has-vivid-cyan-blue-color wp-block-social-link\"><a href=\"https:\/\/www.facebook.com\/share\/1A7WveK9ft\/?mibextid=wwXIfr\" class=\"wp-block-social-link-anchor\"><svg width=\"24\" height=\"24\" viewBox=\"0 0 24 24\" version=\"1.1\" xmlns=\"http:\/\/www.w3.org\/2000\/svg\" aria-hidden=\"true\" focusable=\"false\"><path d=\"M12 2C6.5 2 2 6.5 2 12c0 5 3.7 9.1 8.4 9.9v-7H7.9V12h2.5V9.8c0-2.5 1.5-3.9 3.8-3.9 1.1 0 2.2.2 2.2.2v2.5h-1.3c-1.2 0-1.6.8-1.6 1.6V12h2.8l-.4 2.9h-2.3v7C18.3 21.1 22 17 22 12c0-5.5-4.5-10-10-10z\"><\/path><\/svg><span class=\"wp-block-social-link-label screen-reader-text\">Facebook<\/span><\/a><\/li><\/ul>\n\n\n\n<p><\/p>\n","protected":false},"excerpt":{"rendered":"<p>Doses gratuitas s\u00e3o oferecidas em unidades de sa\u00fade, na sede e na zona rural dos munic\u00edpios. Cidades do interior da Bahia iniciaram a campanha de vacina\u00e7\u00e3o contra raiva para c\u00e3es e gatos a partir desta segunda-feira (18). As doses s\u00e3o gratuitas e s\u00e3o oferecidas em unidades de sa\u00fade, na sede e na zona rural dos [&hellip;]<\/p>\n","protected":false},"author":2,"featured_media":9142,"comment_status":"open","ping_status":"open","sticky":false,"template":"","format":"standard","meta":{"footnotes":""},"categories":[1],"tags":[],"class_list":["post-9141","post","type-post","status-publish","format-standard","has-post-thumbnail","hentry","category-geral"],"jetpack_sharing_enabled":true,"jetpack_featured_media_url":"https:\/\/i0.wp.com\/radiosisal.com\/br\/wp-content\/uploads\/2025\/08\/Imagem-do-WhatsApp-de-2025-08-19-as-07.10.36_8c5640eb.jpg?fit=984%2C616&ssl=1","_links":{"self":[{"href":"https:\/\/radiosisal.com\/br\/wp-json\/wp\/v2\/posts\/9141","targetHints":{"allow":["GET"]}}],"collection":[{"href":"https:\/\/radiosisal.com\/br\/wp-json\/wp\/v2\/posts"}],"about":[{"href":"https:\/\/radiosisal.com\/br\/wp-json\/wp\/v2\/types\/post"}],"author":[{"embeddable":true,"href":"https:\/\/radiosisal.com\/br\/wp-json\/wp\/v2\/users\/2"}],"replies":[{"embeddable":true,"href":"https:\/\/radiosisal.com\/br\/wp-json\/wp\/v2\/comments?post=9141"}],"version-history":[{"count":1,"href":"https:\/\/radiosisal.com\/br\/wp-json\/wp\/v2\/posts\/9141\/revisions"}],"predecessor-version":[{"id":9143,"href":"https:\/\/radiosisal.com\/br\/wp-json\/wp\/v2\/posts\/9141\/revisions\/9143"}],"wp:featuredmedia":[{"embeddable":true,"href":"https:\/\/radiosisal.com\/br\/wp-json\/wp\/v2\/media\/9142"}],"wp:attachment":[{"href":"https:\/\/radiosisal.com\/br\/wp-json\/wp\/v2\/media?parent=9141"}],"wp:term":[{"taxonomy":"category","embeddable":true,"href":"https:\/\/radiosisal.com\/br\/wp-json\/wp\/v2\/categories?post=9141"},{"taxonomy":"post_tag","embeddable":true,"href":"https:\/\/radiosisal.com\/br\/wp-json\/wp\/v2\/tags?post=9141"}],"curies":[{"name":"wp","href":"https:\/\/api.w.org\/{rel}","templated":true}]}}