{"id":9161,"date":"2025-08-20T09:59:08","date_gmt":"2025-08-20T09:59:08","guid":{"rendered":"https:\/\/radiosisal.com\/br\/?p=9161"},"modified":"2025-08-20T09:59:10","modified_gmt":"2025-08-20T09:59:10","slug":"camara-aprova-urgencia-de-projeto-que-combate-adultizacao-nas-redes","status":"publish","type":"post","link":"https:\/\/radiosisal.com\/br\/2025\/08\/20\/camara-aprova-urgencia-de-projeto-que-combate-adultizacao-nas-redes\/","title":{"rendered":"C\u00c2MARA APROVA URG\u00caNCIA DE PROJETO QUE COMBATE ADULTIZA\u00c7\u00c3O NAS REDES"},"content":{"rendered":"\n<p><\/p>\n\n\n\n<p>Hugo Motta quer votar proposta nesta quarta-feira (20).<\/p>\n\n\n\n<figure class=\"wp-block-audio\"><audio controls src=\"https:\/\/radiosisal.com\/br\/wp-content\/uploads\/2025\/08\/243382.mp3\"><\/audio><\/figure>\n\n\n\n<p>A C\u00e2mara dos Deputados&nbsp;<a href=\"https:\/\/agenciabrasil.ebc.com.br\/politica\/noticia\/2025-08\/camara-pauta-projeto-que-regula-redes-sociais-para-criancas\" target=\"_blank\" rel=\"noreferrer noopener\">aprovou requerimento de urg\u00eancia<\/a>&nbsp;para o projeto de lei que cria regras para a prote\u00e7\u00e3o de crian\u00e7as e adolescentes durante o uso de aplicativos, jogos, redes sociais e outros programas de computador.<img decoding=\"async\" src=\"https:\/\/i0.wp.com\/agenciabrasil.ebc.com.br\/ebc.png?w=1170&#038;ssl=1\" data-recalc-dims=\"1\"><img decoding=\"async\" src=\"https:\/\/i0.wp.com\/agenciabrasil.ebc.com.br\/ebc.gif?w=1170&#038;ssl=1\" data-recalc-dims=\"1\"><\/p>\n\n\n\n<p>O&nbsp;<a href=\"https:\/\/www.camara.leg.br\/proposicoesWeb\/prop_mostrarintegra?codteor=2970493&amp;filename=Parecer-CCOM-2025-08-12\" target=\"_blank\" rel=\"noreferrer noopener\">Projeto de Lei 2628\/22<\/a>&nbsp;estipula obriga\u00e7\u00f5es para os fornecedores e garante controle de acesso por parte dos pais e respons\u00e1veis. Com a aprova\u00e7\u00e3o da urg\u00eancia, o projeto poder\u00e1 ser votado no Plen\u00e1rio sem passar antes pelas comiss\u00f5es.<\/p>\n\n\n\n<p>O presidente da C\u00e2mara, Hugo Motta, j\u00e1 anunciou a inten\u00e7\u00e3o de votar a proposta nesta quarta-feira (20), logo ap\u00f3s a comiss\u00e3o geral que vai debater o tema no Plen\u00e1rio.<\/p>\n\n\n\n<p><strong><a href=\"https:\/\/agenciabrasil.ebc.com.br\/politica\/noticia\/2025-08\/conheca-projeto-que-regula-redes-sociais-para-criancas-e-adolescentes\" target=\"_blank\" rel=\"noreferrer noopener\">&gt;&gt; Conhe\u00e7a projeto que regula redes sociais para crian\u00e7as e adolescentes<\/a><\/strong><\/p>\n\n\n\n<p>Apelidado de ECA Digital em refer\u00eancia ao Estatuto da Crian\u00e7a e do Adolescente (ECA), o&nbsp;texto obriga as plataformas digitais a tomarem medidas \u201crazo\u00e1veis\u201d para prevenir riscos de crian\u00e7as e adolescentes acessarem conte\u00fados ilegais ou considerados impr\u00f3prios para essas faixas et\u00e1rias.<\/p>\n\n\n\n<p>O projeto de lei&nbsp;entrou na pauta da C\u00e2mara nesta semana ap\u00f3s a repercuss\u00e3o do&nbsp;v\u00eddeo do influenciador&nbsp;Felca Bressanim Pereira, que denunciou o uso de perfis nas redes sociais com crian\u00e7as e adolescentes&nbsp;em situa\u00e7\u00f5es consideradas inapropriadas para idade, a fim de&nbsp;conseguir engajamento e monetiza\u00e7\u00e3o dos seus canais.<\/p>\n\n\n\n<p>De autoria do senador Alessandro Vieira (MDB-SE), o projeto foi relatado na C\u00e2mara pelo deputado Jadyel Alencar (Republicanos-Pi) e tem o apoio de centenas de organiza\u00e7\u00f5es da sociedade civil que atuam com a prote\u00e7\u00e3o das crian\u00e7as e adolescentes no Brasil.<\/p>\n\n\n\n<p class=\"bs-intro\">FONTE: Ag\u00eancia Brasil<\/p>\n\n\n\n<ul class=\"wp-block-social-links has-icon-color is-style-logos-only is-vertical is-layout-flex wp-container-core-social-links-is-layout-8cf370e7 wp-block-social-links-is-layout-flex\">\n\n<li style=\"color:#0693e3;\" class=\"wp-social-link wp-social-link-instagram has-vivid-cyan-blue-color wp-block-social-link\"><a href=\"https:\/\/www.instagram.com\/radiosisal97.3\/profilecard\/?igsh=MWo1azd5aXNvN2hmcQ==\" class=\"wp-block-social-link-anchor\"><svg width=\"24\" height=\"24\" viewBox=\"0 0 24 24\" version=\"1.1\" xmlns=\"http:\/\/www.w3.org\/2000\/svg\" aria-hidden=\"true\" focusable=\"false\"><path d=\"M12,4.622c2.403,0,2.688,0.009,3.637,0.052c0.877,0.04,1.354,0.187,1.671,0.31c0.42,0.163,0.72,0.358,1.035,0.673 c0.315,0.315,0.51,0.615,0.673,1.035c0.123,0.317,0.27,0.794,0.31,1.671c0.043,0.949,0.052,1.234,0.052,3.637 s-0.009,2.688-0.052,3.637c-0.04,0.877-0.187,1.354-0.31,1.671c-0.163,0.42-0.358,0.72-0.673,1.035 c-0.315,0.315-0.615,0.51-1.035,0.673c-0.317,0.123-0.794,0.27-1.671,0.31c-0.949,0.043-1.233,0.052-3.637,0.052 s-2.688-0.009-3.637-0.052c-0.877-0.04-1.354-0.187-1.671-0.31c-0.42-0.163-0.72-0.358-1.035-0.673 c-0.315-0.315-0.51-0.615-0.673-1.035c-0.123-0.317-0.27-0.794-0.31-1.671C4.631,14.688,4.622,14.403,4.622,12 s0.009-2.688,0.052-3.637c0.04-0.877,0.187-1.354,0.31-1.671c0.163-0.42,0.358-0.72,0.673-1.035 c0.315-0.315,0.615-0.51,1.035-0.673c0.317-0.123,0.794-0.27,1.671-0.31C9.312,4.631,9.597,4.622,12,4.622 M12,3 C9.556,3,9.249,3.01,8.289,3.054C7.331,3.098,6.677,3.25,6.105,3.472C5.513,3.702,5.011,4.01,4.511,4.511 c-0.5,0.5-0.808,1.002-1.038,1.594C3.25,6.677,3.098,7.331,3.054,8.289C3.01,9.249,3,9.556,3,12c0,2.444,0.01,2.751,0.054,3.711 c0.044,0.958,0.196,1.612,0.418,2.185c0.23,0.592,0.538,1.094,1.038,1.594c0.5,0.5,1.002,0.808,1.594,1.038 c0.572,0.222,1.227,0.375,2.185,0.418C9.249,20.99,9.556,21,12,21s2.751-0.01,3.711-0.054c0.958-0.044,1.612-0.196,2.185-0.418 c0.592-0.23,1.094-0.538,1.594-1.038c0.5-0.5,0.808-1.002,1.038-1.594c0.222-0.572,0.375-1.227,0.418-2.185 C20.99,14.751,21,14.444,21,12s-0.01-2.751-0.054-3.711c-0.044-0.958-0.196-1.612-0.418-2.185c-0.23-0.592-0.538-1.094-1.038-1.594 c-0.5-0.5-1.002-0.808-1.594-1.038c-0.572-0.222-1.227-0.375-2.185-0.418C14.751,3.01,14.444,3,12,3L12,3z M12,7.378 c-2.552,0-4.622,2.069-4.622,4.622S9.448,16.622,12,16.622s4.622-2.069,4.622-4.622S14.552,7.378,12,7.378z M12,15 c-1.657,0-3-1.343-3-3s1.343-3,3-3s3,1.343,3,3S13.657,15,12,15z M16.804,6.116c-0.596,0-1.08,0.484-1.08,1.08 s0.484,1.08,1.08,1.08c0.596,0,1.08-0.484,1.08-1.08S17.401,6.116,16.804,6.116z\"><\/path><\/svg><span class=\"wp-block-social-link-label screen-reader-text\">Instagram<\/span><\/a><\/li>\n\n<li style=\"color:#0693e3;\" class=\"wp-social-link wp-social-link-facebook has-vivid-cyan-blue-color wp-block-social-link\"><a href=\"https:\/\/www.instagram.com\/radiosisal97.3\/profilecard\/?igsh=MWo1azd5aXNvN2hmcQ==\" class=\"wp-block-social-link-anchor\"><svg width=\"24\" height=\"24\" viewBox=\"0 0 24 24\" version=\"1.1\" xmlns=\"http:\/\/www.w3.org\/2000\/svg\" aria-hidden=\"true\" focusable=\"false\"><path d=\"M12 2C6.5 2 2 6.5 2 12c0 5 3.7 9.1 8.4 9.9v-7H7.9V12h2.5V9.8c0-2.5 1.5-3.9 3.8-3.9 1.1 0 2.2.2 2.2.2v2.5h-1.3c-1.2 0-1.6.8-1.6 1.6V12h2.8l-.4 2.9h-2.3v7C18.3 21.1 22 17 22 12c0-5.5-4.5-10-10-10z\"><\/path><\/svg><span class=\"wp-block-social-link-label screen-reader-text\">Facebook<\/span><\/a><\/li><\/ul>\n","protected":false},"excerpt":{"rendered":"<p>Hugo Motta quer votar proposta nesta quarta-feira (20). A C\u00e2mara dos Deputados&nbsp;aprovou requerimento de urg\u00eancia&nbsp;para o projeto de lei que cria regras para a prote\u00e7\u00e3o de crian\u00e7as e adolescentes durante o uso de aplicativos, jogos, redes sociais e outros programas de computador. O&nbsp;Projeto de Lei 2628\/22&nbsp;estipula obriga\u00e7\u00f5es para os fornecedores e garante controle de acesso [&hellip;]<\/p>\n","protected":false},"author":2,"featured_media":9163,"comment_status":"open","ping_status":"open","sticky":false,"template":"","format":"standard","meta":{"footnotes":""},"categories":[1],"tags":[],"class_list":["post-9161","post","type-post","status-publish","format-standard","has-post-thumbnail","hentry","category-geral"],"jetpack_sharing_enabled":true,"jetpack_featured_media_url":"https:\/\/i0.wp.com\/radiosisal.com\/br\/wp-content\/uploads\/2025\/08\/mg_5839_0.webp?fit=1170%2C700&ssl=1","_links":{"self":[{"href":"https:\/\/radiosisal.com\/br\/wp-json\/wp\/v2\/posts\/9161","targetHints":{"allow":["GET"]}}],"collection":[{"href":"https:\/\/radiosisal.com\/br\/wp-json\/wp\/v2\/posts"}],"about":[{"href":"https:\/\/radiosisal.com\/br\/wp-json\/wp\/v2\/types\/post"}],"author":[{"embeddable":true,"href":"https:\/\/radiosisal.com\/br\/wp-json\/wp\/v2\/users\/2"}],"replies":[{"embeddable":true,"href":"https:\/\/radiosisal.com\/br\/wp-json\/wp\/v2\/comments?post=9161"}],"version-history":[{"count":1,"href":"https:\/\/radiosisal.com\/br\/wp-json\/wp\/v2\/posts\/9161\/revisions"}],"predecessor-version":[{"id":9164,"href":"https:\/\/radiosisal.com\/br\/wp-json\/wp\/v2\/posts\/9161\/revisions\/9164"}],"wp:featuredmedia":[{"embeddable":true,"href":"https:\/\/radiosisal.com\/br\/wp-json\/wp\/v2\/media\/9163"}],"wp:attachment":[{"href":"https:\/\/radiosisal.com\/br\/wp-json\/wp\/v2\/media?parent=9161"}],"wp:term":[{"taxonomy":"category","embeddable":true,"href":"https:\/\/radiosisal.com\/br\/wp-json\/wp\/v2\/categories?post=9161"},{"taxonomy":"post_tag","embeddable":true,"href":"https:\/\/radiosisal.com\/br\/wp-json\/wp\/v2\/tags?post=9161"}],"curies":[{"name":"wp","href":"https:\/\/api.w.org\/{rel}","templated":true}]}}