{"id":9188,"date":"2025-08-21T12:43:31","date_gmt":"2025-08-21T12:43:31","guid":{"rendered":"https:\/\/radiosisal.com\/br\/?p=9188"},"modified":"2025-08-21T12:43:33","modified_gmt":"2025-08-21T12:43:33","slug":"cegueira-infantil-8-em-cada-10-casos-poderiam-ser-evitados-veja-sintomas-que-sao-motivo-de-alerta","status":"publish","type":"post","link":"https:\/\/radiosisal.com\/br\/2025\/08\/21\/cegueira-infantil-8-em-cada-10-casos-poderiam-ser-evitados-veja-sintomas-que-sao-motivo-de-alerta\/","title":{"rendered":"CEGUEIRA INFANTIL: 8 EM CADA 10 CASOS PODERIAM SER EVITADOS; VEJA SINTOMAS QUE S\u00c3O MOTIVO DE ALERTA"},"content":{"rendered":"\n<p><\/p>\n\n\n\n<p>OMS estima 1,4 milh\u00e3o de crian\u00e7as cegas; cartilha orienta pais e educadores a reconhecer sinais precoces e reduzir riscos com preven\u00e7\u00e3o e exames regulares.<\/p>\n\n\n\n<p>De acordo com a Organiza\u00e7\u00e3o Mundial de Sa\u00fade, no mundo, aproximadamente 1,4 milh\u00e3o de crian\u00e7as t\u00eam cegueira, sendo que a maioria vive em pa\u00edses em desenvolvimento ou muito pobres. A cada ano, cerca de 500 mil novas crian\u00e7as ficam cegas e quase 60% delas n\u00e3o sobrevivem em raz\u00e3o das mesmas causas que as deixaram cegas. No entanto, cerca de 80% dos casos de cegueira podem ser prevenidos ou tratados com diagn\u00f3stico e cuidados adequados.<\/p>\n\n\n\n<p>Por isso,&nbsp;\u00e9 importante prestar aten\u00e7\u00e3o a alguns sintomas. Confira alguns desses sinais:<\/p>\n\n\n\n<ul class=\"wp-block-list\">\n<li>Dificuldade no aprendizado ou desinteresse escolar<\/li>\n\n\n\n<li>Inclinar muito a cabe\u00e7a<\/li>\n\n\n\n<li>Apertar os olhos para ver algo ou fechar um dos olhos<\/li>\n\n\n\n<li>Olhos vermelhos<\/li>\n\n\n\n<li>Coceira nos olhos<\/li>\n\n\n\n<li>Desvio dos olhos, que s\u00f3 \u00e9 normal at\u00e9 os 4 meses de vida.<\/li>\n\n\n\n<li>Dor de cabe\u00e7a frequente<\/li>\n\n\n\n<li>Se aproximar muito para enxergar o quadro, um livro ou a televis\u00e3o<\/li>\n<\/ul>\n\n\n\n<p>A vis\u00e3o se desenvolve desde a gesta\u00e7\u00e3o at\u00e9 por volta dos 7 anos. Por isso, esses sinais mudam ao longo da inf\u00e2ncia, segundo a m\u00e9dica J\u00falia Rossetto, presidente da Sociedade Brasileira de Oftalmologia Pedi\u00e1trica (SBOP).<\/p>\n\n\n\n<p>Uma cartilha produzida pela SBOP, com apoio do Conselho Brasileiro de Oftalmologia, orienta educadores e a fam\u00edlia a identificarem problemas na vis\u00e3o de crian\u00e7as. Confira abaixo algumas informa\u00e7\u00f5es relevantes, descritas na cartilha:<\/p>\n\n\n\n<h2 class=\"wp-block-heading\">Tempo de exposi\u00e7\u00e3o \u00e0 tela<\/h2>\n\n\n\n<p>Confira a recomenda\u00e7\u00e3o formal de tempo de exposi\u00e7\u00e3o \u00e0s telas:<\/p>\n\n\n\n<ul class=\"wp-block-list\">\n<li>Crian\u00e7as de at\u00e9 2 anos: n\u00e3o expor a qualquer tela<\/li>\n\n\n\n<li>Entre 2 e 5 anos: usar no m\u00e1ximo 1h por dia de tela<\/li>\n\n\n\n<li>De 6 a 10 anos: at\u00e9 duas horas por dia<\/li>\n\n\n\n<li>Entre 11 e 18 anos: at\u00e9 2 ou 3 horas di\u00e1rias<\/li>\n<\/ul>\n\n\n\n<p>\ud83d\udccb&nbsp;<strong>ATEN\u00c7\u00c3O<\/strong>: \ud83d\udd50 Use a&nbsp;<strong>regra 20-20-20:<\/strong>&nbsp;a cada 20 minutos olhando para a tela, desvie o olhar para algo a cerca de 6 metros de dist\u00e2ncia por 20 segundos.<\/p>\n\n\n\n<p>\ud83c\udfca\u200d\u2642\ufe0f Al\u00e9m disso,&nbsp;<strong>incentive atividades ao ar livre<\/strong>, com exposi\u00e7\u00e3o solar indireta, por pelo menos 2 horas por dia. Isso ajuda a descansar os olhos e a promover uma vis\u00e3o saud\u00e1vel.<\/p>\n\n\n\n<p>\u201cQuanto mais se usam telas, maior \u00e9 a propens\u00e3o \u00e0 miopia. E h\u00e1 outras altera\u00e7\u00f5es que o uso de tela excessiva pode levar, al\u00e9m da miopia, que \u00e9 a falsa miopia. Muitas vezes, as crian\u00e7as que usam telas muito pr\u00f3ximas prolongadamente ficam com o m\u00fasculo do foco t\u00e3o contra\u00eddo para perto que, quando elas olham para longe, n\u00e3o conseguem ver n\u00edtido, como se tivessem miopia\u201d, explica Rossetto.<\/p>\n\n\n\n<h2 class=\"wp-block-heading\">Entenda os marcos visuais do beb\u00ea:<\/h2>\n\n\n\n<ul class=\"wp-block-list\">\n<li><strong>1 m\u00eas:<\/strong>\u00a0consegue fixar o olhar em algo por alguns segundos.<\/li>\n\n\n\n<li><strong>2 meses:\u00a0<\/strong>faz contato visual intenso e tem interesse especial pela face humana. 3 meses: consegue acompanhar objetos com o olhar e mover os olhos rapidamente de um ponto para outro.<\/li>\n\n\n\n<li><strong>6 meses:<\/strong>\u00a0usa os dois olhos juntos, segue objetos sem dificuldade e tenta peg\u00e1-los.<\/li>\n\n\n\n<li><strong>9 meses<\/strong>: reconhece rostos familiares e reage a express\u00f5es faciais.<\/li>\n<\/ul>\n\n\n\n<p>\u26a0\ufe0f Por isso, um beb\u00ea de 3 meses que n\u00e3o percebe a pr\u00f3pria m\u00e3o ou que n\u00e3o interage olhando no rosto \u00e9 um sinal de que ele pode haver um problema visual.<\/p>\n\n\n\n<h2 class=\"wp-block-heading\">Outros sinais de alerta:<\/h2>\n\n\n\n<ul class=\"wp-block-list\">\n<li><strong>O desalinhamento constante dos olhos<\/strong>\u00a0em qualquer idade ou intermitente ap\u00f3s 4 ou 6 meses pode indicar estrabismo e deve ser avaliado.<\/li>\n\n\n\n<li>Quando se projeta uma lanterna nos olhos da crian\u00e7a e a pupila tem um reflexo mais esbranqui\u00e7ado ou diferente do outro olho, pode ser sinal de doen\u00e7as graves e requer aten\u00e7\u00e3o imediata. Esse teste deve ser feito nas avalia\u00e7\u00f5es de sa\u00fade da crian\u00e7a e chama-se\u00a0<strong>Teste do Reflexo Vermelho (TRV).<\/strong><\/li>\n\n\n\n<li><strong>Lacrimejamento constante<\/strong>\u00a0pode indicar obstru\u00e7\u00e3o do canal lacrimal e precisa ser avaliado.<\/li>\n\n\n\n<li><strong>Vermelhid\u00e3o nos olhos e coceira<\/strong>\u00a0frequentes podem necessitar de tratamento espec\u00edfico.<\/li>\n<\/ul>\n\n\n\n<h2 class=\"wp-block-heading\">Recomenda\u00e7\u00f5es m\u00ednimas de exame na inf\u00e2ncia:<\/h2>\n\n\n\n<ul class=\"wp-block-list\">\n<li><strong>Teste do Reflexo Vermelho (TRV) nas primeiras 72 horas de vida:<\/strong>\u00a0este teste deve ser realizado nas primeiras 72 horas de vida do beb\u00ea e repetido pelo pediatra nas consultas de acompanhamento, pelo menos tr\u00eas vezes ao ano, nos primeiros 3 anos de vida.<\/li>\n\n\n\n<li><strong>Avalia\u00e7\u00e3o da vis\u00e3o: durante os primeiros 3 anos de vida<\/strong>, \u00e9 importante que um profissional de sa\u00fade, como o pediatra ou m\u00e9dico de fam\u00edlia, fa\u00e7a uma avalia\u00e7\u00e3o de como est\u00e1 a vis\u00e3o da crian\u00e7a, de acordo com a idade.<\/li>\n\n\n\n<li><strong>Exame oftalmol\u00f3gico completo:\u00a0<\/strong>deve ser realizado, no m\u00ednimo, em crian\u00e7as de 6 a 12 meses e em crian\u00e7as de 3 a 5 anos (preferencialmente aos 3 anos). Se a crian\u00e7a apresentar sinais como dor de cabe\u00e7a, cansa\u00e7o visual, dificuldade para focar, lacrimejamento frequente, apertar os olhos com frequ\u00eancia, necessidade de sentar muito perto do quadro na escola ou mau desempenho escolar, \u00e9 importante procurar um oftalmologista.<\/li>\n<\/ul>\n\n\n\n<h2 class=\"wp-block-heading\">Preven\u00e7\u00e3o de acidentes dom\u00e9sticos e escolares<\/h2>\n\n\n\n<p>Confira dicas simples para evitar riscos:<\/p>\n\n\n\n<ul class=\"wp-block-list\">\n<li><strong>Fique atento ao uso de objetos com pontas e cortantes:\u00a0<\/strong>Evite que as crian\u00e7as manuseiem tesouras, facas e outros objetos cortantes sem supervis\u00e3o. Sempre use esses itens com seguran\u00e7a e guarde-os fora do alcance dos pequenos.<\/li>\n\n\n\n<li><strong>Proteja os olhos durante atividades manuais:\u00a0<\/strong>Ao usar produtos de limpeza, tintas ou ao fazer artesanato, use \u00f3culos de prote\u00e7\u00e3o para evitar que subst\u00e2ncias ou objetos entrem em contato com os olhos.<\/li>\n\n\n\n<li><strong>Mantenha produtos qu\u00edmicos longe das crian\u00e7as:<\/strong>\u00a0Guarde produtos como detergentes, am\u00f4nia, sabonetes e outros produtos de limpeza em arm\u00e1rios trancados, longe do alcance das crian\u00e7as.<\/li>\n\n\n\n<li><strong>Cuidado com brinquedos pequenos:\u00a0<\/strong>Evite brinquedos com pe\u00e7as pequenas que possam ser levadas \u00e0 boca ou aos olhos. Verifique se elas s\u00e3o adequados para a idade da crian\u00e7a.<\/li>\n\n\n\n<li><strong>Proteja os olhos do sol:\u00a0<\/strong>Em atividades ao ar livre, use \u00f3culos de sol com prote\u00e7\u00e3o UV para proteger os olhos da exposi\u00e7\u00e3o excessiva ao sol e evite queimaduras na regi\u00e3o ocular.<\/li>\n\n\n\n<li><strong>Ensine sobre os cuidados com os olhos:\u00a0<\/strong>Ensine as crian\u00e7as a n\u00e3o co\u00e7ar e esfregar os olhos e, quando for toc\u00e1-los, que estejam com as m\u00e3os limpas. Mantenha os olhos limpos, lavando p\u00e1lpebras e c\u00edlios.<\/li>\n<\/ul>\n\n\n\n<p>\u26a0\ufe0f Em caso de acidente como impacto, contato com subst\u00e2ncias irritantes ou qualquer tipo de les\u00e3o, busque atendimento m\u00e9dico imediatamente.<\/p>\n\n\n\n<p><strong>Problemas de vis\u00e3o podem gerar impactos na vida do indiv\u00edduo, como:<\/strong><\/p>\n\n\n\n<ul class=\"wp-block-list\">\n<li>Queda no desempenho e aprendizagem;<\/li>\n\n\n\n<li>Limita\u00e7\u00e3o profissional futura, dependendo da profiss\u00e3o<\/li>\n\n\n\n<li>Impacto social e de autoestima<\/li>\n<\/ul>\n\n\n\n<p class=\"bs-intro\">FONTE: G1<\/p>\n\n\n\n<ul class=\"wp-block-social-links has-icon-color is-style-logos-only is-vertical is-layout-flex wp-container-core-social-links-is-layout-8cf370e7 wp-block-social-links-is-layout-flex\"><li style=\"color:#0693e3;\" class=\"wp-social-link wp-social-link-whatsapp has-vivid-cyan-blue-color wp-block-social-link\"><a href=\"https:\/\/wa.me\/\/75991238048\" class=\"wp-block-social-link-anchor\"><svg width=\"24\" height=\"24\" viewBox=\"0 0 24 24\" version=\"1.1\" xmlns=\"http:\/\/www.w3.org\/2000\/svg\" aria-hidden=\"true\" focusable=\"false\"><path d=\"M 12.011719 2 C 6.5057187 2 2.0234844 6.478375 2.0214844 11.984375 C 2.0204844 13.744375 2.4814687 15.462563 3.3554688 16.976562 L 2 22 L 7.2324219 20.763672 C 8.6914219 21.559672 10.333859 21.977516 12.005859 21.978516 L 12.009766 21.978516 C 17.514766 21.978516 21.995047 17.499141 21.998047 11.994141 C 22.000047 9.3251406 20.962172 6.8157344 19.076172 4.9277344 C 17.190172 3.0407344 14.683719 2.001 12.011719 2 z M 12.009766 4 C 14.145766 4.001 16.153109 4.8337969 17.662109 6.3417969 C 19.171109 7.8517969 20.000047 9.8581875 19.998047 11.992188 C 19.996047 16.396187 16.413812 19.978516 12.007812 19.978516 C 10.674812 19.977516 9.3544062 19.642812 8.1914062 19.007812 L 7.5175781 18.640625 L 6.7734375 18.816406 L 4.8046875 19.28125 L 5.2851562 17.496094 L 5.5019531 16.695312 L 5.0878906 15.976562 C 4.3898906 14.768562 4.0204844 13.387375 4.0214844 11.984375 C 4.0234844 7.582375 7.6067656 4 12.009766 4 z M 8.4765625 7.375 C 8.3095625 7.375 8.0395469 7.4375 7.8105469 7.6875 C 7.5815469 7.9365 6.9355469 8.5395781 6.9355469 9.7675781 C 6.9355469 10.995578 7.8300781 12.182609 7.9550781 12.349609 C 8.0790781 12.515609 9.68175 15.115234 12.21875 16.115234 C 14.32675 16.946234 14.754891 16.782234 15.212891 16.740234 C 15.670891 16.699234 16.690438 16.137687 16.898438 15.554688 C 17.106437 14.971687 17.106922 14.470187 17.044922 14.367188 C 16.982922 14.263188 16.816406 14.201172 16.566406 14.076172 C 16.317406 13.951172 15.090328 13.348625 14.861328 13.265625 C 14.632328 13.182625 14.464828 13.140625 14.298828 13.390625 C 14.132828 13.640625 13.655766 14.201187 13.509766 14.367188 C 13.363766 14.534188 13.21875 14.556641 12.96875 14.431641 C 12.71875 14.305641 11.914938 14.041406 10.960938 13.191406 C 10.218937 12.530406 9.7182656 11.714844 9.5722656 11.464844 C 9.4272656 11.215844 9.5585938 11.079078 9.6835938 10.955078 C 9.7955938 10.843078 9.9316406 10.663578 10.056641 10.517578 C 10.180641 10.371578 10.223641 10.267562 10.306641 10.101562 C 10.389641 9.9355625 10.347156 9.7890625 10.285156 9.6640625 C 10.223156 9.5390625 9.737625 8.3065 9.515625 7.8125 C 9.328625 7.3975 9.131125 7.3878594 8.953125 7.3808594 C 8.808125 7.3748594 8.6425625 7.375 8.4765625 7.375 z\"><\/path><\/svg><span class=\"wp-block-social-link-label screen-reader-text\">WhatsApp<\/span><\/a><\/li>\n\n<li style=\"color:#0693e3;\" class=\"wp-social-link wp-social-link-instagram has-vivid-cyan-blue-color wp-block-social-link\"><a href=\"https:\/\/www.instagram.com\/radiosisal97.3\/profilecard\/?igsh=MWo1azd5aXNvN2hmcQ==\" class=\"wp-block-social-link-anchor\"><svg width=\"24\" height=\"24\" viewBox=\"0 0 24 24\" version=\"1.1\" xmlns=\"http:\/\/www.w3.org\/2000\/svg\" aria-hidden=\"true\" focusable=\"false\"><path d=\"M12,4.622c2.403,0,2.688,0.009,3.637,0.052c0.877,0.04,1.354,0.187,1.671,0.31c0.42,0.163,0.72,0.358,1.035,0.673 c0.315,0.315,0.51,0.615,0.673,1.035c0.123,0.317,0.27,0.794,0.31,1.671c0.043,0.949,0.052,1.234,0.052,3.637 s-0.009,2.688-0.052,3.637c-0.04,0.877-0.187,1.354-0.31,1.671c-0.163,0.42-0.358,0.72-0.673,1.035 c-0.315,0.315-0.615,0.51-1.035,0.673c-0.317,0.123-0.794,0.27-1.671,0.31c-0.949,0.043-1.233,0.052-3.637,0.052 s-2.688-0.009-3.637-0.052c-0.877-0.04-1.354-0.187-1.671-0.31c-0.42-0.163-0.72-0.358-1.035-0.673 c-0.315-0.315-0.51-0.615-0.673-1.035c-0.123-0.317-0.27-0.794-0.31-1.671C4.631,14.688,4.622,14.403,4.622,12 s0.009-2.688,0.052-3.637c0.04-0.877,0.187-1.354,0.31-1.671c0.163-0.42,0.358-0.72,0.673-1.035 c0.315-0.315,0.615-0.51,1.035-0.673c0.317-0.123,0.794-0.27,1.671-0.31C9.312,4.631,9.597,4.622,12,4.622 M12,3 C9.556,3,9.249,3.01,8.289,3.054C7.331,3.098,6.677,3.25,6.105,3.472C5.513,3.702,5.011,4.01,4.511,4.511 c-0.5,0.5-0.808,1.002-1.038,1.594C3.25,6.677,3.098,7.331,3.054,8.289C3.01,9.249,3,9.556,3,12c0,2.444,0.01,2.751,0.054,3.711 c0.044,0.958,0.196,1.612,0.418,2.185c0.23,0.592,0.538,1.094,1.038,1.594c0.5,0.5,1.002,0.808,1.594,1.038 c0.572,0.222,1.227,0.375,2.185,0.418C9.249,20.99,9.556,21,12,21s2.751-0.01,3.711-0.054c0.958-0.044,1.612-0.196,2.185-0.418 c0.592-0.23,1.094-0.538,1.594-1.038c0.5-0.5,0.808-1.002,1.038-1.594c0.222-0.572,0.375-1.227,0.418-2.185 C20.99,14.751,21,14.444,21,12s-0.01-2.751-0.054-3.711c-0.044-0.958-0.196-1.612-0.418-2.185c-0.23-0.592-0.538-1.094-1.038-1.594 c-0.5-0.5-1.002-0.808-1.594-1.038c-0.572-0.222-1.227-0.375-2.185-0.418C14.751,3.01,14.444,3,12,3L12,3z M12,7.378 c-2.552,0-4.622,2.069-4.622,4.622S9.448,16.622,12,16.622s4.622-2.069,4.622-4.622S14.552,7.378,12,7.378z M12,15 c-1.657,0-3-1.343-3-3s1.343-3,3-3s3,1.343,3,3S13.657,15,12,15z M16.804,6.116c-0.596,0-1.08,0.484-1.08,1.08 s0.484,1.08,1.08,1.08c0.596,0,1.08-0.484,1.08-1.08S17.401,6.116,16.804,6.116z\"><\/path><\/svg><span class=\"wp-block-social-link-label screen-reader-text\">Instagram<\/span><\/a><\/li>\n\n<li style=\"color:#0693e3;\" class=\"wp-social-link wp-social-link-facebook has-vivid-cyan-blue-color wp-block-social-link\"><a href=\"https:\/\/www.facebook.com\/share\/1A7WveK9ft\/?mibextid=wwXIfr\" class=\"wp-block-social-link-anchor\"><svg width=\"24\" height=\"24\" viewBox=\"0 0 24 24\" version=\"1.1\" xmlns=\"http:\/\/www.w3.org\/2000\/svg\" aria-hidden=\"true\" focusable=\"false\"><path d=\"M12 2C6.5 2 2 6.5 2 12c0 5 3.7 9.1 8.4 9.9v-7H7.9V12h2.5V9.8c0-2.5 1.5-3.9 3.8-3.9 1.1 0 2.2.2 2.2.2v2.5h-1.3c-1.2 0-1.6.8-1.6 1.6V12h2.8l-.4 2.9h-2.3v7C18.3 21.1 22 17 22 12c0-5.5-4.5-10-10-10z\"><\/path><\/svg><span class=\"wp-block-social-link-label screen-reader-text\">Facebook<\/span><\/a><\/li><\/ul>\n","protected":false},"excerpt":{"rendered":"<p>OMS estima 1,4 milh\u00e3o de crian\u00e7as cegas; cartilha orienta pais e educadores a reconhecer sinais precoces e reduzir riscos com preven\u00e7\u00e3o e exames regulares. De acordo com a Organiza\u00e7\u00e3o Mundial de Sa\u00fade, no mundo, aproximadamente 1,4 milh\u00e3o de crian\u00e7as t\u00eam cegueira, sendo que a maioria vive em pa\u00edses em desenvolvimento ou muito pobres. A cada [&hellip;]<\/p>\n","protected":false},"author":2,"featured_media":9189,"comment_status":"open","ping_status":"open","sticky":false,"template":"","format":"standard","meta":{"footnotes":""},"categories":[1],"tags":[],"class_list":["post-9188","post","type-post","status-publish","format-standard","has-post-thumbnail","hentry","category-geral"],"jetpack_sharing_enabled":true,"jetpack_featured_media_url":"https:\/\/i0.wp.com\/radiosisal.com\/br\/wp-content\/uploads\/2025\/08\/Imagem-do-WhatsApp-de-2025-08-21-as-09.29.44_07e3d254.jpg?fit=984%2C656&ssl=1","_links":{"self":[{"href":"https:\/\/radiosisal.com\/br\/wp-json\/wp\/v2\/posts\/9188","targetHints":{"allow":["GET"]}}],"collection":[{"href":"https:\/\/radiosisal.com\/br\/wp-json\/wp\/v2\/posts"}],"about":[{"href":"https:\/\/radiosisal.com\/br\/wp-json\/wp\/v2\/types\/post"}],"author":[{"embeddable":true,"href":"https:\/\/radiosisal.com\/br\/wp-json\/wp\/v2\/users\/2"}],"replies":[{"embeddable":true,"href":"https:\/\/radiosisal.com\/br\/wp-json\/wp\/v2\/comments?post=9188"}],"version-history":[{"count":1,"href":"https:\/\/radiosisal.com\/br\/wp-json\/wp\/v2\/posts\/9188\/revisions"}],"predecessor-version":[{"id":9190,"href":"https:\/\/radiosisal.com\/br\/wp-json\/wp\/v2\/posts\/9188\/revisions\/9190"}],"wp:featuredmedia":[{"embeddable":true,"href":"https:\/\/radiosisal.com\/br\/wp-json\/wp\/v2\/media\/9189"}],"wp:attachment":[{"href":"https:\/\/radiosisal.com\/br\/wp-json\/wp\/v2\/media?parent=9188"}],"wp:term":[{"taxonomy":"category","embeddable":true,"href":"https:\/\/radiosisal.com\/br\/wp-json\/wp\/v2\/categories?post=9188"},{"taxonomy":"post_tag","embeddable":true,"href":"https:\/\/radiosisal.com\/br\/wp-json\/wp\/v2\/tags?post=9188"}],"curies":[{"name":"wp","href":"https:\/\/api.w.org\/{rel}","templated":true}]}}