{"id":9272,"date":"2025-08-27T10:22:12","date_gmt":"2025-08-27T10:22:12","guid":{"rendered":"https:\/\/radiosisal.com\/br\/?p=9272"},"modified":"2025-08-27T10:22:14","modified_gmt":"2025-08-27T10:22:14","slug":"nova-tecnologia-vai-mudar-forma-como-brasileiros-assistem-televisao","status":"publish","type":"post","link":"https:\/\/radiosisal.com\/br\/2025\/08\/27\/nova-tecnologia-vai-mudar-forma-como-brasileiros-assistem-televisao\/","title":{"rendered":"NOVA TECNOLOGIA VAI MUDAR FORMA COMO BRASILEIROS ASSISTEM TELEVIS\u00c3O"},"content":{"rendered":"\n<p>\u00c9 a TV 3.0 que ser\u00e1 lan\u00e7ada nesta quarta-feira pelo governo.<\/p>\n\n\n\n<figure class=\"wp-block-audio\"><audio controls src=\"https:\/\/radiosisal.com\/br\/wp-content\/uploads\/2025\/08\/243747.mp3\"><\/audio><\/figure>\n\n\n\n<p><br>O presidente Luiz In\u00e1cio Lula da Silva assina nesta quarta-feira (27), no Pal\u00e1cio do Planalto, o decreto que regulamenta a TV 3.0, a nova gera\u00e7\u00e3o da tecnologia de televis\u00e3o aberta e gratuita brasileira. Segundo o Minist\u00e9rio das Comunica\u00e7\u00f5es, a tecnologia vai revolucionar a forma como os brasileiros assistem televis\u00e3o.<img decoding=\"async\" src=\"https:\/\/i0.wp.com\/agenciabrasil.ebc.com.br\/ebc.png?w=1170&#038;ssl=1\" data-recalc-dims=\"1\"><img decoding=\"async\" src=\"https:\/\/i0.wp.com\/agenciabrasil.ebc.com.br\/ebc.gif?w=1170&#038;ssl=1\" data-recalc-dims=\"1\"><\/p>\n\n\n\n<p><strong>&#8220;Com mais interatividade, qualidade de som, imagem superior e maior integra\u00e7\u00e3o com a internet, o novo sistema moderniza o setor e coloca o pa\u00eds na vanguarda da radiodifus\u00e3o mundial&#8221;, diz a pasta.<\/strong><\/p>\n\n\n\n<p>Considerada &#8220;a televis\u00e3o do futuro&#8221;, a TV 3.0 vai integrar os servi\u00e7os de internet (<em>broadband<\/em>) \u00e0 habitual transmiss\u00e3o de sons e imagens (<em>broadcast<\/em>), possibilitando o uso de aplicativos que permitir\u00e3o aos telespectadores interagir com parte da programa\u00e7\u00e3o e at\u00e9 mesmo fazer compras diretamente de seu televisor, abrindo novas possibilidades de gera\u00e7\u00e3o de receitas \u00e0s emissoras.<\/p>\n\n\n\n<p>No ano passado, os membros do conselho deliberativo do F\u00f3rum do Sistema Brasileiro de Televis\u00e3o Digital (SBTVD), entidade respons\u00e1vel pela nova gera\u00e7\u00e3o, recomendaram ao governo federal a ado\u00e7\u00e3o do&nbsp;<a href=\"https:\/\/agenciabrasil.ebc.com.br\/geral\/noticia\/2024-07\/forum-recomenda-sistema-atsc-30-para-tv-digital-no-pais\" target=\"_blank\" rel=\"noreferrer noopener\">sistema ATSC 3.0<\/a>&nbsp;(do ingl\u00eas, Comit\u00ea de Sistema Avan\u00e7ado de Televis\u00e3o) como padr\u00e3o t\u00e9cnico&nbsp;para a evolu\u00e7\u00e3o tecnol\u00f3gica da TV digital. Isso deve&nbsp;ser confirmado pelo decreto presidencial. O&nbsp;novo sistema tamb\u00e9m deve estabelecer as novas funcionalidade, bem como um cronograma de migra\u00e7\u00e3o, que deve ser gradativo, come\u00e7ando pelas grandes cidades, como foi com a TV digital. A previs\u00e3o \u00e9 que parte da popula\u00e7\u00e3o brasileira j\u00e1 consiga desfrutar da TV 3.0 durante as transmiss\u00f5es da Copa do Mundo de 2026.<\/p>\n\n\n\n<blockquote class=\"wp-block-quote is-layout-flow wp-block-quote-is-layout-flow\">\n<p>&#8220;A televis\u00e3o aberta da era digital permitir\u00e1 mais interatividade e personaliza\u00e7\u00e3o, como vota\u00e7\u00f5es em tempo real, conte\u00fados estendidos, servi\u00e7os de governo digital, alertas de emerg\u00eancia, novos recursos de acessibilidade, publicidade e conte\u00fados personalizados, e at\u00e9 T-commerce, com compras pelo controle remoto. A TV3.0 representa mais do que uma evolu\u00e7\u00e3o tecnol\u00f3gica, ela simboliza a renova\u00e7\u00e3o de um compromisso hist\u00f3rico da radiodifus\u00e3o com a informa\u00e7\u00e3o, a cultura e a \u00e9tica&#8221;, afirma o executivo Raymundo Barros, diretor de Estrat\u00e9gia de Tecnologia da Globo e presidente do F\u00f3rum SBTVD, em entrevista \u00e0&nbsp;<strong>Ag\u00eancia Brasil<\/strong>.<\/p>\n<\/blockquote>\n\n\n\n<p><strong>Uma das principais inova\u00e7\u00f5es da TV 3.0 \u00e9 justamente sua interface baseada em aplicativos, em que as emissoras ter\u00e3o condi\u00e7\u00f5es t\u00e9cnicas de passar a oferecer, al\u00e9m do sinal aberto j\u00e1 transmitido em tempo real, conte\u00fados adicionais sob demanda, como s\u00e9ries, jogos, programas e outras possibilidades.<\/strong><\/p>\n\n\n\n<blockquote class=\"wp-block-quote is-layout-flow wp-block-quote-is-layout-flow\">\n<p>&#8220;Isso muda a forma como o telespectador acessa a programa\u00e7\u00e3o. Em vez de &#8216;ca\u00e7ar&#8217; a TV aberta dentro do aparelho, os canais voltam a estar em posi\u00e7\u00e3o de destaque em um cat\u00e1logo de aplicativos, com \u00edcones equivalentes aos canais tradicionais. E n\u00e3o \u00e9 por isso que a troca r\u00e1pida entre canais desaparecer\u00e1: a pesquisa mostrou o quanto \u00e9 importante manter essa cultura do zapeamento e isso se traduz na troca r\u00e1pida entre os aplicativos das emissoras na TV 3.0. Esse modelo devolve visibilidade \u00e0 TV aberta nos receptores e abre espa\u00e7o para interatividade, personaliza\u00e7\u00e3o e integra\u00e7\u00e3o com servi\u00e7os internet&#8221;, destacou Marcelo Moreno, professor da Universidade Federal de Juiz de Fora (UFJF), coordenador do GT Codifica\u00e7\u00e3o de Aplica\u00e7\u00f5es do F\u00f3rum SBTVD e dos maiores especialistas em TV digital no pa\u00eds.<\/p>\n<\/blockquote>\n\n\n\n<h2 class=\"wp-block-heading\">Retomada do protagonismo<\/h2>\n\n\n\n<p>Professor titular do Departamento de Sistemas de Computa\u00e7\u00e3o do Centro de Inform\u00e1tica da Universidade Federal da Para\u00edba (UFPB), o engenheiro Guido Lemos, que atuou no desenvolvimento do programa Ginga, incorporado ao padr\u00e3o do Sistema Brasileiro de Televis\u00e3o Digital, avalia que a TV 3.0 pode impulsionar a retomada de relev\u00e2ncia da televis\u00e3o na oferta preferencial de conte\u00fados, que est\u00e1 sob amea\u00e7a com a emerg\u00eancia, cada vez forte, dos servi\u00e7os de m\u00eddia sob demanda (OTT, na sigla em ingl\u00eas), como os canais de&nbsp;<em>streaming<\/em>, diretamente instalados nos aparelhos de TV.<\/p>\n\n\n\n<blockquote class=\"wp-block-quote is-layout-flow wp-block-quote-is-layout-flow\">\n<p>&#8220;Quando voc\u00ea olha o que que t\u00e1 acontecendo nas TVs que est\u00e3o instaladas em v\u00e1rias resid\u00eancias do Brasil, principalmente o pessoal de renda mais alta, que tem acesso \u00e0 internet e consegue sustentar fluxos de v\u00eddeo nos aparelhos de televis\u00e3o,&nbsp;observa que a maioria dessas TVs n\u00e3o est\u00e1&nbsp;conectada&nbsp;em antena de recep\u00e7\u00e3o de TV aberta&#8221;, observa.<\/p>\n<\/blockquote>\n\n\n\n<p><strong>Os novos aparelhos da TV 3.0 dever\u00e3o vir de f\u00e1brica com a primeira tela apresentando um cat\u00e1logo de canais de televis\u00e3o abertos, o que n\u00e3o vem ocorrendo na interface atual das SmartTVs, essas que conectam com a internet, que d\u00e3o prioridade aos aplicativos de OTT.<\/strong>&nbsp;&#8220;A proemin\u00eancia do \u00edcone do DTV Mais na primeira tela, do bot\u00e3o DTV Mais no controle remoto, de certa forma, \u00e9 uma reconquista do espa\u00e7o que a TV aberta perdeu na primeira tela e no controle remoto dos receptores de TV. Ent\u00e3o, com isso, esse processo de diminui\u00e7\u00e3o do n\u00famero de usu\u00e1rios pode ser revertido&#8221;, acrescenta Lemos.<\/p>\n\n\n\n<p>Nos \u00faltimos anos, a propor\u00e7\u00e3o de domic\u00edlios brasileiros com sinal de televis\u00e3o e com assinatura de servi\u00e7os por TV fechada tem ca\u00eddo, enquanto os&nbsp;<a href=\"https:\/\/agenciabrasil.ebc.com.br\/geral\/noticia\/2024-08\/presenca-de-tv-diminui-e-421-dos-lares-com-televisao-tem-streaming\" target=\"_blank\" rel=\"noreferrer noopener\">servi\u00e7os de&nbsp;<em>streaming<\/em><\/a>&nbsp;t\u00eam aumentado, chegando a quatro de cada dez lares com televis\u00e3o.<\/p>\n\n\n\n<h2 class=\"wp-block-heading\">Campo p\u00fablico<\/h2>\n\n\n\n<p><strong>No campo p\u00fablico, a TV 3.0 deve assegurar destaque para emissoras de car\u00e1ter educativo, por meio da cria\u00e7\u00e3o do que est\u00e1 sendo chamado de Plataforma Comum de Comunica\u00e7\u00e3o P\u00fablica e do chamado Governo Digital, este \u00faltimo dedicado a garantir acesso a servi\u00e7os p\u00fablicos diretamente pela televis\u00e3o, promovendo maior integra\u00e7\u00e3o entre Estado e cidad\u00e3o<\/strong>. Mesmo em localidades onde o sinal de emissoras p\u00fablicas n\u00e3o chega&nbsp;por antena de radiodifus\u00e3o, a conex\u00e3o pela&nbsp;internet poder\u00e1 suprir essa lacuna.<\/p>\n\n\n\n<blockquote class=\"wp-block-quote is-layout-flow wp-block-quote-is-layout-flow\">\n<p>&#8220;Haver\u00e1 uma plataforma comum que vai compor os canais da Uni\u00e3o e, com isso, todo televisor que tenha conex\u00e3o com a internet vai poder acessar o conte\u00fado dessas emissoras p\u00fablicas. Cabe destacar que mais de 50% dos televisores hoje no Brasil s\u00e3o conectados \u00e0 internet&#8221;, afirma&nbsp;Carlos Neiva vice-presidente de Rela\u00e7\u00f5es Institucionais, Rede e Tecnologia da Associa\u00e7\u00e3o Brasileira de Televis\u00f5es e R\u00e1dios Legislativas (Astral) e coordenador da Rede Legislativa de R\u00e1dio e TV da C\u00e2mara dos Deputados.<\/p>\n<\/blockquote>\n\n\n\n<p>&#8220;N\u00e3o ser\u00e3o mais apenas canais, mas aplicativos. E a rede legislativa ter\u00e1 seu aplicativo, a&nbsp;<strong>TV Brasil<\/strong>, o&nbsp;<strong>Canal Gov<\/strong>. E esses aplicativos ter\u00e3o n\u00e3o apenas o conte\u00fado linear [grande de programa\u00e7\u00e3o convencional], mas tamb\u00e9m o conte\u00fado por demanda, ou seja, personificado. \u00c9 a mesma experi\u00eancia, por exemplo, que voc\u00ea tem no YouTube ou numa plataforma de<em>&nbsp;streaming<\/em>&#8220;, acrescenta.<\/p>\n\n\n\n<p>Para viabilizar essa plataforma, segundo Marcelo Moreno, da UFJF, j\u00e1 est\u00e3o em andamento projetos entre academia e setor privado dedicados a criar aplicativos e ferramentas espec\u00edficas para a comunica\u00e7\u00e3o p\u00fablica, &#8220;garantindo que ela tamb\u00e9m tire proveito de funcionalidades avan\u00e7adas como personaliza\u00e7\u00e3o, interatividade e novos formatos audiovisuais&#8221;.<\/p>\n\n\n\n<h2 class=\"wp-block-heading\">Principais desafios<\/h2>\n\n\n\n<p><strong>Dois desafios fundamentais da TV 3.0, no entanto, est\u00e3o relacionados aos custos de migra\u00e7\u00e3o, como licenciamento de tecnologia e aquisi\u00e7\u00e3o de transmissores, por parte das emissoras, e compra de conversores e receptores, por parte dos usu\u00e1rios<\/strong>. E tamb\u00e9m a universaliza\u00e7\u00e3o do acesso \u00e0 internet de qualidade, uma realidade ainda distante do conjunto da popula\u00e7\u00e3o.<\/p>\n\n\n\n<p>Segundo&nbsp;<a href=\"https:\/\/cetic.br\/pt\/noticia\/em-duas-decadas-proporcao-de-lares-urbanos-brasileiros-com-internet-passou-de-13-para-85-aponta-tic-domicilios-2024\/#:~:text=Segundo%20indicador%20de%20conectividade%20significativa%20criado%20pelo,no%20Brasil%20t%C3%AAm%20condi%C3%A7%C3%B5es%20satisfat%C3%B3rias%20de%20conectividade\" target=\"_blank\" rel=\"noreferrer noopener\">indicador de conectividade significativa<\/a>&nbsp;criado pelo Centro Regional de Estudos para o Desenvolvimento da Sociedade da Informa\u00e7\u00e3o (Cetic.br),&nbsp;que inclui fatores como custo e velocidade da conex\u00e3o, presen\u00e7a de banda larga fixa nos domic\u00edlios e acesso por m\u00faltiplos dispositivos, apenas 22% dos indiv\u00edduos com 10 anos ou mais no Brasil t\u00eam condi\u00e7\u00f5es satisfat\u00f3rias de conectividade.<\/p>\n\n\n\n<p><strong>Em duas d\u00e9cadas, a propor\u00e7\u00e3o de lares urbanos brasileiros com Internet passou de 13% para 85%, mostra a&nbsp;TIC Domic\u00edlios 2024 &#8211; cetic.br<\/strong><\/p>\n\n\n\n<p>Est\u00e3o nessa situa\u00e7\u00e3o 73% dos indiv\u00edduos da classe A (mais rica), 33% dos habitantes da Regi\u00e3o Sul e 28% dos homens, mas apenas com 16% de\u00a0mulheres, 11% dos que vivem no Nordeste, e 3% dos indiv\u00edduos das classes DE (a mais pobre).<\/p>\n\n\n\n<p class=\"bs-intro\">FONTE: Ag\u00eancia Brasil<\/p>\n\n\n\n<ul class=\"wp-block-social-links has-icon-color is-style-logos-only is-vertical is-layout-flex wp-container-core-social-links-is-layout-8cf370e7 wp-block-social-links-is-layout-flex\">\n\n<li style=\"color:#0693e3;\" class=\"wp-social-link wp-social-link-instagram has-vivid-cyan-blue-color wp-block-social-link\"><a href=\"https:\/\/www.instagram.com\/radiosisal97.3\/profilecard\/?igsh=MWo1azd5aXNvN2hmcQ==\" class=\"wp-block-social-link-anchor\"><svg width=\"24\" height=\"24\" viewBox=\"0 0 24 24\" version=\"1.1\" xmlns=\"http:\/\/www.w3.org\/2000\/svg\" aria-hidden=\"true\" focusable=\"false\"><path d=\"M12,4.622c2.403,0,2.688,0.009,3.637,0.052c0.877,0.04,1.354,0.187,1.671,0.31c0.42,0.163,0.72,0.358,1.035,0.673 c0.315,0.315,0.51,0.615,0.673,1.035c0.123,0.317,0.27,0.794,0.31,1.671c0.043,0.949,0.052,1.234,0.052,3.637 s-0.009,2.688-0.052,3.637c-0.04,0.877-0.187,1.354-0.31,1.671c-0.163,0.42-0.358,0.72-0.673,1.035 c-0.315,0.315-0.615,0.51-1.035,0.673c-0.317,0.123-0.794,0.27-1.671,0.31c-0.949,0.043-1.233,0.052-3.637,0.052 s-2.688-0.009-3.637-0.052c-0.877-0.04-1.354-0.187-1.671-0.31c-0.42-0.163-0.72-0.358-1.035-0.673 c-0.315-0.315-0.51-0.615-0.673-1.035c-0.123-0.317-0.27-0.794-0.31-1.671C4.631,14.688,4.622,14.403,4.622,12 s0.009-2.688,0.052-3.637c0.04-0.877,0.187-1.354,0.31-1.671c0.163-0.42,0.358-0.72,0.673-1.035 c0.315-0.315,0.615-0.51,1.035-0.673c0.317-0.123,0.794-0.27,1.671-0.31C9.312,4.631,9.597,4.622,12,4.622 M12,3 C9.556,3,9.249,3.01,8.289,3.054C7.331,3.098,6.677,3.25,6.105,3.472C5.513,3.702,5.011,4.01,4.511,4.511 c-0.5,0.5-0.808,1.002-1.038,1.594C3.25,6.677,3.098,7.331,3.054,8.289C3.01,9.249,3,9.556,3,12c0,2.444,0.01,2.751,0.054,3.711 c0.044,0.958,0.196,1.612,0.418,2.185c0.23,0.592,0.538,1.094,1.038,1.594c0.5,0.5,1.002,0.808,1.594,1.038 c0.572,0.222,1.227,0.375,2.185,0.418C9.249,20.99,9.556,21,12,21s2.751-0.01,3.711-0.054c0.958-0.044,1.612-0.196,2.185-0.418 c0.592-0.23,1.094-0.538,1.594-1.038c0.5-0.5,0.808-1.002,1.038-1.594c0.222-0.572,0.375-1.227,0.418-2.185 C20.99,14.751,21,14.444,21,12s-0.01-2.751-0.054-3.711c-0.044-0.958-0.196-1.612-0.418-2.185c-0.23-0.592-0.538-1.094-1.038-1.594 c-0.5-0.5-1.002-0.808-1.594-1.038c-0.572-0.222-1.227-0.375-2.185-0.418C14.751,3.01,14.444,3,12,3L12,3z M12,7.378 c-2.552,0-4.622,2.069-4.622,4.622S9.448,16.622,12,16.622s4.622-2.069,4.622-4.622S14.552,7.378,12,7.378z M12,15 c-1.657,0-3-1.343-3-3s1.343-3,3-3s3,1.343,3,3S13.657,15,12,15z M16.804,6.116c-0.596,0-1.08,0.484-1.08,1.08 s0.484,1.08,1.08,1.08c0.596,0,1.08-0.484,1.08-1.08S17.401,6.116,16.804,6.116z\"><\/path><\/svg><span class=\"wp-block-social-link-label screen-reader-text\">Instagram<\/span><\/a><\/li>\n\n<li style=\"color:#0693e3;\" class=\"wp-social-link wp-social-link-facebook has-vivid-cyan-blue-color wp-block-social-link\"><a href=\"https:\/\/www.facebook.com\/share\/1A7WveK9ft\/?mibextid=wwXIfr\" class=\"wp-block-social-link-anchor\"><svg width=\"24\" height=\"24\" viewBox=\"0 0 24 24\" version=\"1.1\" xmlns=\"http:\/\/www.w3.org\/2000\/svg\" aria-hidden=\"true\" focusable=\"false\"><path d=\"M12 2C6.5 2 2 6.5 2 12c0 5 3.7 9.1 8.4 9.9v-7H7.9V12h2.5V9.8c0-2.5 1.5-3.9 3.8-3.9 1.1 0 2.2.2 2.2.2v2.5h-1.3c-1.2 0-1.6.8-1.6 1.6V12h2.8l-.4 2.9h-2.3v7C18.3 21.1 22 17 22 12c0-5.5-4.5-10-10-10z\"><\/path><\/svg><span class=\"wp-block-social-link-label screen-reader-text\">Facebook<\/span><\/a><\/li><\/ul>\n","protected":false},"excerpt":{"rendered":"<p>\u00c9 a TV 3.0 que ser\u00e1 lan\u00e7ada nesta quarta-feira pelo governo. O presidente Luiz In\u00e1cio Lula da Silva assina nesta quarta-feira (27), no Pal\u00e1cio do Planalto, o decreto que regulamenta a TV 3.0, a nova gera\u00e7\u00e3o da tecnologia de televis\u00e3o aberta e gratuita brasileira. Segundo o Minist\u00e9rio das Comunica\u00e7\u00f5es, a tecnologia vai revolucionar a forma [&hellip;]<\/p>\n","protected":false},"author":2,"featured_media":9274,"comment_status":"open","ping_status":"open","sticky":false,"template":"","format":"standard","meta":{"footnotes":""},"categories":[1],"tags":[],"class_list":["post-9272","post","type-post","status-publish","format-standard","has-post-thumbnail","hentry","category-geral"],"jetpack_sharing_enabled":true,"jetpack_featured_media_url":"https:\/\/i0.wp.com\/radiosisal.com\/br\/wp-content\/uploads\/2025\/08\/tv002.webp?fit=1170%2C700&ssl=1","_links":{"self":[{"href":"https:\/\/radiosisal.com\/br\/wp-json\/wp\/v2\/posts\/9272","targetHints":{"allow":["GET"]}}],"collection":[{"href":"https:\/\/radiosisal.com\/br\/wp-json\/wp\/v2\/posts"}],"about":[{"href":"https:\/\/radiosisal.com\/br\/wp-json\/wp\/v2\/types\/post"}],"author":[{"embeddable":true,"href":"https:\/\/radiosisal.com\/br\/wp-json\/wp\/v2\/users\/2"}],"replies":[{"embeddable":true,"href":"https:\/\/radiosisal.com\/br\/wp-json\/wp\/v2\/comments?post=9272"}],"version-history":[{"count":1,"href":"https:\/\/radiosisal.com\/br\/wp-json\/wp\/v2\/posts\/9272\/revisions"}],"predecessor-version":[{"id":9275,"href":"https:\/\/radiosisal.com\/br\/wp-json\/wp\/v2\/posts\/9272\/revisions\/9275"}],"wp:featuredmedia":[{"embeddable":true,"href":"https:\/\/radiosisal.com\/br\/wp-json\/wp\/v2\/media\/9274"}],"wp:attachment":[{"href":"https:\/\/radiosisal.com\/br\/wp-json\/wp\/v2\/media?parent=9272"}],"wp:term":[{"taxonomy":"category","embeddable":true,"href":"https:\/\/radiosisal.com\/br\/wp-json\/wp\/v2\/categories?post=9272"},{"taxonomy":"post_tag","embeddable":true,"href":"https:\/\/radiosisal.com\/br\/wp-json\/wp\/v2\/tags?post=9272"}],"curies":[{"name":"wp","href":"https:\/\/api.w.org\/{rel}","templated":true}]}}