{"id":9293,"date":"2025-08-28T10:12:30","date_gmt":"2025-08-28T10:12:30","guid":{"rendered":"https:\/\/radiosisal.com\/br\/?p=9293"},"modified":"2025-08-28T10:12:33","modified_gmt":"2025-08-28T10:12:33","slug":"lula-assina-decreto-da-tv-3-0-tecnologia-garante-recursos-interativos-e-melhor-qualidade-de-imagem-e-som-para-tv-aberta","status":"publish","type":"post","link":"https:\/\/radiosisal.com\/br\/2025\/08\/28\/lula-assina-decreto-da-tv-3-0-tecnologia-garante-recursos-interativos-e-melhor-qualidade-de-imagem-e-som-para-tv-aberta\/","title":{"rendered":"LULA ASSINA DECRETO DA TV 3.0; TECNOLOGIA GARANTE RECURSOS INTERATIVOS E MELHOR QUALIDADE DE IMAGEM E SOM PARA TV ABERTA"},"content":{"rendered":"\n<p><\/p>\n\n\n\n<p>Transmiss\u00f5es devem come\u00e7ar no primeiro semestre de 2026 nas grandes capitais. Expans\u00e3o para atingir todo o territ\u00f3rio nacional deve levar at\u00e9 15 anos.<\/p>\n\n\n\n<p>O presidente&nbsp;<a class=\"\" href=\"https:\/\/g1.globo.com\/tudo-sobre\/luiz-inacio-lula-da-silva\/\">Luiz In\u00e1cio Lula da Silva<\/a>&nbsp;(PT) assinou nesta quarta-feira (27) o decreto que regulamenta a TV 3.0, tamb\u00e9m chamada de DTV+.<\/p>\n\n\n\n<p>A nova tecnologia revolucionar\u00e1 a forma de assistir \u00e0 TV aberta, com melhor qualidade de imagem, som de cinema e intera\u00e7\u00e3o em tempo real, aproximando a experi\u00eancia atual dos servi\u00e7os de streaming.<\/p>\n\n\n\n<p>A partir da regulamenta\u00e7\u00e3o, as emissoras brasileiras poder\u00e3o iniciar o processo de implanta\u00e7\u00e3o do novo sistema.<\/p>\n\n\n\n<p>Segundo o governo,<strong>&nbsp;as transmiss\u00f5es devem come\u00e7ar no primeiro semestre de 2026 a partir de grandes capitais.&nbsp;<\/strong>A expans\u00e3o da cobertura para todo o territ\u00f3rio nacional levar\u00e1 cerca de 15 anos (<strong><em>entenda mais abaixo<\/em><\/strong>).<\/p>\n\n\n\n<p>O ministro das Comunica\u00e7\u00f5es, Frederico de Siqueira Filho, ressaltou a import\u00e2ncia da moderniza\u00e7\u00e3o e refor\u00e7ou que os usu\u00e1rios n\u00e3o precisar\u00e3o trocar de TV de imediato.<\/p>\n\n\n\n<p>A transi\u00e7\u00e3o, segundo Filho, ser\u00e1 gradual e haver\u00e1 um per\u00edodo de conviv\u00eancia da tecnologia atual e da nova.<\/p>\n\n\n\n<blockquote class=\"wp-block-quote is-layout-flow wp-block-quote-is-layout-flow\">\n<p>&#8220;A implanta\u00e7\u00e3o ser\u00e1 gradual, com um per\u00edodo de conviv\u00eancia entre o sinal da TV digital e o da TV 3.0 por 10 a 15 anos, per\u00edodo que pode ser prorrogado. Ser\u00e1 uma migra\u00e7\u00e3o escalonada a partir das grandes capitais&#8221;, disse o ministro.<\/p>\n<\/blockquote>\n\n\n\n<p>O presidente do F\u00f3rum Sistema Brasileiro de TV Digital (SBTVD), Raymundo Barros, destacou o salto de qualidade para o telespectador de forma gratuita. &#8220;A TV aberta reafirma seu papel como motor da transforma\u00e7\u00e3o&nbsp;social&#8221;,&nbsp;disse Barros.<\/p>\n\n\n\n<p>O diretor-presidente da<strong>&nbsp;Globo<\/strong>, Paulo Marinho, afirmou que a nova tecnologia mant\u00e9m a for\u00e7a da TV aberta e permite avan\u00e7ar na entrega de conte\u00fado de qualidade e relevante \u00e0 popula\u00e7\u00e3o brasileira.<\/p>\n\n\n\n<blockquote class=\"wp-block-quote is-layout-flow wp-block-quote-is-layout-flow\">\n<p>&#8220;\u00c9 a TV aberta cada vez mais forte, mantendo a sua relev\u00e2ncia. \u00c9 uma converg\u00eancia entre o ambiente que conhecemos, da radiodifus\u00e3o, com os meios digitais. Ent\u00e3o a gente vai proporcionar uma televis\u00e3o mais interativa, mais personalizada, com muito mais qualidade e com uma interatividade bem maior com o consumidor&#8221;, afirmou.<\/p>\n<\/blockquote>\n\n\n\n<p>Para Renata Abravanel, presidente do Grupo Silvio Santos, a TV 3.0 \u00e9 um marco de uma maior aproxima\u00e7\u00e3o com o p\u00fablico.<\/p>\n\n\n\n<p>&#8220;\u00c9 um momento hist\u00f3rico para a TV, que a gente avan\u00e7a em mais uma fronteira de interatividade, de conectividade com o nosso p\u00fablico. Ele vai poder interagir mais com a gente, participar, votar e a gente vai poder estar mais pr\u00f3ximo. \u00c9 um fortalecimento do nosso setor&#8221;, ponderou.<\/p>\n\n\n\n<p>O CEO do Grupo Record, Marcus Vin\u00edcius Vieira, destacou que al\u00e9m do ganho junto ao p\u00fablico tamb\u00e9m h\u00e1 um avan\u00e7o em termos de trazer novos neg\u00f3cios.<\/p>\n\n\n\n<p>&#8220;Para gente \u00e9 um passo enorme tecnologicamente falando. Voc\u00ea vai juntar dois mundos que h\u00e1 muito tempo j\u00e1 era um sonho. \u00c9 ganho para todo o setor, um grande avan\u00e7o. A TV 3.0 vai nos ajudar a trazer neg\u00f3cios, atender o mercado de forma geral, mas tamb\u00e9m o nosso p\u00fablico que vai ter uma plataforma mais amig\u00e1vel&#8221;, mencionou.<\/p>\n\n\n\n<p>Amilcare Dallevo, presidente da Rede TV, destacou o alcance da TV aberta para os brasileiros.<\/p>\n\n\n\n<p>&#8220;N\u00e3o tem nada que chegue em mais brasileiros do que a TV aberta, mas, na realidade, vai chegar com mais possibilidades, mais intera\u00e7\u00e3o, informa\u00e7\u00f5es e avisos no caso de uma cat\u00e1strofe, outros recursos de interatividade que hoje s\u00f3 eram dispon\u00edveis no computador. Agora, com a TV 3.0, isso tamb\u00e9m vai estar dispon\u00edvel ali na sala do&nbsp;telespectador&#8221;, frisou.<\/p>\n\n\n\n<h2 class=\"wp-block-heading\">Competitividade<\/h2>\n\n\n\n<p>J\u00e1 o presidente da Associa\u00e7\u00e3o Brasileira de Emissoras de R\u00e1dio e Televis\u00e3o (Abert), Flavio Lara Resende, mencionou que a nova tecnologia \u00e9 determinante &#8220;para que a TV aberta se mantenha competitiva, relevante e forte&#8221;.<\/p>\n\n\n\n<p>O setor, segundo Lara Resende, defende pol\u00edticas p\u00fablicas que facilitem o acesso da popula\u00e7\u00e3o, em especial de baixa renda, aos receptores&nbsp;da&nbsp;TV&nbsp;3.0.<\/p>\n\n\n\n<p>M\u00e1rcio Novaes, presidente da Associa\u00e7\u00e3o Brasileira de R\u00e1dio e Televis\u00e3o (Abratel), explicou que ser\u00e1 poss\u00edvel, tamb\u00e9m, utilizar a TV 3.0 em aparelhos celulares de forma gratuita e sem consumir pacote&nbsp;de&nbsp;dados.<\/p>\n\n\n\n<p>O ministro da Secretaria de Comunica\u00e7\u00e3o da Presid\u00eancia (Secom), Sid\u00f4nio Palmeira, afirmou que o avan\u00e7o tecnol\u00f3gico tamb\u00e9m trata da soberania nacional.<\/p>\n\n\n\n<p>Segundo Palmeira, o Brasil &#8220;n\u00e3o descrimina ningu\u00e9m&#8221; e as empresas que desejam atuar no pa\u00eds ser\u00e3o bem-vindas desde que respeitem a legisla\u00e7\u00e3o local.<\/p>\n\n\n\n<p>Sid\u00f4nio ainda destacou que os canais de TV aberta n\u00e3o ficar\u00e3o escondidos do consumidor por causa de parcerias comerciais. &#8220;Os canais de TV aberta devem ter o mesmo destaque que os&nbsp;demais&#8221;,&nbsp;disse.<\/p>\n\n\n\n<p class=\"bs-intro\">FONTE: G1<\/p>\n\n\n\n<ul class=\"wp-block-social-links has-icon-color is-style-logos-only is-vertical is-layout-flex wp-container-core-social-links-is-layout-8cf370e7 wp-block-social-links-is-layout-flex\"><li style=\"color:#0693e3;\" class=\"wp-social-link wp-social-link-whatsapp has-vivid-cyan-blue-color wp-block-social-link\"><a href=\"https:\/\/wa.me\/\/75991238048\" class=\"wp-block-social-link-anchor\"><svg width=\"24\" height=\"24\" viewBox=\"0 0 24 24\" version=\"1.1\" xmlns=\"http:\/\/www.w3.org\/2000\/svg\" aria-hidden=\"true\" focusable=\"false\"><path d=\"M 12.011719 2 C 6.5057187 2 2.0234844 6.478375 2.0214844 11.984375 C 2.0204844 13.744375 2.4814687 15.462563 3.3554688 16.976562 L 2 22 L 7.2324219 20.763672 C 8.6914219 21.559672 10.333859 21.977516 12.005859 21.978516 L 12.009766 21.978516 C 17.514766 21.978516 21.995047 17.499141 21.998047 11.994141 C 22.000047 9.3251406 20.962172 6.8157344 19.076172 4.9277344 C 17.190172 3.0407344 14.683719 2.001 12.011719 2 z M 12.009766 4 C 14.145766 4.001 16.153109 4.8337969 17.662109 6.3417969 C 19.171109 7.8517969 20.000047 9.8581875 19.998047 11.992188 C 19.996047 16.396187 16.413812 19.978516 12.007812 19.978516 C 10.674812 19.977516 9.3544062 19.642812 8.1914062 19.007812 L 7.5175781 18.640625 L 6.7734375 18.816406 L 4.8046875 19.28125 L 5.2851562 17.496094 L 5.5019531 16.695312 L 5.0878906 15.976562 C 4.3898906 14.768562 4.0204844 13.387375 4.0214844 11.984375 C 4.0234844 7.582375 7.6067656 4 12.009766 4 z M 8.4765625 7.375 C 8.3095625 7.375 8.0395469 7.4375 7.8105469 7.6875 C 7.5815469 7.9365 6.9355469 8.5395781 6.9355469 9.7675781 C 6.9355469 10.995578 7.8300781 12.182609 7.9550781 12.349609 C 8.0790781 12.515609 9.68175 15.115234 12.21875 16.115234 C 14.32675 16.946234 14.754891 16.782234 15.212891 16.740234 C 15.670891 16.699234 16.690438 16.137687 16.898438 15.554688 C 17.106437 14.971687 17.106922 14.470187 17.044922 14.367188 C 16.982922 14.263188 16.816406 14.201172 16.566406 14.076172 C 16.317406 13.951172 15.090328 13.348625 14.861328 13.265625 C 14.632328 13.182625 14.464828 13.140625 14.298828 13.390625 C 14.132828 13.640625 13.655766 14.201187 13.509766 14.367188 C 13.363766 14.534188 13.21875 14.556641 12.96875 14.431641 C 12.71875 14.305641 11.914938 14.041406 10.960938 13.191406 C 10.218937 12.530406 9.7182656 11.714844 9.5722656 11.464844 C 9.4272656 11.215844 9.5585938 11.079078 9.6835938 10.955078 C 9.7955938 10.843078 9.9316406 10.663578 10.056641 10.517578 C 10.180641 10.371578 10.223641 10.267562 10.306641 10.101562 C 10.389641 9.9355625 10.347156 9.7890625 10.285156 9.6640625 C 10.223156 9.5390625 9.737625 8.3065 9.515625 7.8125 C 9.328625 7.3975 9.131125 7.3878594 8.953125 7.3808594 C 8.808125 7.3748594 8.6425625 7.375 8.4765625 7.375 z\"><\/path><\/svg><span class=\"wp-block-social-link-label screen-reader-text\">WhatsApp<\/span><\/a><\/li>\n\n<li style=\"color:#0693e3;\" class=\"wp-social-link wp-social-link-instagram has-vivid-cyan-blue-color wp-block-social-link\"><a href=\"https:\/\/www.instagram.com\/radiosisal97.3\/profilecard\/?igsh=MWo1azd5aXNvN2hmcQ==\" class=\"wp-block-social-link-anchor\"><svg width=\"24\" height=\"24\" viewBox=\"0 0 24 24\" version=\"1.1\" xmlns=\"http:\/\/www.w3.org\/2000\/svg\" aria-hidden=\"true\" focusable=\"false\"><path d=\"M12,4.622c2.403,0,2.688,0.009,3.637,0.052c0.877,0.04,1.354,0.187,1.671,0.31c0.42,0.163,0.72,0.358,1.035,0.673 c0.315,0.315,0.51,0.615,0.673,1.035c0.123,0.317,0.27,0.794,0.31,1.671c0.043,0.949,0.052,1.234,0.052,3.637 s-0.009,2.688-0.052,3.637c-0.04,0.877-0.187,1.354-0.31,1.671c-0.163,0.42-0.358,0.72-0.673,1.035 c-0.315,0.315-0.615,0.51-1.035,0.673c-0.317,0.123-0.794,0.27-1.671,0.31c-0.949,0.043-1.233,0.052-3.637,0.052 s-2.688-0.009-3.637-0.052c-0.877-0.04-1.354-0.187-1.671-0.31c-0.42-0.163-0.72-0.358-1.035-0.673 c-0.315-0.315-0.51-0.615-0.673-1.035c-0.123-0.317-0.27-0.794-0.31-1.671C4.631,14.688,4.622,14.403,4.622,12 s0.009-2.688,0.052-3.637c0.04-0.877,0.187-1.354,0.31-1.671c0.163-0.42,0.358-0.72,0.673-1.035 c0.315-0.315,0.615-0.51,1.035-0.673c0.317-0.123,0.794-0.27,1.671-0.31C9.312,4.631,9.597,4.622,12,4.622 M12,3 C9.556,3,9.249,3.01,8.289,3.054C7.331,3.098,6.677,3.25,6.105,3.472C5.513,3.702,5.011,4.01,4.511,4.511 c-0.5,0.5-0.808,1.002-1.038,1.594C3.25,6.677,3.098,7.331,3.054,8.289C3.01,9.249,3,9.556,3,12c0,2.444,0.01,2.751,0.054,3.711 c0.044,0.958,0.196,1.612,0.418,2.185c0.23,0.592,0.538,1.094,1.038,1.594c0.5,0.5,1.002,0.808,1.594,1.038 c0.572,0.222,1.227,0.375,2.185,0.418C9.249,20.99,9.556,21,12,21s2.751-0.01,3.711-0.054c0.958-0.044,1.612-0.196,2.185-0.418 c0.592-0.23,1.094-0.538,1.594-1.038c0.5-0.5,0.808-1.002,1.038-1.594c0.222-0.572,0.375-1.227,0.418-2.185 C20.99,14.751,21,14.444,21,12s-0.01-2.751-0.054-3.711c-0.044-0.958-0.196-1.612-0.418-2.185c-0.23-0.592-0.538-1.094-1.038-1.594 c-0.5-0.5-1.002-0.808-1.594-1.038c-0.572-0.222-1.227-0.375-2.185-0.418C14.751,3.01,14.444,3,12,3L12,3z M12,7.378 c-2.552,0-4.622,2.069-4.622,4.622S9.448,16.622,12,16.622s4.622-2.069,4.622-4.622S14.552,7.378,12,7.378z M12,15 c-1.657,0-3-1.343-3-3s1.343-3,3-3s3,1.343,3,3S13.657,15,12,15z M16.804,6.116c-0.596,0-1.08,0.484-1.08,1.08 s0.484,1.08,1.08,1.08c0.596,0,1.08-0.484,1.08-1.08S17.401,6.116,16.804,6.116z\"><\/path><\/svg><span class=\"wp-block-social-link-label screen-reader-text\">Instagram<\/span><\/a><\/li>\n\n<li style=\"color:#0693e3;\" class=\"wp-social-link wp-social-link-facebook has-vivid-cyan-blue-color wp-block-social-link\"><a href=\"https:\/\/www.facebook.com\/share\/1A7WveK9ft\/?mibextid=wwXIfr\" class=\"wp-block-social-link-anchor\"><svg width=\"24\" height=\"24\" viewBox=\"0 0 24 24\" version=\"1.1\" xmlns=\"http:\/\/www.w3.org\/2000\/svg\" aria-hidden=\"true\" focusable=\"false\"><path d=\"M12 2C6.5 2 2 6.5 2 12c0 5 3.7 9.1 8.4 9.9v-7H7.9V12h2.5V9.8c0-2.5 1.5-3.9 3.8-3.9 1.1 0 2.2.2 2.2.2v2.5h-1.3c-1.2 0-1.6.8-1.6 1.6V12h2.8l-.4 2.9h-2.3v7C18.3 21.1 22 17 22 12c0-5.5-4.5-10-10-10z\"><\/path><\/svg><span class=\"wp-block-social-link-label screen-reader-text\">Facebook<\/span><\/a><\/li><\/ul>\n\n\n\n<p><\/p>\n","protected":false},"excerpt":{"rendered":"<p>Transmiss\u00f5es devem come\u00e7ar no primeiro semestre de 2026 nas grandes capitais. Expans\u00e3o para atingir todo o territ\u00f3rio nacional deve levar at\u00e9 15 anos. O presidente&nbsp;Luiz In\u00e1cio Lula da Silva&nbsp;(PT) assinou nesta quarta-feira (27) o decreto que regulamenta a TV 3.0, tamb\u00e9m chamada de DTV+. A nova tecnologia revolucionar\u00e1 a forma de assistir \u00e0 TV aberta, [&hellip;]<\/p>\n","protected":false},"author":2,"featured_media":9294,"comment_status":"open","ping_status":"open","sticky":false,"template":"","format":"standard","meta":{"footnotes":""},"categories":[1],"tags":[],"class_list":["post-9293","post","type-post","status-publish","format-standard","has-post-thumbnail","hentry","category-geral"],"jetpack_sharing_enabled":true,"jetpack_featured_media_url":"https:\/\/i0.wp.com\/radiosisal.com\/br\/wp-content\/uploads\/2025\/08\/Imagem-do-WhatsApp-de-2025-08-28-as-07.08.05_bbcae0c1.jpg?fit=984%2C432&ssl=1","_links":{"self":[{"href":"https:\/\/radiosisal.com\/br\/wp-json\/wp\/v2\/posts\/9293","targetHints":{"allow":["GET"]}}],"collection":[{"href":"https:\/\/radiosisal.com\/br\/wp-json\/wp\/v2\/posts"}],"about":[{"href":"https:\/\/radiosisal.com\/br\/wp-json\/wp\/v2\/types\/post"}],"author":[{"embeddable":true,"href":"https:\/\/radiosisal.com\/br\/wp-json\/wp\/v2\/users\/2"}],"replies":[{"embeddable":true,"href":"https:\/\/radiosisal.com\/br\/wp-json\/wp\/v2\/comments?post=9293"}],"version-history":[{"count":1,"href":"https:\/\/radiosisal.com\/br\/wp-json\/wp\/v2\/posts\/9293\/revisions"}],"predecessor-version":[{"id":9296,"href":"https:\/\/radiosisal.com\/br\/wp-json\/wp\/v2\/posts\/9293\/revisions\/9296"}],"wp:featuredmedia":[{"embeddable":true,"href":"https:\/\/radiosisal.com\/br\/wp-json\/wp\/v2\/media\/9294"}],"wp:attachment":[{"href":"https:\/\/radiosisal.com\/br\/wp-json\/wp\/v2\/media?parent=9293"}],"wp:term":[{"taxonomy":"category","embeddable":true,"href":"https:\/\/radiosisal.com\/br\/wp-json\/wp\/v2\/categories?post=9293"},{"taxonomy":"post_tag","embeddable":true,"href":"https:\/\/radiosisal.com\/br\/wp-json\/wp\/v2\/tags?post=9293"}],"curies":[{"name":"wp","href":"https:\/\/api.w.org\/{rel}","templated":true}]}}