{"id":9297,"date":"2025-08-28T10:32:35","date_gmt":"2025-08-28T10:32:35","guid":{"rendered":"https:\/\/radiosisal.com\/br\/?p=9297"},"modified":"2025-08-28T10:32:39","modified_gmt":"2025-08-28T10:32:39","slug":"vacina-do-hpv-avanca-no-publico-alvo-mas-precisa-resgatar-mais-velhos","status":"publish","type":"post","link":"https:\/\/radiosisal.com\/br\/2025\/08\/28\/vacina-do-hpv-avanca-no-publico-alvo-mas-precisa-resgatar-mais-velhos\/","title":{"rendered":"VACINA DO HPV AVAN\u00c7A NO P\u00daBLICO-ALVO, MAS PRECISA RESGATAR MAIS VELHOS"},"content":{"rendered":"\n<p><\/p>\n\n\n\n<p>Mais de 80% das meninas de 9 a 14 anos est\u00e3o protegidas.<\/p>\n\n\n\n<p>O Brasil superou a m\u00e9dia global de vacina\u00e7\u00e3o contra o Papilomav\u00edrus Humano (HPV), causador de diversos tipos de c\u00e2ncer, como&nbsp;o de colo do \u00fatero.&nbsp;<strong>De acordo com o&nbsp;<a href=\"https:\/\/agenciabrasil.ebc.com.br\/tags\/ministerio-da-saude\" target=\"_blank\" rel=\"noreferrer noopener\">Minist\u00e9rio da Sa\u00fade<\/a>, a cobertura vacinal em meninas de 9 a 14 anos atingiu 82%, enquanto a m\u00e9dia no mundo \u00e9 de 12%.<\/strong><img decoding=\"async\" src=\"https:\/\/i0.wp.com\/agenciabrasil.ebc.com.br\/ebc.png?w=1170&#038;ssl=1\" data-recalc-dims=\"1\"><img decoding=\"async\" src=\"https:\/\/i0.wp.com\/agenciabrasil.ebc.com.br\/ebc.gif?w=1170&#038;ssl=1\" data-recalc-dims=\"1\"><\/p>\n\n\n\n<p>Em 2022, a cobertura era de pouco mais de 78%. O avan\u00e7o na vacina\u00e7\u00e3o faz parte do compromisso do Brasil com a Organiza\u00e7\u00e3o Mundial da Sa\u00fade (OMS) para chegar a 90% at\u00e9 2030, o que faz parte das metas para erradicar o c\u00e2ncer de colo do \u00fatero.<\/p>\n\n\n\n<p>Al\u00e9m de impulsionar a vacina\u00e7\u00e3o entre as meninas de 9 a 14 anos, o pa\u00eds&nbsp; adota outras estrat\u00e9gias, como a inclus\u00e3o de meninos no p\u00fablico-alvo \u2500 a cobertura&nbsp;entre eles saltou de 45,46% para 67,26% em dois anos.<\/p>\n\n\n\n<p>Outra forma de ampliar o n\u00famero de pessoas vacinadas \u00e9 o chamado resgate vacinal.&nbsp;<strong>O Minist\u00e9rio da Sa\u00fade identificou que, em 2024, o Brasil tinha 7 milh\u00f5es de adolescentes de 15 a 19 anos que n\u00e3o tinham se vacinado contra o HPV.<\/strong><\/p>\n\n\n\n<p><a href=\"https:\/\/agenciabrasil.ebc.com.br\/saude\/noticia\/2025-02\/campanha-vai-estimular-vacinacao-de-adolescentes-contra-o-hpv\" target=\"_blank\" rel=\"noreferrer noopener\">Em fevereiro de 2025, a pasta&nbsp;lan\u00e7ou uma campanha para vacinar esses jovens<\/a>, tendo como priorit\u00e1rios 2,95 milh\u00f5es de adolescentes de 121 munic\u00edpios com as maiores propor\u00e7\u00f5es de adolescentes n\u00e3o protegidos. Apesar disso,&nbsp;at\u00e9 o \u00faltimo dia 21, o Minist\u00e9rio da Sa\u00fade contabiliza que foram&nbsp;vacinados apenas cerca de 106 mil jovens de 15 a 19 anos.<\/p>\n\n\n\n<p>Estados com maior n\u00famero de n\u00e3o vacinados, como S\u00e3o Paulo e Rio de Janeiro, come\u00e7aram a adotar a estrat\u00e9gia de resgate neste m\u00eas, \u201co que deve ampliar a ades\u00e3o nas pr\u00f3ximas semanas\u201d, afirma a pasta, em nota.&nbsp;<a href=\"https:\/\/agenciabrasil.ebc.com.br\/saude\/noticia\/2025-08\/rio-amplia-vacinacao-contra-hpv-para-jovens-de-ate-19-anos-de-idade\" target=\"_blank\" rel=\"noreferrer noopener\">No Rio, esse p\u00fablico \u00e9 estimado em 520 mil pessoas<\/a>.&nbsp;<br><br><a href=\"https:\/\/www.whatsapp.com\/channel\/0029VaoRTgrInlqYLSk59B2M\" target=\"_blank\" rel=\"noreferrer noopener\">&gt;&gt; Siga o canal da&nbsp;<strong>Ag\u00eancia Brasil&nbsp;<\/strong>no WhatsApp<\/a><\/p>\n\n\n\n<h2 class=\"wp-block-heading\">Preocupa\u00e7\u00e3o<\/h2>\n\n\n\n<p><strong>A Sociedade Brasileira de Imuniza\u00e7\u00f5es (SBIm) manifestou preocupa\u00e7\u00e3o com o n\u00famero de apenas 106 mil vacinados no universo de adolescentes de 15 a 19 anos.<\/strong><\/p>\n\n\n\n<p>De acordo com o especialista em pediatria Juarez Cunha, diretor da SBIm, a \u201cfalta de informa\u00e7\u00e3o para a popula\u00e7\u00e3o\u201d \u00e9 o grande problema para n\u00e3o se conseguir melhorar a cobertura vacinal dessa faixa et\u00e1ria.<\/p>\n\n\n\n<p>\u201cA gente tem que insistir mais em mecanismos, em ferramentas de comunica\u00e7\u00e3o que atinjam esses jovens\u201d, diz Cunha, que presidiu a SBIm de 2019 a 2022.<\/p>\n\n\n\n<blockquote class=\"wp-block-quote is-layout-flow wp-block-quote-is-layout-flow\">\n<p>\u201cA gente sabe que n\u00e3o \u00e9 f\u00e1cil atingir esses jovens, que ainda s\u00e3o adolescentes, mas, se levarmos o recado de que a vacina pode evitar doen\u00e7as graves como o c\u00e2ncer de colo de \u00fatero, tenho certeza que teremos uma maior ades\u00e3o\u201d, diz o especialista \u00e0&nbsp;<strong>Ag\u00eancia Brasil<\/strong>.<\/p>\n<\/blockquote>\n\n\n\n<p>Cunha aponta que, para combater a hesita\u00e7\u00e3o das pessoas em se vacinar, \u00e9 preciso refor\u00e7ar cada vez mais a confian\u00e7a na vacina e nos profissionais de sa\u00fade, autoridades e institui\u00e7\u00f5es. Ele cita tamb\u00e9m como fator de hesita\u00e7\u00e3o a \u201ccomplac\u00eancia\u201d com doen\u00e7as.<\/p>\n\n\n\n<p>\u201c\u00c9 a falsa sensa\u00e7\u00e3o de seguran\u00e7a com doen\u00e7as que as pessoas nunca viram, n\u00e3o conhecem e acham que n\u00e3o precisam se vacinar\u201d, explica o tamb\u00e9m integrante do Departamento Cient\u00edfico de Imuniza\u00e7\u00f5es da Sociedade Brasileira de Pediatria (SBP).<\/p>\n\n\n\n<p>A Sbim relembra dados de uma pesquisa da entidade filantr\u00f3pica Funda\u00e7\u00e3o do C\u00e2ncer, segundo a qual&nbsp;<strong><a href=\"https:\/\/agenciabrasil.ebc.com.br\/saude\/noticia\/2022-02\/desinformacao-e-maior-entrave-para-controle-do-cancer-do-colo-do-utero\" target=\"_blank\" rel=\"noreferrer noopener\">entre 26% e 37% dos jovens consultados n\u00e3o sabiam que a vacina contra HPV prevenia contra o c\u00e2ncer do colo do \u00fatero<\/a>.<\/strong>&nbsp;Entre os adultos respons\u00e1veis, o percentual era de 17%.&nbsp;<\/p>\n\n\n\n<p>Cunha defende a realiza\u00e7\u00e3o de campanhas de vacina\u00e7\u00e3o com hor\u00e1rios estendidos de atendimento e presen\u00e7a de profissionais capacitados para tirar d\u00favidas da popula\u00e7\u00e3o.<\/p>\n\n\n\n<p>Ao frisar que a popula\u00e7\u00e3o de baixa renda, principalmente as crian\u00e7as, s\u00e3o as mais vulner\u00e1veis a doen\u00e7as, Cunha defende articula\u00e7\u00e3o entre autoridades, sociedades m\u00e9dicas e a sociedade civil organizada para o pa\u00eds atingir os objetivos vacinais.<\/p>\n\n\n\n<p>\u201cTenho certeza de que a gente vai contornar essa situa\u00e7\u00e3o, melhorar a ades\u00e3o da popula\u00e7\u00e3o brasileira\u201d.<\/p>\n\n\n\n<h2 class=\"wp-block-heading\">A vacina<\/h2>\n\n\n\n<p>De acordo com o Instituto Nacional de C\u00e2ncer (Inca), o HPV \u00e9 respons\u00e1vel por praticamente todos (99%) os casos de c\u00e2ncer de colo de \u00fatero. Para cada ano do tri\u00eanio 2023-2025, foram estimados 17 mil casos novos no pa\u00eds. O v\u00edrus tamb\u00e9m pode causar outros tipos de c\u00e2ncer, em homens e mulheres.<\/p>\n\n\n\n<p><strong>Como a principal forma de transmiss\u00e3o \u00e9 por via sexual, a vacina contra o HPV \u00e9 mais eficaz se administrada antes do in\u00edcio da vida sexual. Por isso, a faixa et\u00e1ria da vacina\u00e7\u00e3o de rotina \u00e9 dos 9 aos 14 anos.<\/strong><\/p>\n\n\n\n<p>Ao proteger contra o v\u00edrus, a&nbsp;vacina previne&nbsp;diferentes tipos de c\u00e2ncer ligados ao HPV, como colo do \u00fatero, \u00e2nus, p\u00eanis, garganta e pesco\u00e7o, al\u00e9m de verrugas genitais.<\/p>\n\n\n\n<p><strong>Desde 2014, o Sistema \u00danico de Sa\u00fade (SUS) distribuiu mais de 75 milh\u00f5es de doses da vacina. Em 2024, a imuniza\u00e7\u00e3o passou a ser feita em dose \u00fanica.<\/strong><\/p>\n\n\n\n<h2 class=\"wp-block-heading\">Parceria<\/h2>\n\n\n\n<p>O tema vai ser um dos assuntos abordados pela SBIm na Jornada Nacional de Imuniza\u00e7\u00f5es, evento da sociedade que reunir\u00e1 especialistas de 3 a 5 de setembro em S\u00e3o Paulo.<\/p>\n\n\n\n<p>Sobre o p\u00fablico-alvo da vacina, de&nbsp;9 a 14 anos, Cunha demonstra otimismo em rela\u00e7\u00e3o \u00e0 cobertura. \u201cTemos melhorado, sim, esses n\u00fameros, e acho que vamos conseguir, em breve, chegar at\u00e9 os 90%\u201d.<\/p>\n\n\n\n<p>O Minist\u00e9rio da Sa\u00fade afirmou \u00e0<strong>&nbsp;Ag\u00eancia Brasil<\/strong>&nbsp;que \u201ctem refor\u00e7ado parcerias com sociedades cient\u00edficas, organiza\u00e7\u00f5es n\u00e3o governamentais e o Minist\u00e9rio da Educa\u00e7\u00e3o, com a\u00e7\u00f5es como vacina\u00e7\u00e3o em escolas, campanhas educativas e enfrentamento \u00e0 desinforma\u00e7\u00e3o\u201d.<\/p>\n\n\n\n<p>Em julho, foi sancionada a lei que cria a&nbsp;<a href=\"https:\/\/agenciabrasil.ebc.com.br\/saude\/noticia\/2025-07\/lula-sanciona-lei-que-cria-politica-nacional-para-enfrentamento-do-hpv\" target=\"_blank\" rel=\"noreferrer noopener\">Pol\u00edtica Nacional para Enfrentamento do HPV<\/a>, um conjunto de medidas de sa\u00fade p\u00fablica voltadas \u00e0 preven\u00e7\u00e3o, detec\u00e7\u00e3o e tratamento do Papilomav\u00edrus Humano.<\/p>\n\n\n\n<p class=\"bs-intro\">FONTE: Ag\u00eancia Brasil<\/p>\n\n\n\n<ul class=\"wp-block-social-links has-icon-color has-icon-background-color is-style-default is-vertical is-layout-flex wp-container-core-social-links-is-layout-8cf370e7 wp-block-social-links-is-layout-flex\"><li style=\"color:#0693e3;background-color:#ffffff;\" class=\"wp-social-link wp-social-link-whatsapp has-vivid-cyan-blue-color has-white-background-color wp-block-social-link\"><a href=\"https:\/\/wa.me\/\/75991238048\" class=\"wp-block-social-link-anchor\"><svg width=\"24\" height=\"24\" viewBox=\"0 0 24 24\" version=\"1.1\" xmlns=\"http:\/\/www.w3.org\/2000\/svg\" aria-hidden=\"true\" focusable=\"false\"><path d=\"M 12.011719 2 C 6.5057187 2 2.0234844 6.478375 2.0214844 11.984375 C 2.0204844 13.744375 2.4814687 15.462563 3.3554688 16.976562 L 2 22 L 7.2324219 20.763672 C 8.6914219 21.559672 10.333859 21.977516 12.005859 21.978516 L 12.009766 21.978516 C 17.514766 21.978516 21.995047 17.499141 21.998047 11.994141 C 22.000047 9.3251406 20.962172 6.8157344 19.076172 4.9277344 C 17.190172 3.0407344 14.683719 2.001 12.011719 2 z M 12.009766 4 C 14.145766 4.001 16.153109 4.8337969 17.662109 6.3417969 C 19.171109 7.8517969 20.000047 9.8581875 19.998047 11.992188 C 19.996047 16.396187 16.413812 19.978516 12.007812 19.978516 C 10.674812 19.977516 9.3544062 19.642812 8.1914062 19.007812 L 7.5175781 18.640625 L 6.7734375 18.816406 L 4.8046875 19.28125 L 5.2851562 17.496094 L 5.5019531 16.695312 L 5.0878906 15.976562 C 4.3898906 14.768562 4.0204844 13.387375 4.0214844 11.984375 C 4.0234844 7.582375 7.6067656 4 12.009766 4 z M 8.4765625 7.375 C 8.3095625 7.375 8.0395469 7.4375 7.8105469 7.6875 C 7.5815469 7.9365 6.9355469 8.5395781 6.9355469 9.7675781 C 6.9355469 10.995578 7.8300781 12.182609 7.9550781 12.349609 C 8.0790781 12.515609 9.68175 15.115234 12.21875 16.115234 C 14.32675 16.946234 14.754891 16.782234 15.212891 16.740234 C 15.670891 16.699234 16.690438 16.137687 16.898438 15.554688 C 17.106437 14.971687 17.106922 14.470187 17.044922 14.367188 C 16.982922 14.263188 16.816406 14.201172 16.566406 14.076172 C 16.317406 13.951172 15.090328 13.348625 14.861328 13.265625 C 14.632328 13.182625 14.464828 13.140625 14.298828 13.390625 C 14.132828 13.640625 13.655766 14.201187 13.509766 14.367188 C 13.363766 14.534188 13.21875 14.556641 12.96875 14.431641 C 12.71875 14.305641 11.914938 14.041406 10.960938 13.191406 C 10.218937 12.530406 9.7182656 11.714844 9.5722656 11.464844 C 9.4272656 11.215844 9.5585938 11.079078 9.6835938 10.955078 C 9.7955938 10.843078 9.9316406 10.663578 10.056641 10.517578 C 10.180641 10.371578 10.223641 10.267562 10.306641 10.101562 C 10.389641 9.9355625 10.347156 9.7890625 10.285156 9.6640625 C 10.223156 9.5390625 9.737625 8.3065 9.515625 7.8125 C 9.328625 7.3975 9.131125 7.3878594 8.953125 7.3808594 C 8.808125 7.3748594 8.6425625 7.375 8.4765625 7.375 z\"><\/path><\/svg><span class=\"wp-block-social-link-label screen-reader-text\">WhatsApp<\/span><\/a><\/li>\n\n<li style=\"color:#0693e3;background-color:#ffffff;\" class=\"wp-social-link wp-social-link-instagram has-vivid-cyan-blue-color has-white-background-color wp-block-social-link\"><a href=\"https:\/\/www.instagram.com\/radiosisal97.3\/profilecard\/?igsh=MWo1azd5aXNvN2hmcQ==\" class=\"wp-block-social-link-anchor\"><svg width=\"24\" height=\"24\" viewBox=\"0 0 24 24\" version=\"1.1\" xmlns=\"http:\/\/www.w3.org\/2000\/svg\" aria-hidden=\"true\" focusable=\"false\"><path d=\"M12,4.622c2.403,0,2.688,0.009,3.637,0.052c0.877,0.04,1.354,0.187,1.671,0.31c0.42,0.163,0.72,0.358,1.035,0.673 c0.315,0.315,0.51,0.615,0.673,1.035c0.123,0.317,0.27,0.794,0.31,1.671c0.043,0.949,0.052,1.234,0.052,3.637 s-0.009,2.688-0.052,3.637c-0.04,0.877-0.187,1.354-0.31,1.671c-0.163,0.42-0.358,0.72-0.673,1.035 c-0.315,0.315-0.615,0.51-1.035,0.673c-0.317,0.123-0.794,0.27-1.671,0.31c-0.949,0.043-1.233,0.052-3.637,0.052 s-2.688-0.009-3.637-0.052c-0.877-0.04-1.354-0.187-1.671-0.31c-0.42-0.163-0.72-0.358-1.035-0.673 c-0.315-0.315-0.51-0.615-0.673-1.035c-0.123-0.317-0.27-0.794-0.31-1.671C4.631,14.688,4.622,14.403,4.622,12 s0.009-2.688,0.052-3.637c0.04-0.877,0.187-1.354,0.31-1.671c0.163-0.42,0.358-0.72,0.673-1.035 c0.315-0.315,0.615-0.51,1.035-0.673c0.317-0.123,0.794-0.27,1.671-0.31C9.312,4.631,9.597,4.622,12,4.622 M12,3 C9.556,3,9.249,3.01,8.289,3.054C7.331,3.098,6.677,3.25,6.105,3.472C5.513,3.702,5.011,4.01,4.511,4.511 c-0.5,0.5-0.808,1.002-1.038,1.594C3.25,6.677,3.098,7.331,3.054,8.289C3.01,9.249,3,9.556,3,12c0,2.444,0.01,2.751,0.054,3.711 c0.044,0.958,0.196,1.612,0.418,2.185c0.23,0.592,0.538,1.094,1.038,1.594c0.5,0.5,1.002,0.808,1.594,1.038 c0.572,0.222,1.227,0.375,2.185,0.418C9.249,20.99,9.556,21,12,21s2.751-0.01,3.711-0.054c0.958-0.044,1.612-0.196,2.185-0.418 c0.592-0.23,1.094-0.538,1.594-1.038c0.5-0.5,0.808-1.002,1.038-1.594c0.222-0.572,0.375-1.227,0.418-2.185 C20.99,14.751,21,14.444,21,12s-0.01-2.751-0.054-3.711c-0.044-0.958-0.196-1.612-0.418-2.185c-0.23-0.592-0.538-1.094-1.038-1.594 c-0.5-0.5-1.002-0.808-1.594-1.038c-0.572-0.222-1.227-0.375-2.185-0.418C14.751,3.01,14.444,3,12,3L12,3z M12,7.378 c-2.552,0-4.622,2.069-4.622,4.622S9.448,16.622,12,16.622s4.622-2.069,4.622-4.622S14.552,7.378,12,7.378z M12,15 c-1.657,0-3-1.343-3-3s1.343-3,3-3s3,1.343,3,3S13.657,15,12,15z M16.804,6.116c-0.596,0-1.08,0.484-1.08,1.08 s0.484,1.08,1.08,1.08c0.596,0,1.08-0.484,1.08-1.08S17.401,6.116,16.804,6.116z\"><\/path><\/svg><span class=\"wp-block-social-link-label screen-reader-text\">Instagram<\/span><\/a><\/li>\n\n<li style=\"color:#0693e3;background-color:#ffffff;\" class=\"wp-social-link wp-social-link-facebook has-vivid-cyan-blue-color has-white-background-color wp-block-social-link\"><a href=\"https:\/\/www.facebook.com\/share\/1A7WveK9ft\/?mibextid=wwXIfr\" class=\"wp-block-social-link-anchor\"><svg width=\"24\" height=\"24\" viewBox=\"0 0 24 24\" version=\"1.1\" xmlns=\"http:\/\/www.w3.org\/2000\/svg\" aria-hidden=\"true\" focusable=\"false\"><path d=\"M12 2C6.5 2 2 6.5 2 12c0 5 3.7 9.1 8.4 9.9v-7H7.9V12h2.5V9.8c0-2.5 1.5-3.9 3.8-3.9 1.1 0 2.2.2 2.2.2v2.5h-1.3c-1.2 0-1.6.8-1.6 1.6V12h2.8l-.4 2.9h-2.3v7C18.3 21.1 22 17 22 12c0-5.5-4.5-10-10-10z\"><\/path><\/svg><span class=\"wp-block-social-link-label screen-reader-text\">Facebook<\/span><\/a><\/li><\/ul>\n\n\n\n<p><\/p>\n","protected":false},"excerpt":{"rendered":"<p>Mais de 80% das meninas de 9 a 14 anos est\u00e3o protegidas. O Brasil superou a m\u00e9dia global de vacina\u00e7\u00e3o contra o Papilomav\u00edrus Humano (HPV), causador de diversos tipos de c\u00e2ncer, como&nbsp;o de colo do \u00fatero.&nbsp;De acordo com o&nbsp;Minist\u00e9rio da Sa\u00fade, a cobertura vacinal em meninas de 9 a 14 anos atingiu 82%, enquanto a [&hellip;]<\/p>\n","protected":false},"author":2,"featured_media":9299,"comment_status":"open","ping_status":"open","sticky":false,"template":"","format":"standard","meta":{"footnotes":""},"categories":[1],"tags":[],"class_list":["post-9297","post","type-post","status-publish","format-standard","has-post-thumbnail","hentry","category-geral"],"jetpack_sharing_enabled":true,"jetpack_featured_media_url":"https:\/\/i0.wp.com\/radiosisal.com\/br\/wp-content\/uploads\/2025\/08\/projeto_desinformacao_vacinacao_-_cleiton_freitas_3.webp?fit=1170%2C700&ssl=1","_links":{"self":[{"href":"https:\/\/radiosisal.com\/br\/wp-json\/wp\/v2\/posts\/9297","targetHints":{"allow":["GET"]}}],"collection":[{"href":"https:\/\/radiosisal.com\/br\/wp-json\/wp\/v2\/posts"}],"about":[{"href":"https:\/\/radiosisal.com\/br\/wp-json\/wp\/v2\/types\/post"}],"author":[{"embeddable":true,"href":"https:\/\/radiosisal.com\/br\/wp-json\/wp\/v2\/users\/2"}],"replies":[{"embeddable":true,"href":"https:\/\/radiosisal.com\/br\/wp-json\/wp\/v2\/comments?post=9297"}],"version-history":[{"count":1,"href":"https:\/\/radiosisal.com\/br\/wp-json\/wp\/v2\/posts\/9297\/revisions"}],"predecessor-version":[{"id":9300,"href":"https:\/\/radiosisal.com\/br\/wp-json\/wp\/v2\/posts\/9297\/revisions\/9300"}],"wp:featuredmedia":[{"embeddable":true,"href":"https:\/\/radiosisal.com\/br\/wp-json\/wp\/v2\/media\/9299"}],"wp:attachment":[{"href":"https:\/\/radiosisal.com\/br\/wp-json\/wp\/v2\/media?parent=9297"}],"wp:term":[{"taxonomy":"category","embeddable":true,"href":"https:\/\/radiosisal.com\/br\/wp-json\/wp\/v2\/categories?post=9297"},{"taxonomy":"post_tag","embeddable":true,"href":"https:\/\/radiosisal.com\/br\/wp-json\/wp\/v2\/tags?post=9297"}],"curies":[{"name":"wp","href":"https:\/\/api.w.org\/{rel}","templated":true}]}}