{"id":9313,"date":"2025-08-29T10:08:37","date_gmt":"2025-08-29T10:08:37","guid":{"rendered":"https:\/\/radiosisal.com\/br\/?p=9313"},"modified":"2025-08-29T10:08:39","modified_gmt":"2025-08-29T10:08:39","slug":"saiba-quais-sao-as-10-cidades-baianas-que-mais-perderam-populacao","status":"publish","type":"post","link":"https:\/\/radiosisal.com\/br\/2025\/08\/29\/saiba-quais-sao-as-10-cidades-baianas-que-mais-perderam-populacao\/","title":{"rendered":"SAIBA QUAIS S\u00c3O AS 10 CIDADES BAIANAS QUE MAIS PERDERAM POPULA\u00c7\u00c3O"},"content":{"rendered":"\n<p><\/p>\n\n\n\n<p>Bahia \u00e9 o quinto estado que menos registra crescimento populacional no Brasil.<\/p>\n\n\n\n<p>A Bahia \u00e9 o quinto estado que menos registra crescimento populacional no pa\u00eds. Segundo o Instituto Brasileiro de Geografia e Estat\u00edstica (IBGE), a Bahia s\u00f3 aumentou a popula\u00e7\u00e3o em 0,1% entre 2024 e 2025. O baixo crescimento populacional \u00e9 resultado de uma din\u00e2mica demogr\u00e1fica em que 4 de cada 10 munic\u00edpios do estado tiveram quedas nos totais de habitantes de um ano para o outro (44,1%).<\/p>\n\n\n\n<p>Para Cl\u00edmaco Dias, ge\u00f3grafo e professor do Departamento de Geografia da Universidade Federal da Bahia (Ufba), a estagna\u00e7\u00e3o econ\u00f4mica do estado e o crescimento lento da economia por falta de gera\u00e7\u00e3o de emprego s\u00e3o dois fatores que contribuem para a falta de crescimento populacional. \u201cH\u00e1, sobretudo, pouca gera\u00e7\u00e3o de emprego no campo. Tudo isso aliada \u00e0 redu\u00e7\u00e3o da natalidade tamb\u00e9m contribuem para esse cen\u00e1rio\u201d, aponta.<\/p>\n\n\n\n<p>O CORREIO listou as 10 cidades que mais perderam popula\u00e7\u00e3o na Bahia em n\u00fameros relativos. Confira cada uma delas na galeria abaixo:<\/p>\n\n\n\n<p><em>1) Una <\/em><\/p>\n\n\n\n<p><em>2) S\u00e3o F\u00e9lix <\/em><\/p>\n\n\n\n<p><em>3) Camacan <\/em><\/p>\n\n\n\n<p><em>4) Pirip\u00e1 <\/em><\/p>\n\n\n\n<p><em>5) Novo Triunf<\/em>o<\/p>\n\n\n\n<p><em>6) Santa Cruz da Vit\u00f3ria <\/em><\/p>\n\n\n\n<p><em>7) Mundo Novo <\/em><\/p>\n\n\n\n<p>8) Caatiba <\/p>\n\n\n\n<p>9) Gongoi <br>10) Ubat\u00e3 <br><\/p>\n\n\n\n<p>FONTE: correio24horas<\/p>\n","protected":false},"excerpt":{"rendered":"<p>Bahia \u00e9 o quinto estado que menos registra crescimento populacional no Brasil. A Bahia \u00e9 o quinto estado que menos registra crescimento populacional no pa\u00eds. Segundo o Instituto Brasileiro de Geografia e Estat\u00edstica (IBGE), a Bahia s\u00f3 aumentou a popula\u00e7\u00e3o em 0,1% entre 2024 e 2025. O baixo crescimento populacional \u00e9 resultado de uma din\u00e2mica [&hellip;]<\/p>\n","protected":false},"author":2,"featured_media":9314,"comment_status":"open","ping_status":"open","sticky":false,"template":"","format":"standard","meta":{"footnotes":""},"categories":[1],"tags":[],"class_list":["post-9313","post","type-post","status-publish","format-standard","has-post-thumbnail","hentry","category-geral"],"jetpack_sharing_enabled":true,"jetpack_featured_media_url":"https:\/\/i0.wp.com\/radiosisal.com\/br\/wp-content\/uploads\/2025\/08\/una-2885740-article.webp?fit=600%2C338&ssl=1","_links":{"self":[{"href":"https:\/\/radiosisal.com\/br\/wp-json\/wp\/v2\/posts\/9313","targetHints":{"allow":["GET"]}}],"collection":[{"href":"https:\/\/radiosisal.com\/br\/wp-json\/wp\/v2\/posts"}],"about":[{"href":"https:\/\/radiosisal.com\/br\/wp-json\/wp\/v2\/types\/post"}],"author":[{"embeddable":true,"href":"https:\/\/radiosisal.com\/br\/wp-json\/wp\/v2\/users\/2"}],"replies":[{"embeddable":true,"href":"https:\/\/radiosisal.com\/br\/wp-json\/wp\/v2\/comments?post=9313"}],"version-history":[{"count":1,"href":"https:\/\/radiosisal.com\/br\/wp-json\/wp\/v2\/posts\/9313\/revisions"}],"predecessor-version":[{"id":9315,"href":"https:\/\/radiosisal.com\/br\/wp-json\/wp\/v2\/posts\/9313\/revisions\/9315"}],"wp:featuredmedia":[{"embeddable":true,"href":"https:\/\/radiosisal.com\/br\/wp-json\/wp\/v2\/media\/9314"}],"wp:attachment":[{"href":"https:\/\/radiosisal.com\/br\/wp-json\/wp\/v2\/media?parent=9313"}],"wp:term":[{"taxonomy":"category","embeddable":true,"href":"https:\/\/radiosisal.com\/br\/wp-json\/wp\/v2\/categories?post=9313"},{"taxonomy":"post_tag","embeddable":true,"href":"https:\/\/radiosisal.com\/br\/wp-json\/wp\/v2\/tags?post=9313"}],"curies":[{"name":"wp","href":"https:\/\/api.w.org\/{rel}","templated":true}]}}