{"id":9347,"date":"2025-09-01T12:34:43","date_gmt":"2025-09-01T12:34:43","guid":{"rendered":"https:\/\/radiosisal.com\/br\/?p=9347"},"modified":"2025-09-01T12:34:47","modified_gmt":"2025-09-01T12:34:47","slug":"setembro-comeca-com-calor-e-ar-seco-em-boa-parte-do-pais-semana-tera-virada-de-tempo-no-sul","status":"publish","type":"post","link":"https:\/\/radiosisal.com\/br\/2025\/09\/01\/setembro-comeca-com-calor-e-ar-seco-em-boa-parte-do-pais-semana-tera-virada-de-tempo-no-sul\/","title":{"rendered":"SETEMBRO COME\u00c7A COM CALOR E AR SECO EM BOA PARTE DO PA\u00cdS; SEMANA TER\u00c1 VIRADA DE TEMPO NO SUL"},"content":{"rendered":"\n<p><\/p>\n\n\n\n<p>M\u00eas tende a ser quente, com retorno gradual de pancadas de fim de tarde e risco de ondas de calor no Centro-Oeste e em \u00e1reas do Sudeste.<\/p>\n\n\n\n<p>Com mais horas de\u00a0<strong>sol<\/strong>,\u00a0<strong>tardes quentes<\/strong>\u00a0e\u00a0<strong>pancadas r\u00e1pidas\u00a0<\/strong>e irregulares no fim do dia. \u00c9 assim que setembro deve come\u00e7ar em boa parte do pa\u00eds.<\/p>\n\n\n\n<p>Nesta segunda (1\u00ba), a atmosfera ainda privilegia o&nbsp;<strong>calor&nbsp;<\/strong>e o<strong>&nbsp;ar seco<\/strong>&nbsp;em boa parte do Centro-Oeste, do Sudeste e do interior do Nordeste, cen\u00e1rio que deve se estender pelos pr\u00f3ximos dias.<\/p>\n\n\n\n<blockquote class=\"wp-block-quote is-layout-flow wp-block-quote-is-layout-flow\">\n<p>&#8220;A primeira semana de setembro promete ser bastante quente no Centro-Oeste e no Sudeste do Brasil&#8221;, explica C\u00e9sar Soares, meteorologista da Climatempo.<\/p>\n<\/blockquote>\n\n\n\n<p>Ao mesmo tempo, tamb\u00e9m nesta semana, o Sul deve voltar a sentir o peso do&nbsp;<strong>vento&nbsp;<\/strong>e de&nbsp;<strong>\u00e1reas de instabilidade<\/strong>&nbsp;ligadas a um ciclone na Argentina.<\/p>\n\n\n\n<p>O efeito imediato \u00e9 um come\u00e7o de semana ventoso no Rio Grande do Sul, com&nbsp;<strong>rajadas moderadas<\/strong>&nbsp;a&nbsp;<strong>fortes&nbsp;<\/strong>sobretudo no Oeste, no litoral e na Lagoa dos Patos.<\/p>\n\n\n\n<p>J\u00e1 a chuva aparece de forma mais concentrada entre o Oeste e o Sul ga\u00facho e, na sequ\u00eancia, avan\u00e7a pontualmente por outras \u00e1reas, mas o impacto maior \u00e9 o&nbsp;<strong>vento<\/strong>.<\/p>\n\n\n\n<p>Segundo a Climatempo, Porto Alegre (RS) deve registrar m\u00e1xima de&nbsp;<strong>30 \u00b0C<\/strong>&nbsp;nesta segunda, mas o tempo inst\u00e1vel ganha for\u00e7a ao longo da semana, com pancadas de chuva mais frequentes j\u00e1 na ter\u00e7a-feira.<\/p>\n\n\n\n<p>Em Florian\u00f3polis (SC), a segunda ter\u00e1 m\u00e1xima de&nbsp;<strong>21 \u00b0C<\/strong>, com chuva mais persistente, enquanto Curitiba (PR) ter\u00e1 m\u00ednima de&nbsp;<strong>13 \u00b0C<\/strong>&nbsp;e m\u00e1xima de&nbsp;<strong>21 \u00b0C<\/strong>, com nebulosidade e possibilidade de garoa.<\/p>\n\n\n<div class=\"wp-block-image\">\n<figure class=\"aligncenter is-resized\"><img decoding=\"async\" src=\"https:\/\/i0.wp.com\/s2-g1.glbimg.com\/0DiCSlt8sIIpocHJG3WFVYFY4u4=\/0x0:1301x1651\/984x0\/smart\/filters:strip_icc()\/i.s3.glbimg.com\/v1\/AUTH_59edd422c0c84a879bd37670ae4f538a\/internal_photos\/bs\/2025\/6\/7\/8i75BAQzCfIYz0PJZG8g\/250830-info-temp-setembro.jpg?w=1170&#038;ssl=1\" alt=\"Previs\u00e3o de temperaturas em setembro. \u2014 Foto: Arte\/g1 - Kayan Albertin\" style=\"width:510px;height:auto\" data-recalc-dims=\"1\"\/><figcaption class=\"wp-element-caption\">Previs\u00e3o de temperaturas em setembro. \u2014 Foto: Arte\/g1 &#8211; Kayan Albertin<\/figcaption><\/figure>\n<\/div>\n\n\n<p>No Sudeste, esta segunda-feira ser\u00e1 de&nbsp;<strong>sol&nbsp;<\/strong>e&nbsp;<strong>tempo firme<\/strong>&nbsp;na maior parte das cidades, com nuvens crescendo ao longo do dia.<\/p>\n\n\n\n<p>S\u00e3o Paulo (SP) tem um in\u00edcio de m\u00eas t\u00edpico de transi\u00e7\u00e3o de esta\u00e7\u00e3o: manh\u00e3s amenas, tardes agrad\u00e1veis e c\u00e9u mais carregado \u00e0 noite, sem previs\u00e3o de chuva agora.&nbsp;A m\u00ednima ser\u00e1 de<strong>&nbsp;15 \u00b0C<\/strong>&nbsp;e a m\u00e1xima de&nbsp;<strong>27 \u00b0C.<\/strong><\/p>\n\n\n\n<p>J\u00e1 no Rio de Janeiro (RJ), a previs\u00e3o indica m\u00ednima de&nbsp;<strong>18 \u00b0C&nbsp;<\/strong>e m\u00e1xima de&nbsp;<strong>27 \u00b0C<\/strong>, com sol forte, mas possibilidade de chuva passageira no per\u00edodo da tarde.<\/p>\n\n\n\n<ul class=\"wp-block-list\">\n<li>\u2601\ufe0f\u00a0<a class=\"\" href=\"https:\/\/g1.globo.com\/previsao-do-tempo\/\">Veja a previs\u00e3o do tempo na sua cidade<\/a><\/li>\n<\/ul>\n\n\n\n<p>Vit\u00f3ria (ES) j\u00e1 entra na rota de uma umidade costeira que rende chuva passageira em parte do dia.<\/p>\n\n\n\n<p>Ao longo da semana, o calor aumenta no interior da regi\u00e3o, com picos entre&nbsp;<strong>34 \u00b0C<\/strong>&nbsp;e&nbsp;<strong>37 \u00b0C<\/strong>&nbsp;no norte e no oeste de SP e em faixas de MG, e a tend\u00eancia \u00e9 que as nuvens de fim de tarde ganhem terreno nos pr\u00f3ximos dias, ainda de forma bastante irregular.<\/p>\n\n\n\n<p>No Centro-Oeste setembro sob dom\u00ednio do calor. Campo Grande (MS) inicia a semana com tempo aberto, muitas nuvens \u00e0 tarde e ar seco.<\/p>\n\n\n\n<p>Cuiab\u00e1 (MT) deve bater os&nbsp;<strong>40 \u00b0C&nbsp;<\/strong>em diferentes tardes da semana, com umidade m\u00ednima em torno de 20% nos hor\u00e1rios mais quentes.<\/p>\n\n\n\n<p>Em Bras\u00edlia (DF), o tempo seco volta a chamar aten\u00e7\u00e3o: os term\u00f4metros marcam m\u00ednima d<strong>e 17 \u00b0C<\/strong>&nbsp;e m\u00e1xima de<strong>&nbsp;30 \u00b0C&nbsp;<\/strong>nesta segunda-feira, sem chuva e com umidade do ar em queda.<\/p>\n\n\n\n<p>Goi\u00e2nia (GO) tamb\u00e9m segue sob tempo firme, com m\u00ednima de&nbsp;<strong>19 \u00b0C<\/strong>&nbsp;e m\u00e1xima de&nbsp;<strong>31 \u00b0C<\/strong>.<\/p>\n\n\n\n<p>Na regi\u00e3o, a semana, em geral, ser\u00e1 de poucas mudan\u00e7as: calor persistente, ar seco e, pontualmente, nuvens de tempo quente com&nbsp;<strong>chuva mal distribu\u00edda<\/strong>.<\/p>\n\n\n<div class=\"wp-block-image\">\n<figure class=\"aligncenter is-resized\"><img decoding=\"async\" src=\"https:\/\/i0.wp.com\/s2-g1.glbimg.com\/iBIu1MN2E4U6tNFc6GAw-ni6oEo=\/0x0:1301x1651\/984x0\/smart\/filters:strip_icc()\/i.s3.glbimg.com\/v1\/AUTH_59edd422c0c84a879bd37670ae4f538a\/internal_photos\/bs\/2025\/q\/0\/Bqz713S8CfAlcf5UkBRw\/250830-info-chuva-setembro.jpg?w=1170&#038;ssl=1\" alt=\"Previs\u00e3o de chuvas em setembro. \u2014 Foto: Arte\/g1 - Kayan Albertin\" style=\"width:449px;height:auto\" data-recalc-dims=\"1\"\/><figcaption class=\"wp-element-caption\">Previs\u00e3o de chuvas em setembro. \u2014 Foto: Arte\/g1 &#8211; Kayan Albertin<\/figcaption><\/figure>\n<\/div>\n\n\n<p><\/p>\n\n\n\n<p><a href=\"https:\/\/3cf38ae5fed80b1e11d88fcbddb3a7a2.safeframe.googlesyndication.com\/safeframe\/1-0-45\/html\/container.html\">https:\/\/3cf38ae5fed80b1e11d88fcbddb3a7a2.safeframe.googlesyndication.com\/safeframe\/1-0-45\/html\/container.html<\/a><\/p>\n\n\n\n<h2 class=\"wp-block-heading\">Nordeste e Norte do pa\u00eds<\/h2>\n\n\n\n<p>No Nordeste, as capitais mant\u00eam o vaiv\u00e9m da umidade do mar ao longo do m\u00eas, pelo menos no litoral.<\/p>\n\n\n\n<p>Estados como Pernambuco e Para\u00edba podem registrar<strong>&nbsp;volumes de chuva mais elevados<\/strong>, embora em&nbsp;<strong>curtos per\u00edodos.<\/strong><\/p>\n\n\n\n<p>Nesta semana, Salvador (BA), Recife (PE) e Jo\u00e3o Pessoa (PB) seguem com sol entre nuvens e chuva r\u00e1pida em diferentes momentos do dia.<\/p>\n\n\n\n<p>Na capital paraibana e em Natal (RN), as m\u00e1ximas girar\u00e3o em torno de&nbsp;<strong>28 \u00b0C<\/strong>, com pancadas ao longo do dia.<\/p>\n\n\n\n<p><a class=\"\" href=\"https:\/\/g1.globo.com\/previsao-do-tempo\/pi\/teresina.ghtml#:~:text=Sol%20com%20muitas%20nuvens%20durante,Noite%20com%20muitas%20nuvens.\">J\u00e1 em Teresina (PI), o tempo firme garante calor\u00e3o, com m\u00e1xima prevista de&nbsp;<strong>36 \u00b0C<\/strong>.<\/a><\/p>\n\n\n\n<p>Na Regi\u00e3o Norte, Bel\u00e9m (PA) tem previs\u00e3o de m\u00ednima de<strong>&nbsp;24 \u00b0C<\/strong>&nbsp;e m\u00e1xima de&nbsp;<strong>33 \u00b0C&nbsp;<\/strong>nesta segunda, com sol e aumento de nuvens, mas sem chuva.<\/p>\n\n\n\n<p>Manaus (AM) segue no mesmo ritmo, com m\u00e1xima de<strong>&nbsp;32 \u00b0C<\/strong>. Em Boa Vista (RR), h\u00e1 chance de pancadas isoladas, com temperatura chegando a<strong>&nbsp;32 \u00b0C<\/strong>.<\/p>\n\n\n\n<p>Em toda a regi\u00e3o, o m\u00eas abre com dois cen\u00e1rios. Ao norte do Amazonas e em&nbsp;<a class=\"\" href=\"https:\/\/g1.globo.com\/previsao-do-tempo\/rr\/boa-vista.ghtml#:~:text=Sol%2C%20com%20pancadas%20de%20chuva,%C3%80%20noite%2C%20tempo%20firme.\">Roraima, segue a irregularidade de chuva, ora com pancadas, ora com tempo firme.<\/a><\/p>\n\n\n\n<p>J\u00e1 no sul do Amazonas, no Acre e em Rond\u00f4nia, a&nbsp;<strong>frequ\u00eancia de nuvens<\/strong>&nbsp;e<strong>&nbsp;precipita\u00e7\u00f5es<\/strong>&nbsp;tende a aumentar de forma gradual, reduzindo um pouco o calor\u00e3o em alguns per\u00edodos.<\/p>\n\n\n\n<h2 class=\"wp-block-heading\">La Ni\u00f1a ganha for\u00e7a<\/h2>\n\n\n\n<p>Outro fator que chama aten\u00e7\u00e3o neste in\u00edcio de setembro \u00e9 o&nbsp;<strong>resfriamento das \u00e1guas<\/strong>&nbsp;do Oceano Pac\u00edfico Equatorial.<\/p>\n\n\n\n<p>Segundo os meteorologistas, o fen\u00f4meno<strong>&nbsp;La Ni\u00f1a&nbsp;<\/strong>ainda n\u00e3o est\u00e1 consolidado, mas deve ganhar for\u00e7a ao longo da primavera, com probabilidade crescente de se instalar nos pr\u00f3ximos meses.<\/p>\n\n\n\n<p>\u2744\ufe0fO La Ni\u00f1a ocorre quando h\u00e1 o resfriamento da faixa Equatorial Central e Centro-Leste do Oceano Pac\u00edfico. Ele \u00e9 estabelecido quando h\u00e1 uma&nbsp;<strong>diminui\u00e7\u00e3o igual ou maior a 0,5\u00b0C<\/strong>&nbsp;nas \u00e1guas do oceano.<\/p>\n\n\n\n<p>Se confirmado, o efeito do<strong>&nbsp;La Ni\u00f1a<\/strong>&nbsp;pode intensificar as chuvas no Norte e no Nordeste, al\u00e9m de favorecer per\u00edodos mais secos no Sul do pa\u00eds.<\/p>\n\n\n<div class=\"wp-block-image\">\n<figure class=\"aligncenter is-resized\"><img decoding=\"async\" src=\"https:\/\/i0.wp.com\/s2-g1.glbimg.com\/K-cz6apxe2OTJ0OMXjMZIqONuRg=\/0x0:686x670\/984x0\/smart\/filters:strip_icc()\/i.s3.glbimg.com\/v1\/AUTH_59edd422c0c84a879bd37670ae4f538a\/internal_photos\/bs\/2025\/j\/g\/rgMRitQs2L2C5Im4pUUg\/inmet-1-de-setembro.png?w=1170&#038;ssl=1\" alt=\"Mapa mostra previs\u00e3o de chuva para esta segunda (01) em todo o Brasil. \u2014 Foto: Inmet\/Reprodu\u00e7\u00e3o\" style=\"width:528px;height:auto\" data-recalc-dims=\"1\"\/><figcaption class=\"wp-element-caption\">Mapa mostra previs\u00e3o de chuva para esta segunda (01) em todo o Brasil. \u2014 Foto: Inmet\/Reprodu\u00e7\u00e3o<\/figcaption><\/figure>\n<\/div>\n\n\n<p><\/p>\n\n\n\n<p>A irregularidade nas pancadas de fim de tarde do Sudeste e do Centro-Oeste tamb\u00e9m pode estar ligada a esse padr\u00e3o, que altera a circula\u00e7\u00e3o de ventos em grande escala.<\/p>\n\n\n\n<p>At\u00e9 l\u00e1, setembro segue como um m\u00eas de transi\u00e7\u00e3o:<strong>&nbsp;sol forte, tardes quentes&nbsp;<\/strong>e<strong>&nbsp;chuvas ainda mal distribu\u00eddas.<\/strong><\/p>\n\n\n\n<p>Nos primeiros dias do m\u00eas essa tend\u00eancia deve ficar mais evidente, com capitais do Centro-Oeste registrando&nbsp;<strong>calor intenso&nbsp;<\/strong>e o Sul do pa\u00eds sob&nbsp;<strong>risco de temporais.<\/strong><\/p>\n\n\n\n<p>A partir da segunda quinzena, o retorno das chuvas deve se espalhar por mais \u00e1reas, preparando o caminho para a primavera que come\u00e7a oficialmente no dia 22.<\/p>\n\n\n<div class=\"wp-block-image\">\n<figure class=\"aligncenter is-resized\"><img decoding=\"async\" src=\"https:\/\/i0.wp.com\/s2-g1.glbimg.com\/GBt7MR1xHkkVrIGm0V-Mb1v9B78=\/0x0:1238x1602\/984x0\/smart\/filters:strip_icc()\/i.s3.glbimg.com\/v1\/AUTH_59edd422c0c84a879bd37670ae4f538a\/internal_photos\/bs\/2025\/g\/2\/RVzjbJTPWyEfmbCqanvQ\/tmax-bra-072.png?w=1170&#038;ssl=1\" alt=\"Mapa mostra previs\u00e3o de temperatura m\u00e1xima para esta segunda (01). \u2014 Foto: CPTEC\/Inpe\" style=\"width:510px;height:auto\" data-recalc-dims=\"1\"\/><figcaption class=\"wp-element-caption\">Mapa mostra previs\u00e3o de temperatura m\u00e1xima para esta segunda (01). \u2014 Foto: CPTEC\/Inpe<\/figcaption><\/figure>\n<\/div>\n\n\n<p><\/p>\n\n\n\n<h2 class=\"wp-block-heading\">Veja como ficam as temperaturas em TODAS as capitais brasileiras, segundo o&nbsp;<a class=\"\" href=\"https:\/\/g1.globo.com\/tudo-sobre\/inmet\/\">Inmet<\/a>:<\/h2>\n\n\n\n<p><a href=\"https:\/\/flo.uri.sh\/visualisation\/24900537\/embed?auto=1\">https:\/\/flo.uri.sh\/visualisation\/24900537\/embed?auto=1<\/a><\/p>\n\n\n\n<p class=\"bs-intro\">FONTE: G1<\/p>\n\n\n\n<ul class=\"wp-block-social-links has-icon-color is-style-logos-only is-vertical is-layout-flex wp-container-core-social-links-is-layout-8cf370e7 wp-block-social-links-is-layout-flex\"><li style=\"color:#0693e3;\" class=\"wp-social-link wp-social-link-whatsapp has-vivid-cyan-blue-color wp-block-social-link\"><a href=\"https:\/\/wa.me\/\/75991238048\" class=\"wp-block-social-link-anchor\"><svg width=\"24\" height=\"24\" viewBox=\"0 0 24 24\" version=\"1.1\" xmlns=\"http:\/\/www.w3.org\/2000\/svg\" aria-hidden=\"true\" focusable=\"false\"><path d=\"M 12.011719 2 C 6.5057187 2 2.0234844 6.478375 2.0214844 11.984375 C 2.0204844 13.744375 2.4814687 15.462563 3.3554688 16.976562 L 2 22 L 7.2324219 20.763672 C 8.6914219 21.559672 10.333859 21.977516 12.005859 21.978516 L 12.009766 21.978516 C 17.514766 21.978516 21.995047 17.499141 21.998047 11.994141 C 22.000047 9.3251406 20.962172 6.8157344 19.076172 4.9277344 C 17.190172 3.0407344 14.683719 2.001 12.011719 2 z M 12.009766 4 C 14.145766 4.001 16.153109 4.8337969 17.662109 6.3417969 C 19.171109 7.8517969 20.000047 9.8581875 19.998047 11.992188 C 19.996047 16.396187 16.413812 19.978516 12.007812 19.978516 C 10.674812 19.977516 9.3544062 19.642812 8.1914062 19.007812 L 7.5175781 18.640625 L 6.7734375 18.816406 L 4.8046875 19.28125 L 5.2851562 17.496094 L 5.5019531 16.695312 L 5.0878906 15.976562 C 4.3898906 14.768562 4.0204844 13.387375 4.0214844 11.984375 C 4.0234844 7.582375 7.6067656 4 12.009766 4 z M 8.4765625 7.375 C 8.3095625 7.375 8.0395469 7.4375 7.8105469 7.6875 C 7.5815469 7.9365 6.9355469 8.5395781 6.9355469 9.7675781 C 6.9355469 10.995578 7.8300781 12.182609 7.9550781 12.349609 C 8.0790781 12.515609 9.68175 15.115234 12.21875 16.115234 C 14.32675 16.946234 14.754891 16.782234 15.212891 16.740234 C 15.670891 16.699234 16.690438 16.137687 16.898438 15.554688 C 17.106437 14.971687 17.106922 14.470187 17.044922 14.367188 C 16.982922 14.263188 16.816406 14.201172 16.566406 14.076172 C 16.317406 13.951172 15.090328 13.348625 14.861328 13.265625 C 14.632328 13.182625 14.464828 13.140625 14.298828 13.390625 C 14.132828 13.640625 13.655766 14.201187 13.509766 14.367188 C 13.363766 14.534188 13.21875 14.556641 12.96875 14.431641 C 12.71875 14.305641 11.914938 14.041406 10.960938 13.191406 C 10.218937 12.530406 9.7182656 11.714844 9.5722656 11.464844 C 9.4272656 11.215844 9.5585938 11.079078 9.6835938 10.955078 C 9.7955938 10.843078 9.9316406 10.663578 10.056641 10.517578 C 10.180641 10.371578 10.223641 10.267562 10.306641 10.101562 C 10.389641 9.9355625 10.347156 9.7890625 10.285156 9.6640625 C 10.223156 9.5390625 9.737625 8.3065 9.515625 7.8125 C 9.328625 7.3975 9.131125 7.3878594 8.953125 7.3808594 C 8.808125 7.3748594 8.6425625 7.375 8.4765625 7.375 z\"><\/path><\/svg><span class=\"wp-block-social-link-label screen-reader-text\">WhatsApp<\/span><\/a><\/li>\n\n<li style=\"color:#0693e3;\" class=\"wp-social-link wp-social-link-instagram has-vivid-cyan-blue-color wp-block-social-link\"><a href=\"https:\/\/www.instagram.com\/radiosisal97.3\/profilecard\/?igsh=MWo1azd5aXNvN2hmcQ==\" class=\"wp-block-social-link-anchor\"><svg width=\"24\" height=\"24\" viewBox=\"0 0 24 24\" version=\"1.1\" xmlns=\"http:\/\/www.w3.org\/2000\/svg\" aria-hidden=\"true\" focusable=\"false\"><path d=\"M12,4.622c2.403,0,2.688,0.009,3.637,0.052c0.877,0.04,1.354,0.187,1.671,0.31c0.42,0.163,0.72,0.358,1.035,0.673 c0.315,0.315,0.51,0.615,0.673,1.035c0.123,0.317,0.27,0.794,0.31,1.671c0.043,0.949,0.052,1.234,0.052,3.637 s-0.009,2.688-0.052,3.637c-0.04,0.877-0.187,1.354-0.31,1.671c-0.163,0.42-0.358,0.72-0.673,1.035 c-0.315,0.315-0.615,0.51-1.035,0.673c-0.317,0.123-0.794,0.27-1.671,0.31c-0.949,0.043-1.233,0.052-3.637,0.052 s-2.688-0.009-3.637-0.052c-0.877-0.04-1.354-0.187-1.671-0.31c-0.42-0.163-0.72-0.358-1.035-0.673 c-0.315-0.315-0.51-0.615-0.673-1.035c-0.123-0.317-0.27-0.794-0.31-1.671C4.631,14.688,4.622,14.403,4.622,12 s0.009-2.688,0.052-3.637c0.04-0.877,0.187-1.354,0.31-1.671c0.163-0.42,0.358-0.72,0.673-1.035 c0.315-0.315,0.615-0.51,1.035-0.673c0.317-0.123,0.794-0.27,1.671-0.31C9.312,4.631,9.597,4.622,12,4.622 M12,3 C9.556,3,9.249,3.01,8.289,3.054C7.331,3.098,6.677,3.25,6.105,3.472C5.513,3.702,5.011,4.01,4.511,4.511 c-0.5,0.5-0.808,1.002-1.038,1.594C3.25,6.677,3.098,7.331,3.054,8.289C3.01,9.249,3,9.556,3,12c0,2.444,0.01,2.751,0.054,3.711 c0.044,0.958,0.196,1.612,0.418,2.185c0.23,0.592,0.538,1.094,1.038,1.594c0.5,0.5,1.002,0.808,1.594,1.038 c0.572,0.222,1.227,0.375,2.185,0.418C9.249,20.99,9.556,21,12,21s2.751-0.01,3.711-0.054c0.958-0.044,1.612-0.196,2.185-0.418 c0.592-0.23,1.094-0.538,1.594-1.038c0.5-0.5,0.808-1.002,1.038-1.594c0.222-0.572,0.375-1.227,0.418-2.185 C20.99,14.751,21,14.444,21,12s-0.01-2.751-0.054-3.711c-0.044-0.958-0.196-1.612-0.418-2.185c-0.23-0.592-0.538-1.094-1.038-1.594 c-0.5-0.5-1.002-0.808-1.594-1.038c-0.572-0.222-1.227-0.375-2.185-0.418C14.751,3.01,14.444,3,12,3L12,3z M12,7.378 c-2.552,0-4.622,2.069-4.622,4.622S9.448,16.622,12,16.622s4.622-2.069,4.622-4.622S14.552,7.378,12,7.378z M12,15 c-1.657,0-3-1.343-3-3s1.343-3,3-3s3,1.343,3,3S13.657,15,12,15z M16.804,6.116c-0.596,0-1.08,0.484-1.08,1.08 s0.484,1.08,1.08,1.08c0.596,0,1.08-0.484,1.08-1.08S17.401,6.116,16.804,6.116z\"><\/path><\/svg><span class=\"wp-block-social-link-label screen-reader-text\">Instagram<\/span><\/a><\/li>\n\n<li style=\"color:#0693e3;\" class=\"wp-social-link wp-social-link-facebook has-vivid-cyan-blue-color wp-block-social-link\"><a href=\"https:\/\/www.facebook.com\/share\/1A7WveK9ft\/?mibextid=wwXIfr\" class=\"wp-block-social-link-anchor\"><svg width=\"24\" height=\"24\" viewBox=\"0 0 24 24\" version=\"1.1\" xmlns=\"http:\/\/www.w3.org\/2000\/svg\" aria-hidden=\"true\" focusable=\"false\"><path d=\"M12 2C6.5 2 2 6.5 2 12c0 5 3.7 9.1 8.4 9.9v-7H7.9V12h2.5V9.8c0-2.5 1.5-3.9 3.8-3.9 1.1 0 2.2.2 2.2.2v2.5h-1.3c-1.2 0-1.6.8-1.6 1.6V12h2.8l-.4 2.9h-2.3v7C18.3 21.1 22 17 22 12c0-5.5-4.5-10-10-10z\"><\/path><\/svg><span class=\"wp-block-social-link-label screen-reader-text\">Facebook<\/span><\/a><\/li><\/ul>\n\n\n\n<p><\/p>\n","protected":false},"excerpt":{"rendered":"<p>M\u00eas tende a ser quente, com retorno gradual de pancadas de fim de tarde e risco de ondas de calor no Centro-Oeste e em \u00e1reas do Sudeste. Com mais horas de\u00a0sol,\u00a0tardes quentes\u00a0e\u00a0pancadas r\u00e1pidas\u00a0e irregulares no fim do dia. \u00c9 assim que setembro deve come\u00e7ar em boa parte do pa\u00eds. Nesta segunda (1\u00ba), a atmosfera ainda [&hellip;]<\/p>\n","protected":false},"author":2,"featured_media":9348,"comment_status":"open","ping_status":"open","sticky":false,"template":"","format":"standard","meta":{"footnotes":""},"categories":[1],"tags":[],"class_list":["post-9347","post","type-post","status-publish","format-standard","has-post-thumbnail","hentry","category-geral"],"jetpack_sharing_enabled":true,"jetpack_featured_media_url":"https:\/\/i0.wp.com\/radiosisal.com\/br\/wp-content\/uploads\/2025\/09\/Imagem-do-WhatsApp-de-2025-09-01-as-09.33.09_ec57581f.jpg?fit=984%2C615&ssl=1","_links":{"self":[{"href":"https:\/\/radiosisal.com\/br\/wp-json\/wp\/v2\/posts\/9347","targetHints":{"allow":["GET"]}}],"collection":[{"href":"https:\/\/radiosisal.com\/br\/wp-json\/wp\/v2\/posts"}],"about":[{"href":"https:\/\/radiosisal.com\/br\/wp-json\/wp\/v2\/types\/post"}],"author":[{"embeddable":true,"href":"https:\/\/radiosisal.com\/br\/wp-json\/wp\/v2\/users\/2"}],"replies":[{"embeddable":true,"href":"https:\/\/radiosisal.com\/br\/wp-json\/wp\/v2\/comments?post=9347"}],"version-history":[{"count":1,"href":"https:\/\/radiosisal.com\/br\/wp-json\/wp\/v2\/posts\/9347\/revisions"}],"predecessor-version":[{"id":9349,"href":"https:\/\/radiosisal.com\/br\/wp-json\/wp\/v2\/posts\/9347\/revisions\/9349"}],"wp:featuredmedia":[{"embeddable":true,"href":"https:\/\/radiosisal.com\/br\/wp-json\/wp\/v2\/media\/9348"}],"wp:attachment":[{"href":"https:\/\/radiosisal.com\/br\/wp-json\/wp\/v2\/media?parent=9347"}],"wp:term":[{"taxonomy":"category","embeddable":true,"href":"https:\/\/radiosisal.com\/br\/wp-json\/wp\/v2\/categories?post=9347"},{"taxonomy":"post_tag","embeddable":true,"href":"https:\/\/radiosisal.com\/br\/wp-json\/wp\/v2\/tags?post=9347"}],"curies":[{"name":"wp","href":"https:\/\/api.w.org\/{rel}","templated":true}]}}