{"id":9432,"date":"2025-09-05T10:37:46","date_gmt":"2025-09-05T10:37:46","guid":{"rendered":"https:\/\/radiosisal.com\/br\/?p=9432"},"modified":"2025-09-05T10:37:49","modified_gmt":"2025-09-05T10:37:49","slug":"mudanca-climatica-gigantes-da-amazonia-podem-ajudar-cientistas","status":"publish","type":"post","link":"https:\/\/radiosisal.com\/br\/2025\/09\/05\/mudanca-climatica-gigantes-da-amazonia-podem-ajudar-cientistas\/","title":{"rendered":"MUDAN\u00c7A CLIM\u00c1TICA: GIGANTES DA AMAZ\u00d4NIA PODEM AJUDAR CIENTISTAS"},"content":{"rendered":"\n<p><\/p>\n\n\n\n<p>Uma enorme capacidade de capturar g\u00e1s carb\u00f4nico (CO\u2082), um&nbsp;importante papel na distribui\u00e7\u00e3o das chuvas no pa\u00eds e o atributo de guardar a hist\u00f3ria e os ciclos da Amaz\u00f4nia. Esses s\u00e3o alguns dos servi\u00e7os prestados por \u00e1rvores gigantes presentes no Norte do Brasil, especialmente o angelim-vermelho (<em>Dinizia excelsa<\/em>).&nbsp;<strong>Nesta sexta-feira (5), Dia da Amaz\u00f4nia, especialistas ouvidos&nbsp;pela Ag\u00eancia Brasil destacam a import\u00e2ncia de se proteger essas esp\u00e9cies,&nbsp;que podem ultrapassar 80 metros de altura.<\/strong><img decoding=\"async\" src=\"https:\/\/i0.wp.com\/agenciabrasil.ebc.com.br\/ebc.png?w=1170&#038;ssl=1\" data-recalc-dims=\"1\"><img decoding=\"async\" src=\"https:\/\/i0.wp.com\/agenciabrasil.ebc.com.br\/ebc.gif?w=1170&#038;ssl=1\" data-recalc-dims=\"1\"><\/p>\n\n\n\n<p>A presen\u00e7a dessas \u00e1rvores gigantes na Floresta Amaz\u00f4nica foi evidenciada pela ci\u00eancia recentemente. Em 2019, foram encontrados os primeiros exemplares e,&nbsp;<strong>em 2022, a localiza\u00e7\u00e3o de um angelim-vermelho de 88,5 m&nbsp;de altura, equivalente a um pr\u00e9dio de 30 andares, revelou a maior \u00e1rvore do Brasil, no munic\u00edpio de Almeirim (PA).<\/strong><\/p>\n\n\n\n<p>Ao todo,&nbsp;<strong>foram localizados 20 exemplares com mais de 70 m&nbsp;em uma \u00e1rea que se estende pelas proximidades do Rio Jari, na divisa dos estados do Par\u00e1 e Amap\u00e1.<\/strong>&nbsp;Os pesquisadores que participaram da descoberta iniciaram imediatamente estudos para entender melhor as condi\u00e7\u00f5es que levaram ao crescimento e todo o potencial desses angelins-vermelhos.<\/p>\n\n\n\n<h2 class=\"wp-block-heading\">Estudos<\/h2>\n\n\n\n<blockquote class=\"wp-block-quote is-layout-flow wp-block-quote-is-layout-flow\">\n<p>\u201cEssas \u00e1rvores apresentam praticamente o dobro de tamanho das alturas m\u00e9dias das esp\u00e9cies amaz\u00f4nicas, que ficam em torno de 40 a 50 metros. Ent\u00e3o, a gente est\u00e1 falando de \u00e1rvores que absorvem o dobro de carbono e, portanto, podem contribuir o dobro para a regula\u00e7\u00e3o de clima\u201d, explica o pesquisador do Instituto Federal do Amap\u00e1 (IFAP) Diego Armando Silva.<\/p>\n<\/blockquote>\n\n\n\n<p>Embora os estudos ainda estejam em andamento, o pesquisador diz que algumas teses j\u00e1 apontam os caminhos a serem investigados. \u201cUma estimativa que a gente tem&nbsp;aqui \u00e9 que uma \u00fanica \u00e1rvore dessa representa&nbsp;em torno de 80% da biomassa da parcela [\u00e1rea aproximada de 1 hectare]&nbsp;em que essa \u00e1rvore est\u00e1 inserida.\u201d<\/p>\n\n\n\n<p>Essa estimativa leva diretamente a uma rela\u00e7\u00e3o de que<strong>&nbsp;um \u00fanico indiv\u00edduo com essas caracter\u00edsticas pode ser capaz de absorver 80% do CO\u2082 em toda essa \u00e1rea estudada<\/strong>. Mas, segundo&nbsp;Silva,&nbsp;ainda s\u00e3o necess\u00e1rios muitos estudos para a compreender melhor se essas \u00e1rvores tamb\u00e9m emitem grandes volumes de g\u00e1s carb\u00f4nico, o quanto elas contribuem para captura e lan\u00e7amento de \u00e1gua na atmosfera e at\u00e9 para confirmar a idade de cada uma.<\/p>\n\n\n\n<blockquote class=\"wp-block-quote is-layout-flow wp-block-quote-is-layout-flow\">\n<p>\u201cA gente recebeu o interesse de um grupo de pesquisadores para fazer o estudo de data\u00e7\u00e3o de idade de cedros, esp\u00e9cie que consegue demarcar muito claramente os an\u00e9is de crescimento, em torno dos angelins. Eles chegaram \u00e0&nbsp;idade aproximada de 260 anos. A partir dai tra\u00e7amos uma estimativa de que esses angelins-vermelhos t\u00eam em torno de 400 a 500 anos\u201d, diz o pesquisador.<\/p>\n<\/blockquote>\n\n\n<div class=\"wp-block-image\">\n<figure class=\"aligncenter is-resized\"><img loading=\"lazy\" decoding=\"async\" width=\"754\" height=\"503\" src=\"https:\/\/i0.wp.com\/radiosisal.com\/br\/wp-content\/uploads\/2025\/09\/arvore-gigante-scaled-1170x780-1.webp?resize=754%2C503&#038;ssl=1\" alt=\"Baixo Amazonas (PA), 17\/09\/2022 - A \u00e1rvore gigante da Amaz\u00f4nia brasileira, a quarta maior do mundo, est\u00e1 em territ\u00f3rio paraense: o angelim vermelho (Dinizia excelsa), com 88,5 metros de altura e 3,15 m de di\u00e2metro, variando de 400 a 600 anos de exist\u00eancia, \u00e9 encontrado na Unidade de Conserva\u00e7\u00e3o Estadual de Uso Sustent\u00e1vel Floresta Estadual do Paru (Flota do Paru), na Regi\u00e3o de Integra\u00e7\u00e3o Baixo Amazonas, no oeste paraense. Foto: Funda\u00e7\u00e3o Amaz\u00f4nia Sustent\u00e1vel\/Divulga\u00e7\u00e3o\" class=\"wp-image-9434\" style=\"width:586px;height:auto\" title=\"Funda\u00e7\u00e3o Amaz\u00f4nia Sustent\u00e1vel\/Divulga\u00e7\u00e3o\" srcset=\"https:\/\/i0.wp.com\/radiosisal.com\/br\/wp-content\/uploads\/2025\/09\/arvore-gigante-scaled-1170x780-1.webp?w=754&amp;ssl=1 754w, https:\/\/i0.wp.com\/radiosisal.com\/br\/wp-content\/uploads\/2025\/09\/arvore-gigante-scaled-1170x780-1.webp?resize=300%2C200&amp;ssl=1 300w\" sizes=\"auto, (max-width: 754px) 100vw, 754px\" data-recalc-dims=\"1\" \/><\/figure>\n<\/div>\n\n\n<h6 class=\"wp-block-heading\">Angelim-vermelho na Floresta Estadual do Paru, no Par\u00e1 &#8211;&nbsp;<strong>Foto:&nbsp;Funda\u00e7\u00e3o Amaz\u00f4nia Sustent\u00e1vel\/Divulga\u00e7\u00e3o<\/strong><\/h6>\n\n\n\n<h2 class=\"wp-block-heading\">Amea\u00e7a<\/h2>\n\n\n\n<p>Apesar de essas gigantes guardarem respostas para muitas das d\u00favidas sobre o bioma, a mitiga\u00e7\u00e3o das mudan\u00e7as clim\u00e1ticas e seus impactos no planeta,&nbsp;<strong>as \u00e1rvores centen\u00e1rias podem estar amea\u00e7adas<\/strong>.&nbsp;<strong>Por estarem localizadas em uma faixa extensa, cada uma ocupa um territ\u00f3rio com diferente grau de prote\u00e7\u00e3o.<\/strong><\/p>\n\n\n\n<p><strong>Enquanto a maior \u00e1rvore do Brasil est\u00e1 no Par\u00e1, a segunda, com 85,4 m&nbsp;de altura, fica em Laranjal do Jari (AP).<\/strong><\/p>\n\n\n\n<blockquote class=\"wp-block-quote is-layout-flow wp-block-quote-is-layout-flow\">\n<p>\u201cEmbora o Amap\u00e1 seja um estado notoriamente coberto por \u00e1reas protegidas, a gente tem duas circunst\u00e2ncias que chamam a aten\u00e7\u00e3o. A primeira delas \u00e9 que muitas \u00e1rvores gigantes est\u00e3o fora de unidades de conserva\u00e7\u00e3o, e a segunda \u00e9 que \u00e9 permitida a explora\u00e7\u00e3o comercial do angelim-vermelho\u201d, alerta a&nbsp;diretora executiva da organiza\u00e7\u00e3o n\u00e3o governamental Rede Pr\u00f3-Unidades de Conserva\u00e7\u00e3o \u00c2ngela Kuczach.<\/p>\n<\/blockquote>\n\n\n\n<h2 class=\"wp-block-heading\">Prote\u00e7\u00e3o<\/h2>\n\n\n\n<p>A institui\u00e7\u00e3o&nbsp;integra a campanha Proteja as \u00c1rvores Gigantes, liderada pelo instituto O Mundo Que Queremos, em parceria com organiza\u00e7\u00f5es ambientais e pesquisadores. De acordo com \u00c2ngela Kuczach, o&nbsp;<strong>movimento atua na mobiliza\u00e7\u00e3o da sociedade civil e tem pressionado o poder p\u00fablico por mais prote\u00e7\u00e3o e para que as futuras gera\u00e7\u00f5es possam conhecer esses exemplares<\/strong>.<\/p>\n\n\n\n<p>\u201cO maior angelim-vermelho que existe hoje no Brasil&nbsp;\u00e9 a terceira maior \u00e1rvore do mundo. Na \u00e9poca que foi descoberta, ela estava dentro de uma floresta estadual, a Flota do Paru, que \u00e9 uma unidade de conserva\u00e7\u00e3o que permite exatamente a extra\u00e7\u00e3o de madeireira. A categoria existe para isso, para manejo florestal\u201d, lembra \u00c2ngela.<\/p>\n\n\n\n<p>A mobiliza\u00e7\u00e3o resultou na cria\u00e7\u00e3o, em setembro de 2024, do&nbsp;<a href=\"https:\/\/www.semas.pa.gov.br\/legislacao\/files\/pdf\/554875.pdf\" target=\"_blank\" rel=\"noreferrer noopener\">Parque Estadual Ambiental das \u00c1rvores Gigantes da Amaz\u00f4nia (Pagam)<\/a>, uma unidade de conserva\u00e7\u00e3o de prote\u00e7\u00e3o integral com 560 hectares. Segundo \u00c2ngela, a nova categoriza\u00e7\u00e3o do territ\u00f3rio \u00e9 um avan\u00e7o importante, mas sozinha n\u00e3o deixa as \u00e1rvores gigantes fora de risco.<\/p>\n\n\n\n<p>\u201cA gente est\u00e1 falando de uma \u00e1rea que tem muito garimpo em volta, muito amea\u00e7ada pelo desmatamento, pela grilagem. A pr\u00f3pria presen\u00e7a de CARs [Cadastro Ambiental Rural] sobrepostos, que a gente identificou l\u00e1 em 2022\u201d, destaca.<\/p>\n\n\n\n<p>&nbsp;A declara\u00e7\u00e3o volunt\u00e1ria de CAR \u00e9 um instrumento para propriedades privadas, que n\u00e3o pode ser aplicado \u00e0s \u00e1reas p\u00fablicas, como unidades de conserva\u00e7\u00e3o.&nbsp;<strong>No ano em que foram identificadas as declara\u00e7\u00f5es fraudulentas, tamb\u00e9m foi registrado um&nbsp;<a href=\"https:\/\/imazon.org.br\/imprensa\/desmatamento-cresce-23-na-amazonia-em-novembro-e-faz-acumulado-de-2022-ser-o-maior-em-15-anos\/#\" target=\"_blank\" rel=\"noreferrer noopener\">crescimento de 23%<\/a>&nbsp;no desmatamento na Amaz\u00f4nia, e a Floresta Estadual do Paru&nbsp;foi a terceira mais atingida da categoria,<\/strong>&nbsp;segundo o dados do Sistema de Alerta de Desmatamento analisados pelo Instituto do Homem e Meio Ambiente da Amaz\u00f4nia (Imazon).<\/p>\n\n\n\n<h2 class=\"wp-block-heading\">Processo<\/h2>\n\n\n\n<p><strong>Segundo o presidente do Instituto de Desenvolvimento Florestal e da Biodiversidade do Estado do Par\u00e1 (Ideflor), Nilson Pinto, as a\u00e7\u00f5es para implementa\u00e7\u00e3o do Pagam&nbsp;j\u00e1 est\u00e3o em andamento.<\/strong>&nbsp;\u201cFizemos um edital, o chamamento p\u00fablico, para que as pessoas se habilitassem, entidades, autoridades e moradores, para comporem o Conselho Gestor. Estamos nesse processo agora. Isso \u00e9 fundamental, porque \u00e9 o conselho que vai aprovar o plano de manejo, elaborado pela equipe do nosso instituto, com o apoio da Funda\u00e7\u00e3o Amaz\u00f4nia Sustent\u00e1vel\u201d, diz.<\/p>\n\n\n\n<p>O \u00f3rg\u00e3o estadual \u00e9 respons\u00e1vel pela gest\u00e3o das unidades de conserva\u00e7\u00e3o do Par\u00e1. De acordo com Nilson Pinto,<strong>&nbsp;a fiscaliza\u00e7\u00e3o na Floresta do Paru e regi\u00e3o j\u00e1 cumpre um papel forte de prote\u00e7\u00e3o.<\/strong><\/p>\n\n\n\n<p>\u201cA Floresta Estadual do Paru \u00e9 muito bem preservada. O que n\u00f3s temos l\u00e1, normal em uma floresta estadual, que \u00e9 destinada basicamente para manejo florestal, temos v\u00e1rias empresas fazendo manejo florestal sob supervis\u00e3o&nbsp;do Ideflor e muito pouco de desmatamento, muito pouco mesmo\u201d, afirma. Para o gestor, o dif\u00edcil acesso ao local das \u00e1rvores gigantes acrescenta&nbsp;uma prote\u00e7\u00e3o extra aos exemplares. \u201cTem algumas ocorr\u00eancias que n\u00f3s combatemos permanentemente de garimpo. Na Flota&nbsp;Paru, n\u00e3o no parque estadual. N\u00e3o chegam nem perto do parque das \u00e1rvores gigantes, onde n\u00e3o h\u00e1 desmatamento\u201d, refor\u00e7a Nilson Pinto.<\/p>\n\n\n\n<h2 class=\"wp-block-heading\">Solu\u00e7\u00f5es<\/h2>\n\n\n\n<p><strong>Para \u00c2ngela Kuczach, \u00e9 preciso avan\u00e7ar nas pr\u00f3ximas etapas de prote\u00e7\u00e3o e buscar a ci\u00eancia como aliada para novas descobertas que permitam minimamente o tombamento de \u00e1rvores gigantes fora do territ\u00f3rio identificado.<\/strong>&nbsp;\u201cA gente pode ter a maior \u00e1rvore gigante ainda n\u00e3o descoberta, e ela j\u00e1 pode estar amea\u00e7ada, porque ela pode estar fora de uma \u00e1rea de prote\u00e7\u00e3o, de uma unidade de conserva\u00e7\u00e3o\u201d, diz.<\/p>\n\n\n\n<p><strong>O pesquisador Diego Armando Silva refor\u00e7a que, al\u00e9m das novas descobertas \u00e9 preciso avan\u00e7ar nas pesquisas e monitoramento das \u00e1rvores gigantes que a ci\u00eancia j\u00e1 conhece.<\/strong><\/p>\n\n\n\n<blockquote class=\"wp-block-quote is-layout-flow wp-block-quote-is-layout-flow\">\n<p>\u201cOs primeiros passos s\u00e3o a cria\u00e7\u00e3o do comit\u00ea gestor e do plano de manejo, onde estar\u00e3o, possivelmente, o plano de visita\u00e7\u00e3o das \u00e1rvores, de educa\u00e7\u00e3o ambiental, de pesquisa e gest\u00e3o da informa\u00e7\u00e3o, que contribui significativamente em uma estrutura m\u00ednima para que a gente possa fazer as pesquisas efetivas e ter a capacidade de receber pesquisadores de diferentes regi\u00f5es do Brasil e do mundo\u201d, defende Silva.<\/p>\n<\/blockquote>\n\n\n\n<p>A Secretaria de Meio Ambiente do Estado do Amap\u00e1 foi procurada pela reportagem da&nbsp;<strong>Ag\u00eancia Brasil<\/strong>, mas at\u00e9 a publica\u00e7\u00e3o da mat\u00e9ria n\u00e3o houve resposta. O espa\u00e7o segue aberto.<\/p>\n\n\n\n<p class=\"bs-intro\">FONTE: Ag\u00eancia Brasil<\/p>\n\n\n\n<ul class=\"wp-block-social-links has-icon-color is-style-logos-only is-vertical is-layout-flex wp-container-core-social-links-is-layout-8cf370e7 wp-block-social-links-is-layout-flex\"><li style=\"color:#0693e3;\" class=\"wp-social-link wp-social-link-whatsapp has-vivid-cyan-blue-color wp-block-social-link\"><a href=\"https:\/\/wa.me\/\/75991238048\" class=\"wp-block-social-link-anchor\"><svg width=\"24\" height=\"24\" viewBox=\"0 0 24 24\" version=\"1.1\" xmlns=\"http:\/\/www.w3.org\/2000\/svg\" aria-hidden=\"true\" focusable=\"false\"><path d=\"M 12.011719 2 C 6.5057187 2 2.0234844 6.478375 2.0214844 11.984375 C 2.0204844 13.744375 2.4814687 15.462563 3.3554688 16.976562 L 2 22 L 7.2324219 20.763672 C 8.6914219 21.559672 10.333859 21.977516 12.005859 21.978516 L 12.009766 21.978516 C 17.514766 21.978516 21.995047 17.499141 21.998047 11.994141 C 22.000047 9.3251406 20.962172 6.8157344 19.076172 4.9277344 C 17.190172 3.0407344 14.683719 2.001 12.011719 2 z M 12.009766 4 C 14.145766 4.001 16.153109 4.8337969 17.662109 6.3417969 C 19.171109 7.8517969 20.000047 9.8581875 19.998047 11.992188 C 19.996047 16.396187 16.413812 19.978516 12.007812 19.978516 C 10.674812 19.977516 9.3544062 19.642812 8.1914062 19.007812 L 7.5175781 18.640625 L 6.7734375 18.816406 L 4.8046875 19.28125 L 5.2851562 17.496094 L 5.5019531 16.695312 L 5.0878906 15.976562 C 4.3898906 14.768562 4.0204844 13.387375 4.0214844 11.984375 C 4.0234844 7.582375 7.6067656 4 12.009766 4 z M 8.4765625 7.375 C 8.3095625 7.375 8.0395469 7.4375 7.8105469 7.6875 C 7.5815469 7.9365 6.9355469 8.5395781 6.9355469 9.7675781 C 6.9355469 10.995578 7.8300781 12.182609 7.9550781 12.349609 C 8.0790781 12.515609 9.68175 15.115234 12.21875 16.115234 C 14.32675 16.946234 14.754891 16.782234 15.212891 16.740234 C 15.670891 16.699234 16.690438 16.137687 16.898438 15.554688 C 17.106437 14.971687 17.106922 14.470187 17.044922 14.367188 C 16.982922 14.263188 16.816406 14.201172 16.566406 14.076172 C 16.317406 13.951172 15.090328 13.348625 14.861328 13.265625 C 14.632328 13.182625 14.464828 13.140625 14.298828 13.390625 C 14.132828 13.640625 13.655766 14.201187 13.509766 14.367188 C 13.363766 14.534188 13.21875 14.556641 12.96875 14.431641 C 12.71875 14.305641 11.914938 14.041406 10.960938 13.191406 C 10.218937 12.530406 9.7182656 11.714844 9.5722656 11.464844 C 9.4272656 11.215844 9.5585938 11.079078 9.6835938 10.955078 C 9.7955938 10.843078 9.9316406 10.663578 10.056641 10.517578 C 10.180641 10.371578 10.223641 10.267562 10.306641 10.101562 C 10.389641 9.9355625 10.347156 9.7890625 10.285156 9.6640625 C 10.223156 9.5390625 9.737625 8.3065 9.515625 7.8125 C 9.328625 7.3975 9.131125 7.3878594 8.953125 7.3808594 C 8.808125 7.3748594 8.6425625 7.375 8.4765625 7.375 z\"><\/path><\/svg><span class=\"wp-block-social-link-label screen-reader-text\">WhatsApp<\/span><\/a><\/li>\n\n<li style=\"color:#0693e3;\" class=\"wp-social-link wp-social-link-instagram has-vivid-cyan-blue-color wp-block-social-link\"><a href=\"https:\/\/www.instagram.com\/radiosisal97.3\/profilecard\/?igsh=MWo1azd5aXNvN2hmcQ==\" class=\"wp-block-social-link-anchor\"><svg width=\"24\" height=\"24\" viewBox=\"0 0 24 24\" version=\"1.1\" xmlns=\"http:\/\/www.w3.org\/2000\/svg\" aria-hidden=\"true\" focusable=\"false\"><path d=\"M12,4.622c2.403,0,2.688,0.009,3.637,0.052c0.877,0.04,1.354,0.187,1.671,0.31c0.42,0.163,0.72,0.358,1.035,0.673 c0.315,0.315,0.51,0.615,0.673,1.035c0.123,0.317,0.27,0.794,0.31,1.671c0.043,0.949,0.052,1.234,0.052,3.637 s-0.009,2.688-0.052,3.637c-0.04,0.877-0.187,1.354-0.31,1.671c-0.163,0.42-0.358,0.72-0.673,1.035 c-0.315,0.315-0.615,0.51-1.035,0.673c-0.317,0.123-0.794,0.27-1.671,0.31c-0.949,0.043-1.233,0.052-3.637,0.052 s-2.688-0.009-3.637-0.052c-0.877-0.04-1.354-0.187-1.671-0.31c-0.42-0.163-0.72-0.358-1.035-0.673 c-0.315-0.315-0.51-0.615-0.673-1.035c-0.123-0.317-0.27-0.794-0.31-1.671C4.631,14.688,4.622,14.403,4.622,12 s0.009-2.688,0.052-3.637c0.04-0.877,0.187-1.354,0.31-1.671c0.163-0.42,0.358-0.72,0.673-1.035 c0.315-0.315,0.615-0.51,1.035-0.673c0.317-0.123,0.794-0.27,1.671-0.31C9.312,4.631,9.597,4.622,12,4.622 M12,3 C9.556,3,9.249,3.01,8.289,3.054C7.331,3.098,6.677,3.25,6.105,3.472C5.513,3.702,5.011,4.01,4.511,4.511 c-0.5,0.5-0.808,1.002-1.038,1.594C3.25,6.677,3.098,7.331,3.054,8.289C3.01,9.249,3,9.556,3,12c0,2.444,0.01,2.751,0.054,3.711 c0.044,0.958,0.196,1.612,0.418,2.185c0.23,0.592,0.538,1.094,1.038,1.594c0.5,0.5,1.002,0.808,1.594,1.038 c0.572,0.222,1.227,0.375,2.185,0.418C9.249,20.99,9.556,21,12,21s2.751-0.01,3.711-0.054c0.958-0.044,1.612-0.196,2.185-0.418 c0.592-0.23,1.094-0.538,1.594-1.038c0.5-0.5,0.808-1.002,1.038-1.594c0.222-0.572,0.375-1.227,0.418-2.185 C20.99,14.751,21,14.444,21,12s-0.01-2.751-0.054-3.711c-0.044-0.958-0.196-1.612-0.418-2.185c-0.23-0.592-0.538-1.094-1.038-1.594 c-0.5-0.5-1.002-0.808-1.594-1.038c-0.572-0.222-1.227-0.375-2.185-0.418C14.751,3.01,14.444,3,12,3L12,3z M12,7.378 c-2.552,0-4.622,2.069-4.622,4.622S9.448,16.622,12,16.622s4.622-2.069,4.622-4.622S14.552,7.378,12,7.378z M12,15 c-1.657,0-3-1.343-3-3s1.343-3,3-3s3,1.343,3,3S13.657,15,12,15z M16.804,6.116c-0.596,0-1.08,0.484-1.08,1.08 s0.484,1.08,1.08,1.08c0.596,0,1.08-0.484,1.08-1.08S17.401,6.116,16.804,6.116z\"><\/path><\/svg><span class=\"wp-block-social-link-label screen-reader-text\">Instagram<\/span><\/a><\/li>\n\n<li style=\"color:#0693e3;\" class=\"wp-social-link wp-social-link-facebook has-vivid-cyan-blue-color wp-block-social-link\"><a href=\"https:\/\/www.instagram.com\/radiosisal97.3\/profilecard\/?igsh=MWo1azd5aXNvN2hmcQ==\" class=\"wp-block-social-link-anchor\"><svg width=\"24\" height=\"24\" viewBox=\"0 0 24 24\" version=\"1.1\" xmlns=\"http:\/\/www.w3.org\/2000\/svg\" aria-hidden=\"true\" focusable=\"false\"><path d=\"M12 2C6.5 2 2 6.5 2 12c0 5 3.7 9.1 8.4 9.9v-7H7.9V12h2.5V9.8c0-2.5 1.5-3.9 3.8-3.9 1.1 0 2.2.2 2.2.2v2.5h-1.3c-1.2 0-1.6.8-1.6 1.6V12h2.8l-.4 2.9h-2.3v7C18.3 21.1 22 17 22 12c0-5.5-4.5-10-10-10z\"><\/path><\/svg><span class=\"wp-block-social-link-label screen-reader-text\">Facebook<\/span><\/a><\/li><\/ul>\n","protected":false},"excerpt":{"rendered":"<p>Uma enorme capacidade de capturar g\u00e1s carb\u00f4nico (CO\u2082), um&nbsp;importante papel na distribui\u00e7\u00e3o das chuvas no pa\u00eds e o atributo de guardar a hist\u00f3ria e os ciclos da Amaz\u00f4nia. Esses s\u00e3o alguns dos servi\u00e7os prestados por \u00e1rvores gigantes presentes no Norte do Brasil, especialmente o angelim-vermelho (Dinizia excelsa).&nbsp;Nesta sexta-feira (5), Dia da Amaz\u00f4nia, especialistas ouvidos&nbsp;pela Ag\u00eancia [&hellip;]<\/p>\n","protected":false},"author":2,"featured_media":9433,"comment_status":"open","ping_status":"open","sticky":false,"template":"","format":"standard","meta":{"footnotes":""},"categories":[1],"tags":[],"class_list":["post-9432","post","type-post","status-publish","format-standard","has-post-thumbnail","hentry","category-geral"],"jetpack_sharing_enabled":true,"jetpack_featured_media_url":"https:\/\/i0.wp.com\/radiosisal.com\/br\/wp-content\/uploads\/2025\/09\/up_ag_40297_198b8b94-36fe-4d61-b829-dde494f7384a.webp?fit=1170%2C700&ssl=1","_links":{"self":[{"href":"https:\/\/radiosisal.com\/br\/wp-json\/wp\/v2\/posts\/9432","targetHints":{"allow":["GET"]}}],"collection":[{"href":"https:\/\/radiosisal.com\/br\/wp-json\/wp\/v2\/posts"}],"about":[{"href":"https:\/\/radiosisal.com\/br\/wp-json\/wp\/v2\/types\/post"}],"author":[{"embeddable":true,"href":"https:\/\/radiosisal.com\/br\/wp-json\/wp\/v2\/users\/2"}],"replies":[{"embeddable":true,"href":"https:\/\/radiosisal.com\/br\/wp-json\/wp\/v2\/comments?post=9432"}],"version-history":[{"count":1,"href":"https:\/\/radiosisal.com\/br\/wp-json\/wp\/v2\/posts\/9432\/revisions"}],"predecessor-version":[{"id":9435,"href":"https:\/\/radiosisal.com\/br\/wp-json\/wp\/v2\/posts\/9432\/revisions\/9435"}],"wp:featuredmedia":[{"embeddable":true,"href":"https:\/\/radiosisal.com\/br\/wp-json\/wp\/v2\/media\/9433"}],"wp:attachment":[{"href":"https:\/\/radiosisal.com\/br\/wp-json\/wp\/v2\/media?parent=9432"}],"wp:term":[{"taxonomy":"category","embeddable":true,"href":"https:\/\/radiosisal.com\/br\/wp-json\/wp\/v2\/categories?post=9432"},{"taxonomy":"post_tag","embeddable":true,"href":"https:\/\/radiosisal.com\/br\/wp-json\/wp\/v2\/tags?post=9432"}],"curies":[{"name":"wp","href":"https:\/\/api.w.org\/{rel}","templated":true}]}}