{"id":9451,"date":"2025-09-08T10:19:10","date_gmt":"2025-09-08T10:19:10","guid":{"rendered":"https:\/\/radiosisal.com\/br\/?p=9451"},"modified":"2025-09-08T10:19:13","modified_gmt":"2025-09-08T10:19:13","slug":"estudantes-desenvolvem-mapa-tatil-sonoro-para-ampliar-acessibilidade-em-universidade-no-interior-da-bahia","status":"publish","type":"post","link":"https:\/\/radiosisal.com\/br\/2025\/09\/08\/estudantes-desenvolvem-mapa-tatil-sonoro-para-ampliar-acessibilidade-em-universidade-no-interior-da-bahia\/","title":{"rendered":"ESTUDANTES DESENVOLVEM MAPA T\u00c1TIL SONORO PARA AMPLIAR ACESSIBILIDADE EM UNIVERSIDADE NO INTERIOR DA BAHIA"},"content":{"rendered":"\n<p><\/p>\n\n\n\n<p>Projeto une tecnologia, sustentabilidade e inclus\u00e3o para auxiliar pessoas com defici\u00eancia visual.<\/p>\n\n\n\n<p>Estudantes da Universidade Federal do Rec\u00f4ncavo da Bahia (UFRB) desenvolveram um mapa t\u00e1til sonoro para facilitar a orienta\u00e7\u00e3o de pessoas com defici\u00eancia visual. O projeto foi criado no Centro de Ci\u00eancia e Tecnologia em Energia e Sustentabilidade (Cetens), no campus de&nbsp;<a class=\"\" href=\"https:\/\/g1.globo.com\/ba\/feira-de-santana-regiao\/cidade\/feira-de-santana\/\">Feira de Santana<\/a>, segunda maior cidade da Bahia.<\/p>\n\n\n\n<p>Confeccionado em acr\u00edlico branco na escala 1:500, o mapa apresenta os caminhos do campus em relevo, com nomes de locais escritos em braile e em alfabeto comum.&nbsp;Cada ponto de interesse \u00e9 identificado por bot\u00f5es f\u00edsicos que, ao serem acionados, reproduzem \u00e1udios com descri\u00e7\u00f5es dos espa\u00e7os correspondentes.<\/p>\n\n\n\n<p>xO equipamento deve ser instalado na entrada principal do Cetens, onde servir\u00e1 como ponto de orienta\u00e7\u00e3o para estudantes e visitantes. Ap\u00f3s a aprova\u00e7\u00e3o pelo Comit\u00ea de \u00c9tica da UFRB, ser\u00e3o realizados testes com usu\u00e1rios finais para ajustes e melhorias.<\/p>\n\n\n\n<p>O projeto tamb\u00e9m foi selecionado para apresenta\u00e7\u00e3o no V Congresso Brasileiro de Tecnologia Assistiva, que ser\u00e1 realizado entre 30 de setembro e 3 de outubro, na Universidade Federal do Paran\u00e1 (UFPR). O evento re\u00fane iniciativas voltadas \u00e0 inclus\u00e3o de pessoas com defici\u00eancia, com foco em mobilidade, comunica\u00e7\u00e3o, educa\u00e7\u00e3o e qualidade de vida.<\/p>\n\n\n\n<p>Todo o trabalho \u00e9 assinado pelos estudantes Vit\u00f3ria Gomes, Gabriel Matos, Bruna Porto e David Eloy, do Bacharelado Interdisciplinar (BI) em Energia e Sustentabilidade. Eles produziram o mapa na disciplina Projeto Interdisciplinar III, sob orienta\u00e7\u00e3o das professoras Edna Lobo Machado, Ra\u00edssa Queiroga e Luciana Boeira.<\/p>\n\n\n\n<p>Em entrevista ao&nbsp;<a class=\"\" href=\"https:\/\/g1.globo.com\/ba\/feira-de-santana-regiao\/\">g1<\/a>, Vit\u00f3ria, que possui baixa vis\u00e3o, contou que ela e os colegas desenvolveram a ideia com o intuito de promover autonomia e inclus\u00e3o no espa\u00e7o acad\u00eamico.<\/p>\n\n\n\n<blockquote class=\"wp-block-quote is-layout-flow wp-block-quote-is-layout-flow\">\n<p>&#8220;Esse projeto come\u00e7ou a ser desenvolvido atrav\u00e9s de um mapeamento que a gente fez do campus e detectamos algumas falhas. A partir disso, pensamos em um recurso que pudesse trazer mais autonomia para que as pessoas com defici\u00eancia visual pudessem se locomover pelo campus&#8221;, explicou Vit\u00f3ria.<\/p>\n<\/blockquote>\n\n\n\n<p>Foi durante uma conversa em grupo que eles perceberam a necessidade do mapeamento e decidiram criar um recurso t\u00e1til e acess\u00edvel para diferentes p\u00fablicos.<\/p>\n\n\n\n<p>&#8220;Nesse processo, aprendi que um projeto s\u00f3 ganha for\u00e7a quando existe uni\u00e3o da equipe e que acessibilidade n\u00e3o deve ser pensada apenas para pessoas com defici\u00eancia visual, mas para todos. Quanto mais universal for o recurso, mais ele cumpre seu papel&#8221;.<\/p>\n\n\n\n<p>Em quatro meses de produ\u00e7\u00e3o, a ideia virou realidade. O projeto foi finalizado em julho deste ano.<\/p>\n\n\n\n<h2 class=\"wp-block-heading\">Processo de cria\u00e7\u00e3o do mapa<\/h2>\n\n\n<div class=\"wp-block-image\">\n<figure class=\"aligncenter is-resized\"><img decoding=\"async\" src=\"https:\/\/i0.wp.com\/s2-g1.glbimg.com\/TwgVmq98Ux0mOuYUD3AvSeW_nH4=\/0x0:1200x720\/984x0\/smart\/filters:strip_icc()\/i.s3.glbimg.com\/v1\/AUTH_59edd422c0c84a879bd37670ae4f538a\/internal_photos\/bs\/2025\/l\/l\/LCfrMfSdCJOf70fbrJOg\/texto-do-seu-paragrafo-2025-09-04t164800.359.png?w=1170&#038;ssl=1\" alt=\"O mapa apresenta os caminhos do campus em relevo \u2014 Foto: Arquivo Pessoal \" style=\"width:514px;height:auto\" data-recalc-dims=\"1\"\/><\/figure>\n<\/div>\n\n\n<p>Para garantir baixo custo e sustentabilidade, os estudantes utilizaram res\u00edduos eletr\u00f4nicos reaproveitados, como a unidade de processamento de uma TV Box descartada e a placa de circuito de um teclado de computador.<\/p>\n\n\n\n<p>O software sonoro foi programado em linguagem C, utilizado para desenvolver os c\u00f3digos de programa\u00e7\u00e3o, associando os comandos dos bot\u00f5es \u00e0 reprodu\u00e7\u00e3o dos \u00e1udios gravados.<\/p>\n\n\n\n<p>Durante a constru\u00e7\u00e3o, os estudantes adquiriram e aperfei\u00e7oaram tamb\u00e9m habilidades e compet\u00eancias em \u00e1reas como desenho t\u00e9cnico, programa\u00e7\u00e3o, eletr\u00f4nica, normas da Associa\u00e7\u00e3o Brasileira de Normas T\u00e9cnicas (ABNT) e soldagem de placas.<\/p>\n\n\n\n<p>Segundo a professora Ra\u00edssa Queiroga, a iniciativa reflete a miss\u00e3o de integrar tecnologia e sustentabilidade. \u201cO projeto mostra como a forma\u00e7\u00e3o em nosso Centro vai al\u00e9m da teoria, estimulando pr\u00e1ticas inovadoras que atendem a necessidades concretas\u201d.<\/p>\n\n\n\n<p>A estudante Bruna Porto tamb\u00e9m destacou o aprendizado adquirido:<\/p>\n\n\n\n<blockquote class=\"wp-block-quote is-layout-flow wp-block-quote-is-layout-flow\">\n<p>\u201cNesse processo, tamb\u00e9m aumentamos nossa percep\u00e7\u00e3o acerca dos desafios enfrentados por pessoas com defici\u00eancia visual e da import\u00e2ncia de criar e\/ ou aprimorar ferramentas que favore\u00e7am sua inclus\u00e3o na sociedade. Uma universidade inclusiva torna-se mais acolhedora para todos os p\u00fablicos\u201d.<\/p>\n<\/blockquote>\n\n\n\n<p class=\"bs-intro\">FONTE: G1 Bahia<\/p>\n\n\n\n<ul class=\"wp-block-social-links has-icon-color is-style-logos-only is-vertical is-layout-flex wp-container-core-social-links-is-layout-8cf370e7 wp-block-social-links-is-layout-flex\"><li style=\"color:#0693e3;\" class=\"wp-social-link wp-social-link-whatsapp has-vivid-cyan-blue-color wp-block-social-link\"><a href=\"https:\/\/wa.me\/\/75991238048\" class=\"wp-block-social-link-anchor\"><svg width=\"24\" height=\"24\" viewBox=\"0 0 24 24\" version=\"1.1\" xmlns=\"http:\/\/www.w3.org\/2000\/svg\" aria-hidden=\"true\" focusable=\"false\"><path d=\"M 12.011719 2 C 6.5057187 2 2.0234844 6.478375 2.0214844 11.984375 C 2.0204844 13.744375 2.4814687 15.462563 3.3554688 16.976562 L 2 22 L 7.2324219 20.763672 C 8.6914219 21.559672 10.333859 21.977516 12.005859 21.978516 L 12.009766 21.978516 C 17.514766 21.978516 21.995047 17.499141 21.998047 11.994141 C 22.000047 9.3251406 20.962172 6.8157344 19.076172 4.9277344 C 17.190172 3.0407344 14.683719 2.001 12.011719 2 z M 12.009766 4 C 14.145766 4.001 16.153109 4.8337969 17.662109 6.3417969 C 19.171109 7.8517969 20.000047 9.8581875 19.998047 11.992188 C 19.996047 16.396187 16.413812 19.978516 12.007812 19.978516 C 10.674812 19.977516 9.3544062 19.642812 8.1914062 19.007812 L 7.5175781 18.640625 L 6.7734375 18.816406 L 4.8046875 19.28125 L 5.2851562 17.496094 L 5.5019531 16.695312 L 5.0878906 15.976562 C 4.3898906 14.768562 4.0204844 13.387375 4.0214844 11.984375 C 4.0234844 7.582375 7.6067656 4 12.009766 4 z M 8.4765625 7.375 C 8.3095625 7.375 8.0395469 7.4375 7.8105469 7.6875 C 7.5815469 7.9365 6.9355469 8.5395781 6.9355469 9.7675781 C 6.9355469 10.995578 7.8300781 12.182609 7.9550781 12.349609 C 8.0790781 12.515609 9.68175 15.115234 12.21875 16.115234 C 14.32675 16.946234 14.754891 16.782234 15.212891 16.740234 C 15.670891 16.699234 16.690438 16.137687 16.898438 15.554688 C 17.106437 14.971687 17.106922 14.470187 17.044922 14.367188 C 16.982922 14.263188 16.816406 14.201172 16.566406 14.076172 C 16.317406 13.951172 15.090328 13.348625 14.861328 13.265625 C 14.632328 13.182625 14.464828 13.140625 14.298828 13.390625 C 14.132828 13.640625 13.655766 14.201187 13.509766 14.367188 C 13.363766 14.534188 13.21875 14.556641 12.96875 14.431641 C 12.71875 14.305641 11.914938 14.041406 10.960938 13.191406 C 10.218937 12.530406 9.7182656 11.714844 9.5722656 11.464844 C 9.4272656 11.215844 9.5585938 11.079078 9.6835938 10.955078 C 9.7955938 10.843078 9.9316406 10.663578 10.056641 10.517578 C 10.180641 10.371578 10.223641 10.267562 10.306641 10.101562 C 10.389641 9.9355625 10.347156 9.7890625 10.285156 9.6640625 C 10.223156 9.5390625 9.737625 8.3065 9.515625 7.8125 C 9.328625 7.3975 9.131125 7.3878594 8.953125 7.3808594 C 8.808125 7.3748594 8.6425625 7.375 8.4765625 7.375 z\"><\/path><\/svg><span class=\"wp-block-social-link-label screen-reader-text\">WhatsApp<\/span><\/a><\/li>\n\n<li style=\"color:#0693e3;\" class=\"wp-social-link wp-social-link-instagram has-vivid-cyan-blue-color wp-block-social-link\"><a href=\"https:\/\/www.instagram.com\/radiosisal97.3\/profilecard\/?igsh=MWo1azd5aXNvN2hmcQ==\" class=\"wp-block-social-link-anchor\"><svg width=\"24\" height=\"24\" viewBox=\"0 0 24 24\" version=\"1.1\" xmlns=\"http:\/\/www.w3.org\/2000\/svg\" aria-hidden=\"true\" focusable=\"false\"><path d=\"M12,4.622c2.403,0,2.688,0.009,3.637,0.052c0.877,0.04,1.354,0.187,1.671,0.31c0.42,0.163,0.72,0.358,1.035,0.673 c0.315,0.315,0.51,0.615,0.673,1.035c0.123,0.317,0.27,0.794,0.31,1.671c0.043,0.949,0.052,1.234,0.052,3.637 s-0.009,2.688-0.052,3.637c-0.04,0.877-0.187,1.354-0.31,1.671c-0.163,0.42-0.358,0.72-0.673,1.035 c-0.315,0.315-0.615,0.51-1.035,0.673c-0.317,0.123-0.794,0.27-1.671,0.31c-0.949,0.043-1.233,0.052-3.637,0.052 s-2.688-0.009-3.637-0.052c-0.877-0.04-1.354-0.187-1.671-0.31c-0.42-0.163-0.72-0.358-1.035-0.673 c-0.315-0.315-0.51-0.615-0.673-1.035c-0.123-0.317-0.27-0.794-0.31-1.671C4.631,14.688,4.622,14.403,4.622,12 s0.009-2.688,0.052-3.637c0.04-0.877,0.187-1.354,0.31-1.671c0.163-0.42,0.358-0.72,0.673-1.035 c0.315-0.315,0.615-0.51,1.035-0.673c0.317-0.123,0.794-0.27,1.671-0.31C9.312,4.631,9.597,4.622,12,4.622 M12,3 C9.556,3,9.249,3.01,8.289,3.054C7.331,3.098,6.677,3.25,6.105,3.472C5.513,3.702,5.011,4.01,4.511,4.511 c-0.5,0.5-0.808,1.002-1.038,1.594C3.25,6.677,3.098,7.331,3.054,8.289C3.01,9.249,3,9.556,3,12c0,2.444,0.01,2.751,0.054,3.711 c0.044,0.958,0.196,1.612,0.418,2.185c0.23,0.592,0.538,1.094,1.038,1.594c0.5,0.5,1.002,0.808,1.594,1.038 c0.572,0.222,1.227,0.375,2.185,0.418C9.249,20.99,9.556,21,12,21s2.751-0.01,3.711-0.054c0.958-0.044,1.612-0.196,2.185-0.418 c0.592-0.23,1.094-0.538,1.594-1.038c0.5-0.5,0.808-1.002,1.038-1.594c0.222-0.572,0.375-1.227,0.418-2.185 C20.99,14.751,21,14.444,21,12s-0.01-2.751-0.054-3.711c-0.044-0.958-0.196-1.612-0.418-2.185c-0.23-0.592-0.538-1.094-1.038-1.594 c-0.5-0.5-1.002-0.808-1.594-1.038c-0.572-0.222-1.227-0.375-2.185-0.418C14.751,3.01,14.444,3,12,3L12,3z M12,7.378 c-2.552,0-4.622,2.069-4.622,4.622S9.448,16.622,12,16.622s4.622-2.069,4.622-4.622S14.552,7.378,12,7.378z M12,15 c-1.657,0-3-1.343-3-3s1.343-3,3-3s3,1.343,3,3S13.657,15,12,15z M16.804,6.116c-0.596,0-1.08,0.484-1.08,1.08 s0.484,1.08,1.08,1.08c0.596,0,1.08-0.484,1.08-1.08S17.401,6.116,16.804,6.116z\"><\/path><\/svg><span class=\"wp-block-social-link-label screen-reader-text\">Instagram<\/span><\/a><\/li>\n\n<li style=\"color:#0693e3;\" class=\"wp-social-link wp-social-link-facebook has-vivid-cyan-blue-color wp-block-social-link\"><a href=\"https:\/\/www.facebook.com\/share\/1A7WveK9ft\/?mibextid=wwXIfr\" class=\"wp-block-social-link-anchor\"><svg width=\"24\" height=\"24\" viewBox=\"0 0 24 24\" version=\"1.1\" xmlns=\"http:\/\/www.w3.org\/2000\/svg\" aria-hidden=\"true\" focusable=\"false\"><path d=\"M12 2C6.5 2 2 6.5 2 12c0 5 3.7 9.1 8.4 9.9v-7H7.9V12h2.5V9.8c0-2.5 1.5-3.9 3.8-3.9 1.1 0 2.2.2 2.2.2v2.5h-1.3c-1.2 0-1.6.8-1.6 1.6V12h2.8l-.4 2.9h-2.3v7C18.3 21.1 22 17 22 12c0-5.5-4.5-10-10-10z\"><\/path><\/svg><span class=\"wp-block-social-link-label screen-reader-text\">Facebook<\/span><\/a><\/li><\/ul>\n\n\n\n<p><\/p>\n","protected":false},"excerpt":{"rendered":"<p>Projeto une tecnologia, sustentabilidade e inclus\u00e3o para auxiliar pessoas com defici\u00eancia visual. Estudantes da Universidade Federal do Rec\u00f4ncavo da Bahia (UFRB) desenvolveram um mapa t\u00e1til sonoro para facilitar a orienta\u00e7\u00e3o de pessoas com defici\u00eancia visual. O projeto foi criado no Centro de Ci\u00eancia e Tecnologia em Energia e Sustentabilidade (Cetens), no campus de&nbsp;Feira de Santana, [&hellip;]<\/p>\n","protected":false},"author":2,"featured_media":9452,"comment_status":"open","ping_status":"open","sticky":false,"template":"","format":"standard","meta":{"footnotes":""},"categories":[1],"tags":[],"class_list":["post-9451","post","type-post","status-publish","format-standard","has-post-thumbnail","hentry","category-geral"],"jetpack_sharing_enabled":true,"jetpack_featured_media_url":"https:\/\/i0.wp.com\/radiosisal.com\/br\/wp-content\/uploads\/2025\/09\/Imagem-do-WhatsApp-de-2025-09-08-as-07.15.08_c9d541e7.jpg?fit=984%2C590&ssl=1","_links":{"self":[{"href":"https:\/\/radiosisal.com\/br\/wp-json\/wp\/v2\/posts\/9451","targetHints":{"allow":["GET"]}}],"collection":[{"href":"https:\/\/radiosisal.com\/br\/wp-json\/wp\/v2\/posts"}],"about":[{"href":"https:\/\/radiosisal.com\/br\/wp-json\/wp\/v2\/types\/post"}],"author":[{"embeddable":true,"href":"https:\/\/radiosisal.com\/br\/wp-json\/wp\/v2\/users\/2"}],"replies":[{"embeddable":true,"href":"https:\/\/radiosisal.com\/br\/wp-json\/wp\/v2\/comments?post=9451"}],"version-history":[{"count":1,"href":"https:\/\/radiosisal.com\/br\/wp-json\/wp\/v2\/posts\/9451\/revisions"}],"predecessor-version":[{"id":9453,"href":"https:\/\/radiosisal.com\/br\/wp-json\/wp\/v2\/posts\/9451\/revisions\/9453"}],"wp:featuredmedia":[{"embeddable":true,"href":"https:\/\/radiosisal.com\/br\/wp-json\/wp\/v2\/media\/9452"}],"wp:attachment":[{"href":"https:\/\/radiosisal.com\/br\/wp-json\/wp\/v2\/media?parent=9451"}],"wp:term":[{"taxonomy":"category","embeddable":true,"href":"https:\/\/radiosisal.com\/br\/wp-json\/wp\/v2\/categories?post=9451"},{"taxonomy":"post_tag","embeddable":true,"href":"https:\/\/radiosisal.com\/br\/wp-json\/wp\/v2\/tags?post=9451"}],"curies":[{"name":"wp","href":"https:\/\/api.w.org\/{rel}","templated":true}]}}