{"id":9462,"date":"2025-09-08T13:10:19","date_gmt":"2025-09-08T13:10:19","guid":{"rendered":"https:\/\/radiosisal.com\/br\/?p=9462"},"modified":"2025-09-08T13:10:22","modified_gmt":"2025-09-08T13:10:22","slug":"desfile-de-7-de-setembro-em-conceicao-do-coite-mantem-tradicao-e-leva-patriotismo-as-ruas","status":"publish","type":"post","link":"https:\/\/radiosisal.com\/br\/2025\/09\/08\/desfile-de-7-de-setembro-em-conceicao-do-coite-mantem-tradicao-e-leva-patriotismo-as-ruas\/","title":{"rendered":"DESFILE DE 7 DE SETEMBRO EM CONCEI\u00c7\u00c3O DO COIT\u00c9 MANT\u00c9M TRADI\u00c7\u00c3O E LEVA PATRIOTISMO \u00c0S RUAS"},"content":{"rendered":"\n<p><\/p>\n\n\n\n<p>Cerca de 1.600 alunos da rede municipal e do CEMJ (particular) mostraram muito brilho e organiza\u00e7\u00e3o.<\/p>\n\n\n\n<p>Na tarde deste domingo, Dia da P\u00e1tria, Concei\u00e7\u00e3o do Coit\u00e9 voltou a celebrar a Independ\u00eancia do Brasil com o tradicional desfile c\u00edvico de 7 de Setembro. Mantendo viva uma tradi\u00e7\u00e3o hist\u00f3rica, cerca de 1.600 estudantes das 69 escolas da rede municipal e aproximadamente 300 do Centro de Ensino Menino Jesus (CEMJ) levaram \u00e0s ruas apresenta\u00e7\u00f5es que exaltaram o civismo e a cultura local, reunindo professores, familiares, autoridades e a comunidade em geral.<\/p>\n\n\n<div class=\"wp-block-image\">\n<figure class=\"aligncenter is-resized\" id=\"attachment_326253\"><img decoding=\"async\" src=\"https:\/\/i0.wp.com\/www.calilanoticias.com\/wp-content\/uploads\/2025\/09\/desfile-7-de-setembro-em-coite-1.jpg?resize=700%2C467&amp;ssl=1\" alt=\"\" class=\"wp-image-326253\" style=\"width:556px;height:auto\"\/><figcaption class=\"wp-element-caption\">A faixa traz a tematica do desfile | Foto: Raimundo Mascarenhas<\/figcaption><\/figure>\n<\/div>\n\n\n<p><strong>Tr\u00eas bandas marciais e tr\u00eas fanfarras no desfile da rede municipal<\/strong><\/p>\n\n\n\n<p>O desfile teve in\u00edcio por volta das 15h e percorreu \u00e0s ruas Bailon Lopes Carneiro, Pra\u00e7a Dr. Jos\u00e9 Gon\u00e7alves, Marechal Deodoro, Jo\u00e3o Benevides, Am\u00e2ncio Mota, Wercel\u00eancio Calixto da Mota e Fonte Luminosa, retornando ao Largo da Matriz e encerrando na Pra\u00e7a da Babil\u00f4nia. No local, houve o hasteamento das bandeiras, execu\u00e7\u00e3o do hino de Coit\u00e9 e discursos do secret\u00e1rio de Educa\u00e7\u00e3o, Egnaldo Oliveira, e do prefeito Marcelo Ara\u00fajo, acompanhados do vice-prefeito Marquinhos, vereadores e secret\u00e1rios municipais.<\/p>\n\n\n<div class=\"wp-block-image\">\n<figure class=\"aligncenter is-resized\" id=\"attachment_326256\"><img decoding=\"async\" src=\"https:\/\/i0.wp.com\/www.calilanoticias.com\/wp-content\/uploads\/2025\/09\/desfile-7-de-setembro-em-coite-3.jpg?resize=700%2C467&amp;ssl=1\" alt=\"\" class=\"wp-image-326256\" style=\"width:555px;height:auto\"\/><figcaption class=\"wp-element-caption\">Banda Marcial Escudeiros de Coit\u00e9 sob a reg\u00eancia do maestro Carlos Barros em mais uma brilhante apresenta\u00e7\u00e3o | Foto: Raimundo Mascarenhas<\/figcaption><\/figure>\n<\/div>\n\n\n<p>Segundo o secret\u00e1rio de Educa\u00e7\u00e3o, o desfile foi a culmin\u00e2ncia da segunda etapa letiva, que trabalhou o multiculturalismo nordestino e as ra\u00edzes hist\u00f3ricas da regi\u00e3o. J\u00e1 o prefeito Marcelo Ara\u00fajo atribuiu o sucesso da celebra\u00e7\u00e3o ao empenho da equipe da Secretaria de Educa\u00e7\u00e3o e refor\u00e7ou o compromisso de investir na forma\u00e7\u00e3o das crian\u00e7as e jovens.<\/p>\n\n\n<div class=\"wp-block-image\">\n<figure class=\"aligncenter is-resized\" id=\"attachment_326257\"><img decoding=\"async\" src=\"https:\/\/i0.wp.com\/www.calilanoticias.com\/wp-content\/uploads\/2025\/09\/desfile-7-de-setembro-em-coite-4.jpg?resize=700%2C401&amp;ssl=1\" alt=\"\" class=\"wp-image-326257\" style=\"width:511px;height:auto\"\/><figcaption class=\"wp-element-caption\">Secret\u00e1rio Egnaldo presenteou o prefeito Marcelo com o chap\u00e9u simbolo do povo nordestino | Foto: Raimundo Mascarenhas<\/figcaption><\/figure>\n<\/div>\n\n\n<p><strong>Pontos negativos&nbsp;<\/strong><\/p>\n\n\n\n<p>Apesar da grandiosidade e do brilho do desfile, parte da popula\u00e7\u00e3o apontou como ponto negativo a aus\u00eancia de homenagens a dois professores da rede municipal que faleceram este ano: Maur\u00edcio Mendes, em junho, e Edm\u00edcio Ramos, em agosto. Caberia a homenagem postuma aos dois que por d\u00e9cadas contribu\u00edram com a educa\u00e7\u00e3o do munic\u00edpio, podendo ser atrav\u00e9s de suas fotos conduzidas pelas escolas onde lecionaram ou mesmo durante os discursos ao lado do Centro Educacional (antigo Centro Cultural).<\/p>\n\n\n<div class=\"wp-block-image\">\n<figure class=\"aligncenter is-resized\" id=\"attachment_326258\"><img decoding=\"async\" src=\"https:\/\/i0.wp.com\/www.calilanoticias.com\/wp-content\/uploads\/2025\/09\/desfile-7-de-setembro-em-coite-5.jpg?resize=700%2C467&amp;ssl=1\" alt=\"\" class=\"wp-image-326258\" style=\"width:607px;height:auto\"\/><figcaption class=\"wp-element-caption\">Ve\u00edculos estacionados tiraram um pouco do brilho do desfile | foto: Raimundo Mascarenhas<\/figcaption><\/figure>\n<\/div>\n\n\n<p>Outro ponto que a Prefeitura deve corrigir nos pr\u00f3ximos anos \u00e9 a n\u00e3o permiss\u00e3o de ve\u00edculos no \u201ccircuito do 7 de setembro\u201d, assim como j\u00e1 faz com o circuito da Coit\u00e9 Folia e do Natal Luz.<\/p>\n\n\n\n<p><strong>Recordista em desfile de 7 de Setembro \u2013 CEMJ fez mais uma bel\u00edssima apresenta\u00e7\u00e3o<\/strong><\/p>\n\n\n\n<p>Teve um per\u00edodo na hist\u00f3ria do Dia da P\u00e1tria em Concei\u00e7\u00e3o do Coit\u00e9 em que o munic\u00edpio deixou de realizar o desfile c\u00edvico de 7 de Setembro. Foi ent\u00e3o que a antiga Escolinha Menino Jesus, sob a dire\u00e7\u00e3o da saudosa professora Noelinda e do professor Gutemberg Ara\u00fajo, manteve viva a tradi\u00e7\u00e3o, levando seus alunos \u00e0s ruas para celebrar a data. Com o tempo, a Prefeitura retomou a realiza\u00e7\u00e3o do desfile e a institui\u00e7\u00e3o, j\u00e1 transformada em Centro de Ensino Menino Jesus (CEMJ), seguiu firme no prop\u00f3sito c\u00edvico, consolidando-se como refer\u00eancia no evento.<\/p>\n\n\n<div class=\"wp-block-image\">\n<figure class=\"aligncenter is-resized\" id=\"attachment_326259\"><img decoding=\"async\" src=\"https:\/\/i0.wp.com\/www.calilanoticias.com\/wp-content\/uploads\/2025\/09\/desfile-7-de-setembro-em-coite-6.jpg?resize=700%2C467&amp;ssl=1\" alt=\"\" class=\"wp-image-326259\" style=\"width:502px;height:auto\"\/><figcaption class=\"wp-element-caption\">Foto: Raimundo Mascarenhas<\/figcaption><\/figure>\n<\/div>\n\n\n<p>Atualmente sob a dire\u00e7\u00e3o de Carol Ara\u00fajo, filha de Gutemberg e Noelinda, o CEMJ continua a honrar o legado familiar. Neste ano, o tema escolhido foi \u201cBrasil, um livro aberto\u201d<strong>,<\/strong>&nbsp;que abordou a literatura brasileira e incluiu destaques da produ\u00e7\u00e3o liter\u00e1ria coiteense, como cord\u00e9is e hist\u00f3rias em quadrinhos. A escola ampliou a banda marcial para 51 integrantes e contou com o refor\u00e7o da Banda Marcial do Mocambo, encantando o p\u00fablico.<\/p>\n\n\n<div class=\"wp-block-image\">\n<figure class=\"aligncenter is-resized\" id=\"attachment_326260\"><img decoding=\"async\" src=\"https:\/\/i0.wp.com\/www.calilanoticias.com\/wp-content\/uploads\/2025\/09\/desfile-7-de-setembro-em-coite-7.jpg?resize=700%2C467&amp;ssl=1\" alt=\"\" class=\"wp-image-326260\" style=\"width:502px;height:auto\"\/><figcaption class=\"wp-element-caption\">Diretores do CEMJ<\/figcaption><\/figure>\n<\/div>\n\n\n<p>Com cerca de 370 alunos, o Centro reafirmou mais uma vez sua import\u00e2ncia hist\u00f3rica e cultural no cen\u00e1rio local.<\/p>\n\n\n<div class=\"wp-block-image\">\n<figure class=\"aligncenter is-resized\"><img decoding=\"async\" src=\"https:\/\/i0.wp.com\/www.calilanoticias.com\/wp-content\/uploads\/2025\/09\/desfile-7-de-setembro-em-coite-8.jpg?resize=700%2C467&amp;ssl=1\" alt=\"\" class=\"wp-image-326261\" style=\"width:532px;height:auto\"\/><\/figure>\n<\/div>\n\n\n<p class=\"bs-intro\">FONTE: CN<\/p>\n\n\n\n<ul class=\"wp-block-social-links has-icon-color is-style-logos-only is-vertical is-layout-flex wp-container-core-social-links-is-layout-8cf370e7 wp-block-social-links-is-layout-flex\"><li style=\"color:#0693e3;\" class=\"wp-social-link wp-social-link-whatsapp has-vivid-cyan-blue-color wp-block-social-link\"><a href=\"https:\/\/wa.me\/\/75991238048\" class=\"wp-block-social-link-anchor\"><svg width=\"24\" height=\"24\" viewBox=\"0 0 24 24\" version=\"1.1\" xmlns=\"http:\/\/www.w3.org\/2000\/svg\" aria-hidden=\"true\" focusable=\"false\"><path d=\"M 12.011719 2 C 6.5057187 2 2.0234844 6.478375 2.0214844 11.984375 C 2.0204844 13.744375 2.4814687 15.462563 3.3554688 16.976562 L 2 22 L 7.2324219 20.763672 C 8.6914219 21.559672 10.333859 21.977516 12.005859 21.978516 L 12.009766 21.978516 C 17.514766 21.978516 21.995047 17.499141 21.998047 11.994141 C 22.000047 9.3251406 20.962172 6.8157344 19.076172 4.9277344 C 17.190172 3.0407344 14.683719 2.001 12.011719 2 z M 12.009766 4 C 14.145766 4.001 16.153109 4.8337969 17.662109 6.3417969 C 19.171109 7.8517969 20.000047 9.8581875 19.998047 11.992188 C 19.996047 16.396187 16.413812 19.978516 12.007812 19.978516 C 10.674812 19.977516 9.3544062 19.642812 8.1914062 19.007812 L 7.5175781 18.640625 L 6.7734375 18.816406 L 4.8046875 19.28125 L 5.2851562 17.496094 L 5.5019531 16.695312 L 5.0878906 15.976562 C 4.3898906 14.768562 4.0204844 13.387375 4.0214844 11.984375 C 4.0234844 7.582375 7.6067656 4 12.009766 4 z M 8.4765625 7.375 C 8.3095625 7.375 8.0395469 7.4375 7.8105469 7.6875 C 7.5815469 7.9365 6.9355469 8.5395781 6.9355469 9.7675781 C 6.9355469 10.995578 7.8300781 12.182609 7.9550781 12.349609 C 8.0790781 12.515609 9.68175 15.115234 12.21875 16.115234 C 14.32675 16.946234 14.754891 16.782234 15.212891 16.740234 C 15.670891 16.699234 16.690438 16.137687 16.898438 15.554688 C 17.106437 14.971687 17.106922 14.470187 17.044922 14.367188 C 16.982922 14.263188 16.816406 14.201172 16.566406 14.076172 C 16.317406 13.951172 15.090328 13.348625 14.861328 13.265625 C 14.632328 13.182625 14.464828 13.140625 14.298828 13.390625 C 14.132828 13.640625 13.655766 14.201187 13.509766 14.367188 C 13.363766 14.534188 13.21875 14.556641 12.96875 14.431641 C 12.71875 14.305641 11.914938 14.041406 10.960938 13.191406 C 10.218937 12.530406 9.7182656 11.714844 9.5722656 11.464844 C 9.4272656 11.215844 9.5585938 11.079078 9.6835938 10.955078 C 9.7955938 10.843078 9.9316406 10.663578 10.056641 10.517578 C 10.180641 10.371578 10.223641 10.267562 10.306641 10.101562 C 10.389641 9.9355625 10.347156 9.7890625 10.285156 9.6640625 C 10.223156 9.5390625 9.737625 8.3065 9.515625 7.8125 C 9.328625 7.3975 9.131125 7.3878594 8.953125 7.3808594 C 8.808125 7.3748594 8.6425625 7.375 8.4765625 7.375 z\"><\/path><\/svg><span class=\"wp-block-social-link-label screen-reader-text\">WhatsApp<\/span><\/a><\/li>\n\n<li style=\"color:#0693e3;\" class=\"wp-social-link wp-social-link-instagram has-vivid-cyan-blue-color wp-block-social-link\"><a href=\"https:\/\/www.instagram.com\/radiosisal97.3\/profilecard\/?igsh=MWo1azd5aXNvN2hmcQ==\" class=\"wp-block-social-link-anchor\"><svg width=\"24\" height=\"24\" viewBox=\"0 0 24 24\" version=\"1.1\" xmlns=\"http:\/\/www.w3.org\/2000\/svg\" aria-hidden=\"true\" focusable=\"false\"><path d=\"M12,4.622c2.403,0,2.688,0.009,3.637,0.052c0.877,0.04,1.354,0.187,1.671,0.31c0.42,0.163,0.72,0.358,1.035,0.673 c0.315,0.315,0.51,0.615,0.673,1.035c0.123,0.317,0.27,0.794,0.31,1.671c0.043,0.949,0.052,1.234,0.052,3.637 s-0.009,2.688-0.052,3.637c-0.04,0.877-0.187,1.354-0.31,1.671c-0.163,0.42-0.358,0.72-0.673,1.035 c-0.315,0.315-0.615,0.51-1.035,0.673c-0.317,0.123-0.794,0.27-1.671,0.31c-0.949,0.043-1.233,0.052-3.637,0.052 s-2.688-0.009-3.637-0.052c-0.877-0.04-1.354-0.187-1.671-0.31c-0.42-0.163-0.72-0.358-1.035-0.673 c-0.315-0.315-0.51-0.615-0.673-1.035c-0.123-0.317-0.27-0.794-0.31-1.671C4.631,14.688,4.622,14.403,4.622,12 s0.009-2.688,0.052-3.637c0.04-0.877,0.187-1.354,0.31-1.671c0.163-0.42,0.358-0.72,0.673-1.035 c0.315-0.315,0.615-0.51,1.035-0.673c0.317-0.123,0.794-0.27,1.671-0.31C9.312,4.631,9.597,4.622,12,4.622 M12,3 C9.556,3,9.249,3.01,8.289,3.054C7.331,3.098,6.677,3.25,6.105,3.472C5.513,3.702,5.011,4.01,4.511,4.511 c-0.5,0.5-0.808,1.002-1.038,1.594C3.25,6.677,3.098,7.331,3.054,8.289C3.01,9.249,3,9.556,3,12c0,2.444,0.01,2.751,0.054,3.711 c0.044,0.958,0.196,1.612,0.418,2.185c0.23,0.592,0.538,1.094,1.038,1.594c0.5,0.5,1.002,0.808,1.594,1.038 c0.572,0.222,1.227,0.375,2.185,0.418C9.249,20.99,9.556,21,12,21s2.751-0.01,3.711-0.054c0.958-0.044,1.612-0.196,2.185-0.418 c0.592-0.23,1.094-0.538,1.594-1.038c0.5-0.5,0.808-1.002,1.038-1.594c0.222-0.572,0.375-1.227,0.418-2.185 C20.99,14.751,21,14.444,21,12s-0.01-2.751-0.054-3.711c-0.044-0.958-0.196-1.612-0.418-2.185c-0.23-0.592-0.538-1.094-1.038-1.594 c-0.5-0.5-1.002-0.808-1.594-1.038c-0.572-0.222-1.227-0.375-2.185-0.418C14.751,3.01,14.444,3,12,3L12,3z M12,7.378 c-2.552,0-4.622,2.069-4.622,4.622S9.448,16.622,12,16.622s4.622-2.069,4.622-4.622S14.552,7.378,12,7.378z M12,15 c-1.657,0-3-1.343-3-3s1.343-3,3-3s3,1.343,3,3S13.657,15,12,15z M16.804,6.116c-0.596,0-1.08,0.484-1.08,1.08 s0.484,1.08,1.08,1.08c0.596,0,1.08-0.484,1.08-1.08S17.401,6.116,16.804,6.116z\"><\/path><\/svg><span class=\"wp-block-social-link-label screen-reader-text\">Instagram<\/span><\/a><\/li>\n\n<li style=\"color:#0693e3;\" class=\"wp-social-link wp-social-link-facebook has-vivid-cyan-blue-color wp-block-social-link\"><a href=\"https:\/\/www.facebook.com\/share\/1A7WveK9ft\/?mibextid=wwXIfr\" class=\"wp-block-social-link-anchor\"><svg width=\"24\" height=\"24\" viewBox=\"0 0 24 24\" version=\"1.1\" xmlns=\"http:\/\/www.w3.org\/2000\/svg\" aria-hidden=\"true\" focusable=\"false\"><path d=\"M12 2C6.5 2 2 6.5 2 12c0 5 3.7 9.1 8.4 9.9v-7H7.9V12h2.5V9.8c0-2.5 1.5-3.9 3.8-3.9 1.1 0 2.2.2 2.2.2v2.5h-1.3c-1.2 0-1.6.8-1.6 1.6V12h2.8l-.4 2.9h-2.3v7C18.3 21.1 22 17 22 12c0-5.5-4.5-10-10-10z\"><\/path><\/svg><span class=\"wp-block-social-link-label screen-reader-text\">Facebook<\/span><\/a><\/li><\/ul>\n","protected":false},"excerpt":{"rendered":"<p>Cerca de 1.600 alunos da rede municipal e do CEMJ (particular) mostraram muito brilho e organiza\u00e7\u00e3o. Na tarde deste domingo, Dia da P\u00e1tria, Concei\u00e7\u00e3o do Coit\u00e9 voltou a celebrar a Independ\u00eancia do Brasil com o tradicional desfile c\u00edvico de 7 de Setembro. Mantendo viva uma tradi\u00e7\u00e3o hist\u00f3rica, cerca de 1.600 estudantes das 69 escolas da [&hellip;]<\/p>\n","protected":false},"author":2,"featured_media":9463,"comment_status":"open","ping_status":"open","sticky":false,"template":"","format":"standard","meta":{"footnotes":""},"categories":[1],"tags":[],"class_list":["post-9462","post","type-post","status-publish","format-standard","has-post-thumbnail","hentry","category-geral"],"jetpack_sharing_enabled":true,"jetpack_featured_media_url":"https:\/\/i0.wp.com\/radiosisal.com\/br\/wp-content\/uploads\/2025\/09\/desfile-7-de-setembro-em-coite-des.webp?fit=700%2C467&ssl=1","_links":{"self":[{"href":"https:\/\/radiosisal.com\/br\/wp-json\/wp\/v2\/posts\/9462","targetHints":{"allow":["GET"]}}],"collection":[{"href":"https:\/\/radiosisal.com\/br\/wp-json\/wp\/v2\/posts"}],"about":[{"href":"https:\/\/radiosisal.com\/br\/wp-json\/wp\/v2\/types\/post"}],"author":[{"embeddable":true,"href":"https:\/\/radiosisal.com\/br\/wp-json\/wp\/v2\/users\/2"}],"replies":[{"embeddable":true,"href":"https:\/\/radiosisal.com\/br\/wp-json\/wp\/v2\/comments?post=9462"}],"version-history":[{"count":1,"href":"https:\/\/radiosisal.com\/br\/wp-json\/wp\/v2\/posts\/9462\/revisions"}],"predecessor-version":[{"id":9464,"href":"https:\/\/radiosisal.com\/br\/wp-json\/wp\/v2\/posts\/9462\/revisions\/9464"}],"wp:featuredmedia":[{"embeddable":true,"href":"https:\/\/radiosisal.com\/br\/wp-json\/wp\/v2\/media\/9463"}],"wp:attachment":[{"href":"https:\/\/radiosisal.com\/br\/wp-json\/wp\/v2\/media?parent=9462"}],"wp:term":[{"taxonomy":"category","embeddable":true,"href":"https:\/\/radiosisal.com\/br\/wp-json\/wp\/v2\/categories?post=9462"},{"taxonomy":"post_tag","embeddable":true,"href":"https:\/\/radiosisal.com\/br\/wp-json\/wp\/v2\/tags?post=9462"}],"curies":[{"name":"wp","href":"https:\/\/api.w.org\/{rel}","templated":true}]}}