{"id":9529,"date":"2025-09-12T13:19:59","date_gmt":"2025-09-12T13:19:59","guid":{"rendered":"https:\/\/radiosisal.com\/br\/?p=9529"},"modified":"2025-09-12T13:20:03","modified_gmt":"2025-09-12T13:20:03","slug":"casos-de-sarampo-tiveram-aumento-de-34-vezes-em-2025-alerta-opas","status":"publish","type":"post","link":"https:\/\/radiosisal.com\/br\/2025\/09\/12\/casos-de-sarampo-tiveram-aumento-de-34-vezes-em-2025-alerta-opas\/","title":{"rendered":"CASOS DE SARAMPO TIVERAM AUMENTO DE 34 VEZES EM 2025, ALERTA OPAS"},"content":{"rendered":"\n<p><\/p>\n\n\n\n<p>A Organiza\u00e7\u00e3o Pan-Americana da Sa\u00fade (Opas) emitiu alerta em agosto, ap\u00f3s constatar aumento de 34 vezes no n\u00famero de casos de sarampo em rela\u00e7\u00e3o a 2024. Dez pa\u00edses das Am\u00e9ricas registraram ocorr\u00eancias da doen\u00e7a, somando mais de 10 mil confirma\u00e7\u00f5es e 18 mortes.<img decoding=\"async\" src=\"https:\/\/i0.wp.com\/agenciabrasil.ebc.com.br\/ebc.png?w=1170&#038;ssl=1\" data-recalc-dims=\"1\"><img decoding=\"async\" src=\"https:\/\/i0.wp.com\/agenciabrasil.ebc.com.br\/ebc.gif?w=1170&#038;ssl=1\" data-recalc-dims=\"1\"><\/p>\n\n\n\n<p><strong>Os \u00f3bitos se concentram no M\u00e9xico (14), nos Estados Unidos (3) e no Canad\u00e1 (1). No Brasil, os registros mais recentes apontam 24 casos at\u00e9 o final de agosto, 19 no Tocantins.<\/strong>&nbsp;Embora o pa\u00eds esteja entre aqueles com menor n\u00famero de casos na regi\u00e3o, permanece em estado de aten\u00e7\u00e3o diante da alta transmissibilidade do v\u00edrus.<\/p>\n\n\n\n<p><strong>Para a chefe do Laborat\u00f3rio de V\u00edrus Respirat\u00f3rios, Exantem\u00e1ticos, Enterov\u00edrus e Emerg\u00eancias Virais do Instituto Oswaldo Cruz (Fiocruz), Marilda Siqueira, \u00e9 urgente elevar as coberturas vacinais.<\/strong><\/p>\n\n\n\n<blockquote class=\"wp-block-quote is-layout-flow wp-block-quote-is-layout-flow\">\n<p>\u201cO sarampo \u00e9 altamente transmiss\u00edvel. Precisamos atingir, no m\u00ednimo, 95% de cobertura vacinal para criarmos uma prote\u00e7\u00e3o coletiva, reduzindo a quantidade de pessoas suscet\u00edveis ao v\u00edrus\u201d, alerta.&nbsp;<\/p>\n<\/blockquote>\n\n\n\n<p><strong>Altamente contagioso, o sarampo se espalha pelo ar por meio de secre\u00e7\u00f5es de indiv\u00edduos infectados e pode infectar pessoas de todas as idades<\/strong>. Os sintomas incluem febre alta, erup\u00e7\u00e3o cut\u00e2nea que se dissemina por todo o corpo, congest\u00e3o nasal e irrita\u00e7\u00e3o ocular. A doen\u00e7a pode evoluir para complica\u00e7\u00f5es graves, como pneumonia, encefalite, diarreia intensa e at\u00e9 cegueira, sobretudo em crian\u00e7as desnutridas e pessoas com imunidade comprometida.<\/p>\n\n\n\n<h2 class=\"wp-block-heading\">Vacina \u00e9 a solu\u00e7\u00e3o<\/h2>\n\n\n\n<p>At\u00e9 o in\u00edcio da d\u00e9cada de 1990, o sarampo era uma das principais causas de mortalidade infantil no mundo, provocando cerca de 2,5 milh\u00f5es de \u00f3bitos por ano, em sua maioria entre crian\u00e7as. A cobertura vacinal mudou esse cen\u00e1rio, permitindo que pa\u00edses reduzissem progressivamente os casos e alcan\u00e7assem a elimina\u00e7\u00e3o da circula\u00e7\u00e3o end\u00eamica em diversas regi\u00f5es. Nas Am\u00e9ricas, o feito foi reconhecido em 2016, quando o continente recebeu o certificado oficial de elimina\u00e7\u00e3o da doen\u00e7a.<\/p>\n\n\n\n<p>No entanto, essa conquista n\u00e3o significa que o v\u00edrus tenha desaparecido. O risco de reintrodu\u00e7\u00e3o \u00e9 constante, sobretudo em contextos de baixa cobertura vacinal. Segundo a Opas, a maioria dos casos registrados em 2025 nas Am\u00e9ricas ocorreu justamente entre pessoas n\u00e3o vacinadas, enquanto outra parcela significativa envolveu indiv\u00edduos com situa\u00e7\u00e3o vacinal desconhecida. &nbsp;<\/p>\n\n\n\n<p><strong>A prote\u00e7\u00e3o contra o sarampo depende da aplica\u00e7\u00e3o de duas doses da vacina. No Brasil, a vacina\u00e7\u00e3o regular prev\u00ea a primeira aos 12 meses e a segunda aos 15 meses de idade, podendo incluir outras faixas et\u00e1rias em campanhas espec\u00edficas.<\/strong><\/p>\n\n\n\n<p>De acordo com a infectologista Marilda Siqueira, \u201cas crian\u00e7as que n\u00e3o t\u00eam as duas doses registradas na caderneta n\u00e3o est\u00e3o totalmente protegidas\u201d. Segundo ela, a ades\u00e3o ao calend\u00e1rio vacinal \u00e9 essencial para impedir o retorno do sarampo.<\/p>\n\n\n\n<p>Segundo a Opas, a cobertura nas Am\u00e9ricas ainda n\u00e3o atingiu os 95% recomendados para bloquear a propaga\u00e7\u00e3o do v\u00edrus. Em 2024, apenas 89% receberam a primeira dose da vacina tr\u00edplice viral e somente 79% completaram a segunda.<\/p>\n\n\n\n<p>No Brasil, a situa\u00e7\u00e3o \u00e9 mais favor\u00e1vel em compara\u00e7\u00e3o \u00e0 m\u00e9dia continental. Ap\u00f3s anos de queda, a cobertura vacinal voltou a crescer a partir de 2023, com resultados expressivos em 2024. Segundo o Minist\u00e9rio da Sa\u00fade, o n\u00famero de munic\u00edpios que atingiram a meta de 95% de imuniza\u00e7\u00e3o contra o sarampo, caxumba e rub\u00e9ola na segunda dose do tr\u00edplice viral mais que dobrou em dois anos, passando de 855 em 2022 para 2.408 em 2024. &nbsp;<\/p>\n\n\n\n<p><strong>Em 2025, diante do aumento de casos em pa\u00edses vizinhos, o Brasil vem refor\u00e7ando suas a\u00e7\u00f5es de imuniza\u00e7\u00e3o, tanto em \u00e1reas de fronteira quanto em todo o territ\u00f3rio nacional<\/strong>. No Sul, a reativa\u00e7\u00e3o da Comiss\u00e3o Binacional de Sa\u00fade com o Uruguai resultou em&nbsp;grande mobiliza\u00e7\u00e3o conjunta em Sant\u2019Ana do Livramento, no Rio Grande do Sul, e Rivera, no Uruguai, ampliando a prote\u00e7\u00e3o de moradores locais e imigrantes.<\/p>\n\n\n\n<p>Al\u00e9m disso, o Minist\u00e9rio da Sa\u00fade tem promovido sucessivos dias D de vacina\u00e7\u00e3o contra o sarampo em diferentes estados. Em julho, a mobiliza\u00e7\u00e3o ocorreu em cidades de fronteira do Acre, de Mato Grosso, Mato Grosso do Sul e Rond\u00f4nia, com cerca de 3 mil doses aplicadas. Em agosto, todos os 79 munic\u00edpios de Mato Grosso do Sul participaram da campanha.<\/p>\n\n\n\n<p>Marilda refor\u00e7a, no entanto, que nenhuma estrat\u00e9gia ter\u00e1 efeito se a popula\u00e7\u00e3o n\u00e3o fizer a sua parte. \u201cEm conjunto com secretarias estaduais e municipais, o Minist\u00e9rio da Sa\u00fade est\u00e1 atuando nos munic\u00edpios com casos confirmados para evitar a dissemina\u00e7\u00e3o do v\u00edrus. Mas esse trabalho s\u00f3 ter\u00e1 sucesso se contar com a participa\u00e7\u00e3o da popula\u00e7\u00e3o. Isso significa procurar o servi\u00e7o de sa\u00fade ao apresentar febre com exantema \u2014 aquelas manchas vermelhas pelo corpo \u2014 e manter a vacina\u00e7\u00e3o em dia\u201d, completa.<\/p>\n\n\n\n<p class=\"bs-intro\">FONTE: Ag\u00eancia Brasil<\/p>\n\n\n\n<ul class=\"wp-block-social-links has-icon-color is-style-logos-only is-vertical is-layout-flex wp-container-core-social-links-is-layout-8cf370e7 wp-block-social-links-is-layout-flex\"><li style=\"color:#0693e3;\" class=\"wp-social-link wp-social-link-whatsapp has-vivid-cyan-blue-color wp-block-social-link\"><a href=\"https:\/\/wa.me\/\/75991238048\" class=\"wp-block-social-link-anchor\"><svg width=\"24\" height=\"24\" viewBox=\"0 0 24 24\" version=\"1.1\" xmlns=\"http:\/\/www.w3.org\/2000\/svg\" aria-hidden=\"true\" focusable=\"false\"><path d=\"M 12.011719 2 C 6.5057187 2 2.0234844 6.478375 2.0214844 11.984375 C 2.0204844 13.744375 2.4814687 15.462563 3.3554688 16.976562 L 2 22 L 7.2324219 20.763672 C 8.6914219 21.559672 10.333859 21.977516 12.005859 21.978516 L 12.009766 21.978516 C 17.514766 21.978516 21.995047 17.499141 21.998047 11.994141 C 22.000047 9.3251406 20.962172 6.8157344 19.076172 4.9277344 C 17.190172 3.0407344 14.683719 2.001 12.011719 2 z M 12.009766 4 C 14.145766 4.001 16.153109 4.8337969 17.662109 6.3417969 C 19.171109 7.8517969 20.000047 9.8581875 19.998047 11.992188 C 19.996047 16.396187 16.413812 19.978516 12.007812 19.978516 C 10.674812 19.977516 9.3544062 19.642812 8.1914062 19.007812 L 7.5175781 18.640625 L 6.7734375 18.816406 L 4.8046875 19.28125 L 5.2851562 17.496094 L 5.5019531 16.695312 L 5.0878906 15.976562 C 4.3898906 14.768562 4.0204844 13.387375 4.0214844 11.984375 C 4.0234844 7.582375 7.6067656 4 12.009766 4 z M 8.4765625 7.375 C 8.3095625 7.375 8.0395469 7.4375 7.8105469 7.6875 C 7.5815469 7.9365 6.9355469 8.5395781 6.9355469 9.7675781 C 6.9355469 10.995578 7.8300781 12.182609 7.9550781 12.349609 C 8.0790781 12.515609 9.68175 15.115234 12.21875 16.115234 C 14.32675 16.946234 14.754891 16.782234 15.212891 16.740234 C 15.670891 16.699234 16.690438 16.137687 16.898438 15.554688 C 17.106437 14.971687 17.106922 14.470187 17.044922 14.367188 C 16.982922 14.263188 16.816406 14.201172 16.566406 14.076172 C 16.317406 13.951172 15.090328 13.348625 14.861328 13.265625 C 14.632328 13.182625 14.464828 13.140625 14.298828 13.390625 C 14.132828 13.640625 13.655766 14.201187 13.509766 14.367188 C 13.363766 14.534188 13.21875 14.556641 12.96875 14.431641 C 12.71875 14.305641 11.914938 14.041406 10.960938 13.191406 C 10.218937 12.530406 9.7182656 11.714844 9.5722656 11.464844 C 9.4272656 11.215844 9.5585938 11.079078 9.6835938 10.955078 C 9.7955938 10.843078 9.9316406 10.663578 10.056641 10.517578 C 10.180641 10.371578 10.223641 10.267562 10.306641 10.101562 C 10.389641 9.9355625 10.347156 9.7890625 10.285156 9.6640625 C 10.223156 9.5390625 9.737625 8.3065 9.515625 7.8125 C 9.328625 7.3975 9.131125 7.3878594 8.953125 7.3808594 C 8.808125 7.3748594 8.6425625 7.375 8.4765625 7.375 z\"><\/path><\/svg><span class=\"wp-block-social-link-label screen-reader-text\">WhatsApp<\/span><\/a><\/li>\n\n<li style=\"color:#0693e3;\" class=\"wp-social-link wp-social-link-instagram has-vivid-cyan-blue-color wp-block-social-link\"><a href=\"https:\/\/www.instagram.com\/radiosisal97.3\/profilecard\/?igsh=MWo1azd5aXNvN2hmcQ==\" class=\"wp-block-social-link-anchor\"><svg width=\"24\" height=\"24\" viewBox=\"0 0 24 24\" version=\"1.1\" xmlns=\"http:\/\/www.w3.org\/2000\/svg\" aria-hidden=\"true\" focusable=\"false\"><path d=\"M12,4.622c2.403,0,2.688,0.009,3.637,0.052c0.877,0.04,1.354,0.187,1.671,0.31c0.42,0.163,0.72,0.358,1.035,0.673 c0.315,0.315,0.51,0.615,0.673,1.035c0.123,0.317,0.27,0.794,0.31,1.671c0.043,0.949,0.052,1.234,0.052,3.637 s-0.009,2.688-0.052,3.637c-0.04,0.877-0.187,1.354-0.31,1.671c-0.163,0.42-0.358,0.72-0.673,1.035 c-0.315,0.315-0.615,0.51-1.035,0.673c-0.317,0.123-0.794,0.27-1.671,0.31c-0.949,0.043-1.233,0.052-3.637,0.052 s-2.688-0.009-3.637-0.052c-0.877-0.04-1.354-0.187-1.671-0.31c-0.42-0.163-0.72-0.358-1.035-0.673 c-0.315-0.315-0.51-0.615-0.673-1.035c-0.123-0.317-0.27-0.794-0.31-1.671C4.631,14.688,4.622,14.403,4.622,12 s0.009-2.688,0.052-3.637c0.04-0.877,0.187-1.354,0.31-1.671c0.163-0.42,0.358-0.72,0.673-1.035 c0.315-0.315,0.615-0.51,1.035-0.673c0.317-0.123,0.794-0.27,1.671-0.31C9.312,4.631,9.597,4.622,12,4.622 M12,3 C9.556,3,9.249,3.01,8.289,3.054C7.331,3.098,6.677,3.25,6.105,3.472C5.513,3.702,5.011,4.01,4.511,4.511 c-0.5,0.5-0.808,1.002-1.038,1.594C3.25,6.677,3.098,7.331,3.054,8.289C3.01,9.249,3,9.556,3,12c0,2.444,0.01,2.751,0.054,3.711 c0.044,0.958,0.196,1.612,0.418,2.185c0.23,0.592,0.538,1.094,1.038,1.594c0.5,0.5,1.002,0.808,1.594,1.038 c0.572,0.222,1.227,0.375,2.185,0.418C9.249,20.99,9.556,21,12,21s2.751-0.01,3.711-0.054c0.958-0.044,1.612-0.196,2.185-0.418 c0.592-0.23,1.094-0.538,1.594-1.038c0.5-0.5,0.808-1.002,1.038-1.594c0.222-0.572,0.375-1.227,0.418-2.185 C20.99,14.751,21,14.444,21,12s-0.01-2.751-0.054-3.711c-0.044-0.958-0.196-1.612-0.418-2.185c-0.23-0.592-0.538-1.094-1.038-1.594 c-0.5-0.5-1.002-0.808-1.594-1.038c-0.572-0.222-1.227-0.375-2.185-0.418C14.751,3.01,14.444,3,12,3L12,3z M12,7.378 c-2.552,0-4.622,2.069-4.622,4.622S9.448,16.622,12,16.622s4.622-2.069,4.622-4.622S14.552,7.378,12,7.378z M12,15 c-1.657,0-3-1.343-3-3s1.343-3,3-3s3,1.343,3,3S13.657,15,12,15z M16.804,6.116c-0.596,0-1.08,0.484-1.08,1.08 s0.484,1.08,1.08,1.08c0.596,0,1.08-0.484,1.08-1.08S17.401,6.116,16.804,6.116z\"><\/path><\/svg><span class=\"wp-block-social-link-label screen-reader-text\">Instagram<\/span><\/a><\/li>\n\n<li style=\"color:#0693e3;\" class=\"wp-social-link wp-social-link-facebook has-vivid-cyan-blue-color wp-block-social-link\"><a href=\"https:\/\/www.facebook.com\/share\/1A7WveK9ft\/?mibextid=wwXIfr\" class=\"wp-block-social-link-anchor\"><svg width=\"24\" height=\"24\" viewBox=\"0 0 24 24\" version=\"1.1\" xmlns=\"http:\/\/www.w3.org\/2000\/svg\" aria-hidden=\"true\" focusable=\"false\"><path d=\"M12 2C6.5 2 2 6.5 2 12c0 5 3.7 9.1 8.4 9.9v-7H7.9V12h2.5V9.8c0-2.5 1.5-3.9 3.8-3.9 1.1 0 2.2.2 2.2.2v2.5h-1.3c-1.2 0-1.6.8-1.6 1.6V12h2.8l-.4 2.9h-2.3v7C18.3 21.1 22 17 22 12c0-5.5-4.5-10-10-10z\"><\/path><\/svg><span class=\"wp-block-social-link-label screen-reader-text\">Facebook<\/span><\/a><\/li><\/ul>\n","protected":false},"excerpt":{"rendered":"<p>A Organiza\u00e7\u00e3o Pan-Americana da Sa\u00fade (Opas) emitiu alerta em agosto, ap\u00f3s constatar aumento de 34 vezes no n\u00famero de casos de sarampo em rela\u00e7\u00e3o a 2024. Dez pa\u00edses das Am\u00e9ricas registraram ocorr\u00eancias da doen\u00e7a, somando mais de 10 mil confirma\u00e7\u00f5es e 18 mortes. Os \u00f3bitos se concentram no M\u00e9xico (14), nos Estados Unidos (3) e [&hellip;]<\/p>\n","protected":false},"author":2,"featured_media":9530,"comment_status":"open","ping_status":"open","sticky":false,"template":"","format":"standard","meta":{"footnotes":""},"categories":[1],"tags":[],"class_list":["post-9529","post","type-post","status-publish","format-standard","has-post-thumbnail","hentry","category-geral"],"jetpack_sharing_enabled":true,"jetpack_featured_media_url":"https:\/\/i0.wp.com\/radiosisal.com\/br\/wp-content\/uploads\/2025\/09\/campanha_estadual_do_dia_d_de_vacinacao_contra_o_sarampo_no_rio20200201_0133.webp?fit=1170%2C700&ssl=1","_links":{"self":[{"href":"https:\/\/radiosisal.com\/br\/wp-json\/wp\/v2\/posts\/9529","targetHints":{"allow":["GET"]}}],"collection":[{"href":"https:\/\/radiosisal.com\/br\/wp-json\/wp\/v2\/posts"}],"about":[{"href":"https:\/\/radiosisal.com\/br\/wp-json\/wp\/v2\/types\/post"}],"author":[{"embeddable":true,"href":"https:\/\/radiosisal.com\/br\/wp-json\/wp\/v2\/users\/2"}],"replies":[{"embeddable":true,"href":"https:\/\/radiosisal.com\/br\/wp-json\/wp\/v2\/comments?post=9529"}],"version-history":[{"count":1,"href":"https:\/\/radiosisal.com\/br\/wp-json\/wp\/v2\/posts\/9529\/revisions"}],"predecessor-version":[{"id":9531,"href":"https:\/\/radiosisal.com\/br\/wp-json\/wp\/v2\/posts\/9529\/revisions\/9531"}],"wp:featuredmedia":[{"embeddable":true,"href":"https:\/\/radiosisal.com\/br\/wp-json\/wp\/v2\/media\/9530"}],"wp:attachment":[{"href":"https:\/\/radiosisal.com\/br\/wp-json\/wp\/v2\/media?parent=9529"}],"wp:term":[{"taxonomy":"category","embeddable":true,"href":"https:\/\/radiosisal.com\/br\/wp-json\/wp\/v2\/categories?post=9529"},{"taxonomy":"post_tag","embeddable":true,"href":"https:\/\/radiosisal.com\/br\/wp-json\/wp\/v2\/tags?post=9529"}],"curies":[{"name":"wp","href":"https:\/\/api.w.org\/{rel}","templated":true}]}}