{"id":9580,"date":"2025-09-16T14:40:42","date_gmt":"2025-09-16T14:40:42","guid":{"rendered":"https:\/\/radiosisal.com\/br\/?p=9580"},"modified":"2025-09-16T14:40:44","modified_gmt":"2025-09-16T14:40:44","slug":"desemprego-recua-para-56-no-trimestre-terminado-em-julho-menor-nivel-da-serie-historica-do-ibge","status":"publish","type":"post","link":"https:\/\/radiosisal.com\/br\/2025\/09\/16\/desemprego-recua-para-56-no-trimestre-terminado-em-julho-menor-nivel-da-serie-historica-do-ibge\/","title":{"rendered":"DESEMPREGO RECUA PARA 5,6% NO TRIMESTRE TERMINADO EM JULHO, MENOR N\u00cdVEL DA S\u00c9RIE HIST\u00d3RICA DO IBGE"},"content":{"rendered":"\n<p><\/p>\n\n\n\n<p>Dados s\u00e3o da Pesquisa Nacional por Amostra de Domic\u00edlios (Pnad) Cont\u00ednua, divulgada pelo instituto nesta ter\u00e7a-feira (16).<\/p>\n\n\n\n<p>A taxa de desemprego no Brasil recuou para\u00a0<strong>5,6%<\/strong>\u00a0no trimestre encerrado em julho, segundo a Pesquisa Nacional por Amostra de Domic\u00edlios (Pnad Cont\u00ednua), divulgada nesta ter\u00e7a-feira (16) pelo Instituto Brasileiro de Geografia e Estat\u00edstica (<a class=\"\" href=\"https:\/\/g1.globo.com\/tudo-sobre\/ibge\/\">IBGE<\/a>).<\/p>\n\n\n\n<p>Esse foi o menor n\u00edvel da s\u00e9rie hist\u00f3rica, iniciada em 2012, e&nbsp;<a class=\"\" href=\"https:\/\/g1.globo.com\/economia\/noticia\/2025\/05\/29\/desemprego-fica-em-66percent-no-trimestre-terminado-em-abril-diz-ibge.ghtml\"><strong>representa queda em rela\u00e7\u00e3o ao trimestre anterior<\/strong><\/a>, encerrado em abril, quando a taxa estava em&nbsp;<strong>6,6%<\/strong>. Na compara\u00e7\u00e3o com o mesmo per\u00edodo do ano passado, quando o desemprego era de 6,9%, a queda foi de 1,2 p.p.<\/p>\n\n\n\n<p>O total de desempregados chegou a 6,118 milh\u00f5es de pessoas, o menor n\u00famero desde o fim de 2013, quando 6,100 milh\u00f5es estavam sem trabalho.&nbsp;Em rela\u00e7\u00e3o ao per\u00edodo anterior, a queda no n\u00famero de desempregados foi de 14,2% (menos 1 milh\u00e3o de pessoas) e 16,0% no ano (menos 1,2 milh\u00e3o).<\/p>\n\n\n\n<p>A popula\u00e7\u00e3o&nbsp;<strong>ocupada<\/strong>&nbsp;\u2014 trabalhadores na popula\u00e7\u00e3o em idade ativa \u2014 chegou ao recorde de&nbsp;<strong>102,4 milh\u00f5es<\/strong>&nbsp;de pessoas entre maio e julho (<strong>58,8%<\/strong>).&nbsp;Desse total, o n\u00famero de empregados com&nbsp;<strong>carteira assinada<\/strong>&nbsp;tamb\u00e9m foi o mais alto j\u00e1 registrado, somando&nbsp;<strong>39,1 milh\u00f5es<\/strong>.<\/p>\n\n\n\n<p>Segundo o IBGE, esse&nbsp;aumento no n\u00famero de trabalhadores com carteira puxou o recuo da desocupa\u00e7\u00e3o no pa\u00eds. Desse contingente, os setores quem mais contrataram foram:<\/p>\n\n\n\n<p>Administra\u00e7\u00e3o p\u00fablica, sa\u00fade, educa\u00e7\u00e3o e servi\u00e7os sociais (+522 mil);<br>Servi\u00e7os ligados a informa\u00e7\u00e3o, comunica\u00e7\u00e3o, finan\u00e7as e administra\u00e7\u00e3o (+260 mil);<br>Agropecu\u00e1ria e atividades relacionadas (+206 mil pessoas).<br><br><strong>Na compara\u00e7\u00e3o com o mesmo per\u00edodo de 2024, cinco setores se destacaram:<\/strong><br><br>Administra\u00e7\u00e3o p\u00fablica, sa\u00fade, educa\u00e7\u00e3o e servi\u00e7os sociais (+677 mil).<br>Ind\u00fastria (+580 mil);<br>Servi\u00e7os de informa\u00e7\u00e3o, comunica\u00e7\u00e3o, finan\u00e7as e administra\u00e7\u00e3o (+480 mil);<br>Com\u00e9rcio (+398 mil);<br>Transporte e correio (+360 mil);<br><br>Para William Kratochwill, analista do IBGE, \u201cesses n\u00fameros sustentam o bom momento do mercado de trabalho, com crescimento da ocupa\u00e7\u00e3o e redu\u00e7\u00e3o da subutiliza\u00e7\u00e3o da m\u00e3o de obra, ou seja, um mercado de trabalho mais ativo\u201d.<\/p>\n\n\n\n<p><br>A\u00a0<strong>for\u00e7a de trabalho<\/strong>, que inclui ocupados e desocupados, atingiu\u00a0<strong>108,6 milh\u00f5es<\/strong>\u00a0de pessoas entre maio e julho \u2014 novo recorde da s\u00e9rie, de acordo com o IBGE. O n\u00famero permaneceu est\u00e1vel frente ao trimestre anterior, mas avan\u00e7ou 1,1% (mais 1,2 milh\u00e3o) em rela\u00e7\u00e3o ao mesmo per\u00edodo de 2024.<br><br>A popula\u00e7\u00e3o\u00a0<strong>fora da for\u00e7a de trabalho<\/strong>\u00a0somou 65,6 milh\u00f5es, mantendo estabilidade nas duas compara\u00e7\u00f5es.<br><em>\ud83d\udd0eA\u00a0<\/em><strong><em>popula\u00e7\u00e3o ocupada<\/em><\/strong><em>\u00a0inclui todas as pessoas que est\u00e3o trabalhando, formal ou informalmente. J\u00e1 a\u00a0<\/em><strong><em>for\u00e7a de trabalho<\/em><\/strong><em>\u00a0re\u00fane os ocupados e os desocupados, ou seja, quem est\u00e1 empregado e quem busca emprego. Quem n\u00e3o trabalha nem procura trabalho integra a popula\u00e7\u00e3o\u00a0<\/em><strong><em>fora da for\u00e7a de trabalho.<\/em><\/strong><br>A popula\u00e7\u00e3o\u00a0<strong>desalentada<\/strong>\u00a0(pessoas na for\u00e7a de trabalho que est\u00e3o desempregadas), que chegou a\u00a0<strong>2,7 milh\u00f5es<\/strong>\u00a0de pessoas, caiu 11% no trimestre (menos 332 mil) e 15% no ano (menos 475 mil). A taxa de desalento recuou 0,3 ponto percentual no per\u00edodo e 0,4 ponto percentual no ano, chegando a\u00a0<strong>2,4%<\/strong>.<br>O contingente de trabalhadores com\u00a0<strong>carteira assinada no setor privado<\/strong>\u00a0tamb\u00e9m atingiu patamar recorde na s\u00e9rie hist\u00f3rica (39,1 milh\u00f5es), segundo o IBGE, representando uma estabilidade em rela\u00e7\u00e3o ao trimestre anterior e de 3,5% frente ao mesmo per\u00edodo de 2024.<br>J\u00e1 a\u00a0<strong>taxa composta de subutiliza\u00e7\u00e3o<\/strong>,\u00a0<a class=\"\" href=\"https:\/\/g1.globo.com\/economia\/noticia\/2025\/02\/01\/entenda-como-o-ibge-calcula-a-taxa-de-desemprego-no-brasil.ghtml\"><strong>que representa a for\u00e7a de trabalho &#8220;desperdi\u00e7ada&#8221; no pa\u00eds<\/strong><\/a>, ficou em 14,1%. Segundo o IBGE, essa tamb\u00e9m foi a mais baixa da s\u00e9rie, representando tamb\u00e9m uma queda de 1,3 p.p. em rela\u00e7\u00e3o ao trimestre anterior (15,4%) e de 2,1 p.p. na compara\u00e7\u00e3o anual.<br><br>&#8220;Os dados mostram que quem saiu da desocupa\u00e7\u00e3o n\u00e3o est\u00e1 abandonando a for\u00e7a de trabalho nem entrando no desalento, mas sim se inserindo de fato no mercado, o que \u00e9 confirmado pelo recorde de ocupa\u00e7\u00e3o\u201d, afirma Kratochwill.<\/p>\n\n\n\n<ol class=\"wp-block-list\"><\/ol>\n\n\n\n<p class=\"bs-intro\">Veja os destaques da pesquisa<\/p>\n\n\n\n<p>Trabalhadores informais: 38,8 milh\u00f5es<\/p>\n\n\n\n<p>Taxa de desocupa\u00e7\u00e3o: 5,6%<\/p>\n\n\n\n<p>Popula\u00e7\u00e3o desocupada: 6,118 milh\u00f5es de pessoas<\/p>\n\n\n\n<p>Popula\u00e7\u00e3o ocupada: 102,4 milh\u00f5es<\/p>\n\n\n\n<p>Popula\u00e7\u00e3o fora da for\u00e7a de trabalho: 65,6 milh\u00f5es<\/p>\n\n\n\n<p>Popula\u00e7\u00e3o desalentada: 2,7 milh\u00f5es<\/p>\n\n\n\n<p>Empregados com carteira assinada: 39,1 milh\u00f5es<\/p>\n\n\n\n<p>Empregados sem carteira assinada: 13,5 milh\u00f5es<\/p>\n\n\n\n<p>Trabalhadores por conta pr\u00f3pria: 25,9 milh\u00f5es<\/p>\n\n\n\n<h2 class=\"wp-block-heading\">Informalidade cai para 37,8%, mas total de trabalhadores informais aumenta<\/h2>\n\n\n\n<p>De maio a julho, a&nbsp;<strong>taxa de informalidade<\/strong>&nbsp;foi de 37,8%, abaixo do trimestre anterior (38%) e do mesmo per\u00edodo de 2024 (38,7%).<\/p>\n\n\n\n<p>Mesmo assim, o n\u00famero de&nbsp;<strong>trabalhadores sem carteira ou v\u00ednculo formal<\/strong>&nbsp;chegou a 38,8 milh\u00f5es, levemente acima do per\u00edodo anterior de tr\u00eas meses (38,5 milh\u00f5es) e de um ano antes (38,7 milh\u00f5es).<\/p>\n\n\n\n<p>Segundo William, \u201co avan\u00e7o da informalidade foi pequeno e sem relev\u00e2ncia estat\u00edstica, mas a formaliza\u00e7\u00e3o continuou a crescer, o que reduziu o indicador\u201d.<\/p>\n\n\n\n<p>O trabalho por conta pr\u00f3pria tamb\u00e9m atingiu o maior n\u00edvel da s\u00e9rie, com 25,9 milh\u00f5es, alta de 1,9% no trimestre (mais 492 mil) e de 4,2% no ano (mais 1 milh\u00e3o). J\u00e1 o total de empregados sem carteira assinada no setor privado (13,5 milh\u00f5es) ficou est\u00e1vel nas duas compara\u00e7\u00f5es.<\/p>\n\n\n\n<p class=\"bs-intro\">FONTE: G1<\/p>\n\n\n\n<ul class=\"wp-block-social-links has-icon-color is-style-logos-only is-vertical is-layout-flex wp-container-core-social-links-is-layout-8cf370e7 wp-block-social-links-is-layout-flex\"><li style=\"color:#0693e3;\" class=\"wp-social-link wp-social-link-whatsapp has-vivid-cyan-blue-color wp-block-social-link\"><a href=\"https:\/\/wa.me\/\/75991238048\" class=\"wp-block-social-link-anchor\"><svg width=\"24\" height=\"24\" viewBox=\"0 0 24 24\" version=\"1.1\" xmlns=\"http:\/\/www.w3.org\/2000\/svg\" aria-hidden=\"true\" focusable=\"false\"><path d=\"M 12.011719 2 C 6.5057187 2 2.0234844 6.478375 2.0214844 11.984375 C 2.0204844 13.744375 2.4814687 15.462563 3.3554688 16.976562 L 2 22 L 7.2324219 20.763672 C 8.6914219 21.559672 10.333859 21.977516 12.005859 21.978516 L 12.009766 21.978516 C 17.514766 21.978516 21.995047 17.499141 21.998047 11.994141 C 22.000047 9.3251406 20.962172 6.8157344 19.076172 4.9277344 C 17.190172 3.0407344 14.683719 2.001 12.011719 2 z M 12.009766 4 C 14.145766 4.001 16.153109 4.8337969 17.662109 6.3417969 C 19.171109 7.8517969 20.000047 9.8581875 19.998047 11.992188 C 19.996047 16.396187 16.413812 19.978516 12.007812 19.978516 C 10.674812 19.977516 9.3544062 19.642812 8.1914062 19.007812 L 7.5175781 18.640625 L 6.7734375 18.816406 L 4.8046875 19.28125 L 5.2851562 17.496094 L 5.5019531 16.695312 L 5.0878906 15.976562 C 4.3898906 14.768562 4.0204844 13.387375 4.0214844 11.984375 C 4.0234844 7.582375 7.6067656 4 12.009766 4 z M 8.4765625 7.375 C 8.3095625 7.375 8.0395469 7.4375 7.8105469 7.6875 C 7.5815469 7.9365 6.9355469 8.5395781 6.9355469 9.7675781 C 6.9355469 10.995578 7.8300781 12.182609 7.9550781 12.349609 C 8.0790781 12.515609 9.68175 15.115234 12.21875 16.115234 C 14.32675 16.946234 14.754891 16.782234 15.212891 16.740234 C 15.670891 16.699234 16.690438 16.137687 16.898438 15.554688 C 17.106437 14.971687 17.106922 14.470187 17.044922 14.367188 C 16.982922 14.263188 16.816406 14.201172 16.566406 14.076172 C 16.317406 13.951172 15.090328 13.348625 14.861328 13.265625 C 14.632328 13.182625 14.464828 13.140625 14.298828 13.390625 C 14.132828 13.640625 13.655766 14.201187 13.509766 14.367188 C 13.363766 14.534188 13.21875 14.556641 12.96875 14.431641 C 12.71875 14.305641 11.914938 14.041406 10.960938 13.191406 C 10.218937 12.530406 9.7182656 11.714844 9.5722656 11.464844 C 9.4272656 11.215844 9.5585938 11.079078 9.6835938 10.955078 C 9.7955938 10.843078 9.9316406 10.663578 10.056641 10.517578 C 10.180641 10.371578 10.223641 10.267562 10.306641 10.101562 C 10.389641 9.9355625 10.347156 9.7890625 10.285156 9.6640625 C 10.223156 9.5390625 9.737625 8.3065 9.515625 7.8125 C 9.328625 7.3975 9.131125 7.3878594 8.953125 7.3808594 C 8.808125 7.3748594 8.6425625 7.375 8.4765625 7.375 z\"><\/path><\/svg><span class=\"wp-block-social-link-label screen-reader-text\">WhatsApp<\/span><\/a><\/li>\n\n<li style=\"color:#0693e3;\" class=\"wp-social-link wp-social-link-instagram has-vivid-cyan-blue-color wp-block-social-link\"><a href=\"https:\/\/www.instagram.com\/radiosisal97.3\/profilecard\/?igsh=MWo1azd5aXNvN2hmcQ==\" class=\"wp-block-social-link-anchor\"><svg width=\"24\" height=\"24\" viewBox=\"0 0 24 24\" version=\"1.1\" xmlns=\"http:\/\/www.w3.org\/2000\/svg\" aria-hidden=\"true\" focusable=\"false\"><path d=\"M12,4.622c2.403,0,2.688,0.009,3.637,0.052c0.877,0.04,1.354,0.187,1.671,0.31c0.42,0.163,0.72,0.358,1.035,0.673 c0.315,0.315,0.51,0.615,0.673,1.035c0.123,0.317,0.27,0.794,0.31,1.671c0.043,0.949,0.052,1.234,0.052,3.637 s-0.009,2.688-0.052,3.637c-0.04,0.877-0.187,1.354-0.31,1.671c-0.163,0.42-0.358,0.72-0.673,1.035 c-0.315,0.315-0.615,0.51-1.035,0.673c-0.317,0.123-0.794,0.27-1.671,0.31c-0.949,0.043-1.233,0.052-3.637,0.052 s-2.688-0.009-3.637-0.052c-0.877-0.04-1.354-0.187-1.671-0.31c-0.42-0.163-0.72-0.358-1.035-0.673 c-0.315-0.315-0.51-0.615-0.673-1.035c-0.123-0.317-0.27-0.794-0.31-1.671C4.631,14.688,4.622,14.403,4.622,12 s0.009-2.688,0.052-3.637c0.04-0.877,0.187-1.354,0.31-1.671c0.163-0.42,0.358-0.72,0.673-1.035 c0.315-0.315,0.615-0.51,1.035-0.673c0.317-0.123,0.794-0.27,1.671-0.31C9.312,4.631,9.597,4.622,12,4.622 M12,3 C9.556,3,9.249,3.01,8.289,3.054C7.331,3.098,6.677,3.25,6.105,3.472C5.513,3.702,5.011,4.01,4.511,4.511 c-0.5,0.5-0.808,1.002-1.038,1.594C3.25,6.677,3.098,7.331,3.054,8.289C3.01,9.249,3,9.556,3,12c0,2.444,0.01,2.751,0.054,3.711 c0.044,0.958,0.196,1.612,0.418,2.185c0.23,0.592,0.538,1.094,1.038,1.594c0.5,0.5,1.002,0.808,1.594,1.038 c0.572,0.222,1.227,0.375,2.185,0.418C9.249,20.99,9.556,21,12,21s2.751-0.01,3.711-0.054c0.958-0.044,1.612-0.196,2.185-0.418 c0.592-0.23,1.094-0.538,1.594-1.038c0.5-0.5,0.808-1.002,1.038-1.594c0.222-0.572,0.375-1.227,0.418-2.185 C20.99,14.751,21,14.444,21,12s-0.01-2.751-0.054-3.711c-0.044-0.958-0.196-1.612-0.418-2.185c-0.23-0.592-0.538-1.094-1.038-1.594 c-0.5-0.5-1.002-0.808-1.594-1.038c-0.572-0.222-1.227-0.375-2.185-0.418C14.751,3.01,14.444,3,12,3L12,3z M12,7.378 c-2.552,0-4.622,2.069-4.622,4.622S9.448,16.622,12,16.622s4.622-2.069,4.622-4.622S14.552,7.378,12,7.378z M12,15 c-1.657,0-3-1.343-3-3s1.343-3,3-3s3,1.343,3,3S13.657,15,12,15z M16.804,6.116c-0.596,0-1.08,0.484-1.08,1.08 s0.484,1.08,1.08,1.08c0.596,0,1.08-0.484,1.08-1.08S17.401,6.116,16.804,6.116z\"><\/path><\/svg><span class=\"wp-block-social-link-label screen-reader-text\">Instagram<\/span><\/a><\/li>\n\n<li style=\"color:#0693e3;\" class=\"wp-social-link wp-social-link-facebook has-vivid-cyan-blue-color wp-block-social-link\"><a href=\"https:\/\/www.instagram.com\/radiosisal97.3\/profilecard\/?igsh=MWo1azd5aXNvN2hmcQ==\" class=\"wp-block-social-link-anchor\"><svg width=\"24\" height=\"24\" viewBox=\"0 0 24 24\" version=\"1.1\" xmlns=\"http:\/\/www.w3.org\/2000\/svg\" aria-hidden=\"true\" focusable=\"false\"><path d=\"M12 2C6.5 2 2 6.5 2 12c0 5 3.7 9.1 8.4 9.9v-7H7.9V12h2.5V9.8c0-2.5 1.5-3.9 3.8-3.9 1.1 0 2.2.2 2.2.2v2.5h-1.3c-1.2 0-1.6.8-1.6 1.6V12h2.8l-.4 2.9h-2.3v7C18.3 21.1 22 17 22 12c0-5.5-4.5-10-10-10z\"><\/path><\/svg><span class=\"wp-block-social-link-label screen-reader-text\">Facebook<\/span><\/a><\/li><\/ul>\n\n\n\n<p><br><br><\/p>\n\n\n\n<p><\/p>\n","protected":false},"excerpt":{"rendered":"<p>Dados s\u00e3o da Pesquisa Nacional por Amostra de Domic\u00edlios (Pnad) Cont\u00ednua, divulgada pelo instituto nesta ter\u00e7a-feira (16). A taxa de desemprego no Brasil recuou para\u00a05,6%\u00a0no trimestre encerrado em julho, segundo a Pesquisa Nacional por Amostra de Domic\u00edlios (Pnad Cont\u00ednua), divulgada nesta ter\u00e7a-feira (16) pelo Instituto Brasileiro de Geografia e Estat\u00edstica (IBGE). Esse foi o menor [&hellip;]<\/p>\n","protected":false},"author":2,"featured_media":9581,"comment_status":"open","ping_status":"open","sticky":false,"template":"","format":"standard","meta":{"footnotes":""},"categories":[1],"tags":[],"class_list":["post-9580","post","type-post","status-publish","format-standard","has-post-thumbnail","hentry","category-geral"],"jetpack_sharing_enabled":true,"jetpack_featured_media_url":"https:\/\/i0.wp.com\/radiosisal.com\/br\/wp-content\/uploads\/2025\/09\/Imagem-do-WhatsApp-de-2025-09-16-as-11.37.44_3ad737dc.jpg?fit=984%2C656&ssl=1","_links":{"self":[{"href":"https:\/\/radiosisal.com\/br\/wp-json\/wp\/v2\/posts\/9580","targetHints":{"allow":["GET"]}}],"collection":[{"href":"https:\/\/radiosisal.com\/br\/wp-json\/wp\/v2\/posts"}],"about":[{"href":"https:\/\/radiosisal.com\/br\/wp-json\/wp\/v2\/types\/post"}],"author":[{"embeddable":true,"href":"https:\/\/radiosisal.com\/br\/wp-json\/wp\/v2\/users\/2"}],"replies":[{"embeddable":true,"href":"https:\/\/radiosisal.com\/br\/wp-json\/wp\/v2\/comments?post=9580"}],"version-history":[{"count":1,"href":"https:\/\/radiosisal.com\/br\/wp-json\/wp\/v2\/posts\/9580\/revisions"}],"predecessor-version":[{"id":9582,"href":"https:\/\/radiosisal.com\/br\/wp-json\/wp\/v2\/posts\/9580\/revisions\/9582"}],"wp:featuredmedia":[{"embeddable":true,"href":"https:\/\/radiosisal.com\/br\/wp-json\/wp\/v2\/media\/9581"}],"wp:attachment":[{"href":"https:\/\/radiosisal.com\/br\/wp-json\/wp\/v2\/media?parent=9580"}],"wp:term":[{"taxonomy":"category","embeddable":true,"href":"https:\/\/radiosisal.com\/br\/wp-json\/wp\/v2\/categories?post=9580"},{"taxonomy":"post_tag","embeddable":true,"href":"https:\/\/radiosisal.com\/br\/wp-json\/wp\/v2\/tags?post=9580"}],"curies":[{"name":"wp","href":"https:\/\/api.w.org\/{rel}","templated":true}]}}