{"id":9606,"date":"2025-09-18T10:15:20","date_gmt":"2025-09-18T10:15:20","guid":{"rendered":"https:\/\/radiosisal.com\/br\/?p=9606"},"modified":"2025-09-18T10:15:22","modified_gmt":"2025-09-18T10:15:22","slug":"empregadores-podem-regularizar-fgts-de-domestica-sem-multa-ate-outubro","status":"publish","type":"post","link":"https:\/\/radiosisal.com\/br\/2025\/09\/18\/empregadores-podem-regularizar-fgts-de-domestica-sem-multa-ate-outubro\/","title":{"rendered":"EMPREGADORES PODEM REGULARIZAR FGTS DE DOM\u00c9STICA SEM MULTA AT\u00c9 OUTUBRO"},"content":{"rendered":"\n<p><\/p>\n\n\n\n<p>80.506 n\u00e3o est\u00e3o em dia com os dep\u00f3sitos.<br>Em entrevista na noite desta quarta-feira (17), no programa\u00a0<em>A Voz do Brasil<\/em>, o<strong>\u00a0ministro do Trabalho e Emprego, Luiz Marinho, destacou que os empregadores dom\u00e9sticos poder\u00e3o regularizar os dep\u00f3sitos do Fundo de Garantia do Tempo de Servi\u00e7o (FGTS) de seus empregados at\u00e9 o pr\u00f3ximo dia 31 de outubro<\/strong>\u00a0sem o pagamento de multas.<img decoding=\"async\" src=\"https:\/\/i0.wp.com\/agenciabrasil.ebc.com.br\/ebc.png?w=1170&#038;ssl=1\" data-recalc-dims=\"1\"><img decoding=\"async\" src=\"https:\/\/i0.wp.com\/agenciabrasil.ebc.com.br\/ebc.gif?w=1170&#038;ssl=1\" data-recalc-dims=\"1\"><\/p>\n\n\n\n<p>De acordo com Marinho, dos cerca de 1 milh\u00e3o de empregadores dom\u00e9sticos no pa\u00eds, 80.506 n\u00e3o est\u00e3o em dia com os dep\u00f3sitos do FGTS de seus empregados. O&nbsp;<strong>n\u00famero de trabalhadores afetados, segundo o ministro, \u00e9 de 154.063<\/strong>.<\/p>\n\n\n\n<p>No total,&nbsp;<strong>o valor em atraso nos dep\u00f3sitos \u00e9 da ordem de R$ 375 milh\u00f5es<\/strong>.<\/p>\n\n\n\n<p>\u201cO minist\u00e9rio n\u00e3o est\u00e1 aqui para multar ningu\u00e9m. N\u00f3s estamos aqui para cuidar e zelar pelos direitos dos trabalhadores. \u00c9 preciso contar, portanto, com a colabora\u00e7\u00e3o dos&nbsp;empregadores\u201d, disse Marinho.&nbsp;<\/p>\n\n\n\n<p><strong>\u201cAt\u00e9 31 de outubro, eles t\u00eam o prazo para, de forma volunt\u00e1ria, regularizar. N\u00e3o fazendo, ser\u00e3o notificados e a\u00ed poder\u00e3o incorrer em serem multados\u201d, acrescentou.<\/strong><\/p>\n\n\n\n<h2 class=\"wp-block-heading\">Formaliza\u00e7\u00e3o<\/h2>\n\n\n\n<p>Luiz Marinho tamb\u00e9m falou sobre a import\u00e2ncia da formaliza\u00e7\u00e3o dos trabalhadores no mercado de trabalho. De acordo com o ministro, no Brasil,&nbsp;<strong>h\u00e1 aproximadamente 60 milh\u00f5es de trabalhadores formais e 40 milh\u00f5es informais<\/strong>.&nbsp;<\/p>\n\n\n\n<p>\u201cA formaliza\u00e7\u00e3o \u00e9 important\u00edssima, ajuda em v\u00e1rios aspectos na economia, na Previd\u00eancia, ajuda na conta do fundo de garantia, nos fundos de investimento para habita\u00e7\u00e3o, para infraestrutura, para saneamento b\u00e1sico\u201d, destacou.<\/p>\n\n\n\n<p>O ministro chamou a aten\u00e7\u00e3o ainda sobre a<strong>&nbsp;falsa informa\u00e7\u00e3o de que ao ter a carteira de trabalho assinada, o trabalhador deixar\u00e1 de poder receber benef\u00edcios sociais, como o Bolsa Fam\u00edlia<\/strong>.<\/p>\n\n\n\n<p>\u201cAinda tem uma lenda que, ao formalizar, assinar carteira profissional, quem tem eventualmente o benef\u00edcio, perde o benef\u00edcio. Isso n\u00e3o \u00e9 exatamente assim, n\u00e3o \u00e9 autom\u00e1tico. Assine a carteira sem medo, porque isso \u00e9 muito importante para voc\u00ea e para sua fam\u00edlia\u201d, disse.<\/p>\n\n\n\n<h2 class=\"wp-block-heading\">Emprego em alta<\/h2>\n\n\n\n<p>Marinho destacou ainda que o pa\u00eds est\u00e1 com<strong>&nbsp;taxa de desemprego de 5,6%, a menor da s\u00e9rie hist\u00f3rica, iniciada em 2012<\/strong>. No entanto, o ministro criticou a taxa b\u00e1sica de juros no pa\u00eds, mantida hoje em 15% pelo Banco Central.<\/p>\n\n\n\n<p>\u201cVenho reclamando disso desde maio. Na minha avalia\u00e7\u00e3o, est\u00e1 excessivamente alto e \u00e9 preciso entrar no processo de transi\u00e7\u00e3o. Eu espero que essa reuni\u00e3o de hoje seja reuni\u00e3o de transi\u00e7\u00e3o para, a pr\u00f3xima, vir com novidades, iniciar um processo de redu\u00e7\u00e3o gradativa, para colaborar com esse ambiente j\u00e1 bom do mercado de trabalho\u201d.<\/p>\n\n\n\n<p class=\"bs-intro\">FONTE: Ag\u00eancia Brasil<\/p>\n\n\n\n<ul class=\"wp-block-social-links has-icon-color is-style-logos-only is-vertical is-layout-flex wp-container-core-social-links-is-layout-8cf370e7 wp-block-social-links-is-layout-flex\"><li style=\"color:#0693e3;\" class=\"wp-social-link wp-social-link-whatsapp has-vivid-cyan-blue-color wp-block-social-link\"><a href=\"https:\/\/wa.me\/\/75991238048\" class=\"wp-block-social-link-anchor\"><svg width=\"24\" height=\"24\" viewBox=\"0 0 24 24\" version=\"1.1\" xmlns=\"http:\/\/www.w3.org\/2000\/svg\" aria-hidden=\"true\" focusable=\"false\"><path d=\"M 12.011719 2 C 6.5057187 2 2.0234844 6.478375 2.0214844 11.984375 C 2.0204844 13.744375 2.4814687 15.462563 3.3554688 16.976562 L 2 22 L 7.2324219 20.763672 C 8.6914219 21.559672 10.333859 21.977516 12.005859 21.978516 L 12.009766 21.978516 C 17.514766 21.978516 21.995047 17.499141 21.998047 11.994141 C 22.000047 9.3251406 20.962172 6.8157344 19.076172 4.9277344 C 17.190172 3.0407344 14.683719 2.001 12.011719 2 z M 12.009766 4 C 14.145766 4.001 16.153109 4.8337969 17.662109 6.3417969 C 19.171109 7.8517969 20.000047 9.8581875 19.998047 11.992188 C 19.996047 16.396187 16.413812 19.978516 12.007812 19.978516 C 10.674812 19.977516 9.3544062 19.642812 8.1914062 19.007812 L 7.5175781 18.640625 L 6.7734375 18.816406 L 4.8046875 19.28125 L 5.2851562 17.496094 L 5.5019531 16.695312 L 5.0878906 15.976562 C 4.3898906 14.768562 4.0204844 13.387375 4.0214844 11.984375 C 4.0234844 7.582375 7.6067656 4 12.009766 4 z M 8.4765625 7.375 C 8.3095625 7.375 8.0395469 7.4375 7.8105469 7.6875 C 7.5815469 7.9365 6.9355469 8.5395781 6.9355469 9.7675781 C 6.9355469 10.995578 7.8300781 12.182609 7.9550781 12.349609 C 8.0790781 12.515609 9.68175 15.115234 12.21875 16.115234 C 14.32675 16.946234 14.754891 16.782234 15.212891 16.740234 C 15.670891 16.699234 16.690438 16.137687 16.898438 15.554688 C 17.106437 14.971687 17.106922 14.470187 17.044922 14.367188 C 16.982922 14.263188 16.816406 14.201172 16.566406 14.076172 C 16.317406 13.951172 15.090328 13.348625 14.861328 13.265625 C 14.632328 13.182625 14.464828 13.140625 14.298828 13.390625 C 14.132828 13.640625 13.655766 14.201187 13.509766 14.367188 C 13.363766 14.534188 13.21875 14.556641 12.96875 14.431641 C 12.71875 14.305641 11.914938 14.041406 10.960938 13.191406 C 10.218937 12.530406 9.7182656 11.714844 9.5722656 11.464844 C 9.4272656 11.215844 9.5585938 11.079078 9.6835938 10.955078 C 9.7955938 10.843078 9.9316406 10.663578 10.056641 10.517578 C 10.180641 10.371578 10.223641 10.267562 10.306641 10.101562 C 10.389641 9.9355625 10.347156 9.7890625 10.285156 9.6640625 C 10.223156 9.5390625 9.737625 8.3065 9.515625 7.8125 C 9.328625 7.3975 9.131125 7.3878594 8.953125 7.3808594 C 8.808125 7.3748594 8.6425625 7.375 8.4765625 7.375 z\"><\/path><\/svg><span class=\"wp-block-social-link-label screen-reader-text\">WhatsApp<\/span><\/a><\/li>\n\n<li style=\"color:#0693e3;\" class=\"wp-social-link wp-social-link-instagram has-vivid-cyan-blue-color wp-block-social-link\"><a href=\"https:\/\/www.instagram.com\/radiosisal97.3\/profilecard\/?igsh=MWo1azd5aXNvN2hmcQ==\" class=\"wp-block-social-link-anchor\"><svg width=\"24\" height=\"24\" viewBox=\"0 0 24 24\" version=\"1.1\" xmlns=\"http:\/\/www.w3.org\/2000\/svg\" aria-hidden=\"true\" focusable=\"false\"><path d=\"M12,4.622c2.403,0,2.688,0.009,3.637,0.052c0.877,0.04,1.354,0.187,1.671,0.31c0.42,0.163,0.72,0.358,1.035,0.673 c0.315,0.315,0.51,0.615,0.673,1.035c0.123,0.317,0.27,0.794,0.31,1.671c0.043,0.949,0.052,1.234,0.052,3.637 s-0.009,2.688-0.052,3.637c-0.04,0.877-0.187,1.354-0.31,1.671c-0.163,0.42-0.358,0.72-0.673,1.035 c-0.315,0.315-0.615,0.51-1.035,0.673c-0.317,0.123-0.794,0.27-1.671,0.31c-0.949,0.043-1.233,0.052-3.637,0.052 s-2.688-0.009-3.637-0.052c-0.877-0.04-1.354-0.187-1.671-0.31c-0.42-0.163-0.72-0.358-1.035-0.673 c-0.315-0.315-0.51-0.615-0.673-1.035c-0.123-0.317-0.27-0.794-0.31-1.671C4.631,14.688,4.622,14.403,4.622,12 s0.009-2.688,0.052-3.637c0.04-0.877,0.187-1.354,0.31-1.671c0.163-0.42,0.358-0.72,0.673-1.035 c0.315-0.315,0.615-0.51,1.035-0.673c0.317-0.123,0.794-0.27,1.671-0.31C9.312,4.631,9.597,4.622,12,4.622 M12,3 C9.556,3,9.249,3.01,8.289,3.054C7.331,3.098,6.677,3.25,6.105,3.472C5.513,3.702,5.011,4.01,4.511,4.511 c-0.5,0.5-0.808,1.002-1.038,1.594C3.25,6.677,3.098,7.331,3.054,8.289C3.01,9.249,3,9.556,3,12c0,2.444,0.01,2.751,0.054,3.711 c0.044,0.958,0.196,1.612,0.418,2.185c0.23,0.592,0.538,1.094,1.038,1.594c0.5,0.5,1.002,0.808,1.594,1.038 c0.572,0.222,1.227,0.375,2.185,0.418C9.249,20.99,9.556,21,12,21s2.751-0.01,3.711-0.054c0.958-0.044,1.612-0.196,2.185-0.418 c0.592-0.23,1.094-0.538,1.594-1.038c0.5-0.5,0.808-1.002,1.038-1.594c0.222-0.572,0.375-1.227,0.418-2.185 C20.99,14.751,21,14.444,21,12s-0.01-2.751-0.054-3.711c-0.044-0.958-0.196-1.612-0.418-2.185c-0.23-0.592-0.538-1.094-1.038-1.594 c-0.5-0.5-1.002-0.808-1.594-1.038c-0.572-0.222-1.227-0.375-2.185-0.418C14.751,3.01,14.444,3,12,3L12,3z M12,7.378 c-2.552,0-4.622,2.069-4.622,4.622S9.448,16.622,12,16.622s4.622-2.069,4.622-4.622S14.552,7.378,12,7.378z M12,15 c-1.657,0-3-1.343-3-3s1.343-3,3-3s3,1.343,3,3S13.657,15,12,15z M16.804,6.116c-0.596,0-1.08,0.484-1.08,1.08 s0.484,1.08,1.08,1.08c0.596,0,1.08-0.484,1.08-1.08S17.401,6.116,16.804,6.116z\"><\/path><\/svg><span class=\"wp-block-social-link-label screen-reader-text\">Instagram<\/span><\/a><\/li>\n\n<li style=\"color:#0693e3;\" class=\"wp-social-link wp-social-link-facebook has-vivid-cyan-blue-color wp-block-social-link\"><a href=\"https:\/\/www.instagram.com\/radiosisal97.3\/profilecard\/?igsh=MWo1azd5aXNvN2hmcQ==\" class=\"wp-block-social-link-anchor\"><svg width=\"24\" height=\"24\" viewBox=\"0 0 24 24\" version=\"1.1\" xmlns=\"http:\/\/www.w3.org\/2000\/svg\" aria-hidden=\"true\" focusable=\"false\"><path d=\"M12 2C6.5 2 2 6.5 2 12c0 5 3.7 9.1 8.4 9.9v-7H7.9V12h2.5V9.8c0-2.5 1.5-3.9 3.8-3.9 1.1 0 2.2.2 2.2.2v2.5h-1.3c-1.2 0-1.6.8-1.6 1.6V12h2.8l-.4 2.9h-2.3v7C18.3 21.1 22 17 22 12c0-5.5-4.5-10-10-10z\"><\/path><\/svg><span class=\"wp-block-social-link-label screen-reader-text\">Facebook<\/span><\/a><\/li><\/ul>\n\n\n\n<p><\/p>\n","protected":false},"excerpt":{"rendered":"<p>80.506 n\u00e3o est\u00e3o em dia com os dep\u00f3sitos.Em entrevista na noite desta quarta-feira (17), no programa\u00a0A Voz do Brasil, o\u00a0ministro do Trabalho e Emprego, Luiz Marinho, destacou que os empregadores dom\u00e9sticos poder\u00e3o regularizar os dep\u00f3sitos do Fundo de Garantia do Tempo de Servi\u00e7o (FGTS) de seus empregados at\u00e9 o pr\u00f3ximo dia 31 de outubro\u00a0sem o [&hellip;]<\/p>\n","protected":false},"author":2,"featured_media":9607,"comment_status":"open","ping_status":"open","sticky":false,"template":"","format":"standard","meta":{"footnotes":""},"categories":[1],"tags":[],"class_list":["post-9606","post","type-post","status-publish","format-standard","has-post-thumbnail","hentry","category-geral"],"jetpack_sharing_enabled":true,"jetpack_featured_media_url":"https:\/\/i0.wp.com\/radiosisal.com\/br\/wp-content\/uploads\/2025\/09\/mg_8436_1.webp?fit=1170%2C700&ssl=1","_links":{"self":[{"href":"https:\/\/radiosisal.com\/br\/wp-json\/wp\/v2\/posts\/9606","targetHints":{"allow":["GET"]}}],"collection":[{"href":"https:\/\/radiosisal.com\/br\/wp-json\/wp\/v2\/posts"}],"about":[{"href":"https:\/\/radiosisal.com\/br\/wp-json\/wp\/v2\/types\/post"}],"author":[{"embeddable":true,"href":"https:\/\/radiosisal.com\/br\/wp-json\/wp\/v2\/users\/2"}],"replies":[{"embeddable":true,"href":"https:\/\/radiosisal.com\/br\/wp-json\/wp\/v2\/comments?post=9606"}],"version-history":[{"count":1,"href":"https:\/\/radiosisal.com\/br\/wp-json\/wp\/v2\/posts\/9606\/revisions"}],"predecessor-version":[{"id":9608,"href":"https:\/\/radiosisal.com\/br\/wp-json\/wp\/v2\/posts\/9606\/revisions\/9608"}],"wp:featuredmedia":[{"embeddable":true,"href":"https:\/\/radiosisal.com\/br\/wp-json\/wp\/v2\/media\/9607"}],"wp:attachment":[{"href":"https:\/\/radiosisal.com\/br\/wp-json\/wp\/v2\/media?parent=9606"}],"wp:term":[{"taxonomy":"category","embeddable":true,"href":"https:\/\/radiosisal.com\/br\/wp-json\/wp\/v2\/categories?post=9606"},{"taxonomy":"post_tag","embeddable":true,"href":"https:\/\/radiosisal.com\/br\/wp-json\/wp\/v2\/tags?post=9606"}],"curies":[{"name":"wp","href":"https:\/\/api.w.org\/{rel}","templated":true}]}}