{"id":9625,"date":"2025-09-19T10:21:18","date_gmt":"2025-09-19T10:21:18","guid":{"rendered":"https:\/\/radiosisal.com\/br\/?p=9625"},"modified":"2025-09-19T10:21:20","modified_gmt":"2025-09-19T10:21:20","slug":"bienal-do-livro-bahia-sera-maior-em-2026-e-tera-foco-na-identidade-baiana","status":"publish","type":"post","link":"https:\/\/radiosisal.com\/br\/2025\/09\/19\/bienal-do-livro-bahia-sera-maior-em-2026-e-tera-foco-na-identidade-baiana\/","title":{"rendered":"BIENAL DO LIVRO BAHIA SER\u00c1 MAIOR EM 2026 E TER\u00c1 FOCO NA IDENTIDADE BAIANA"},"content":{"rendered":"\n<p><\/p>\n\n\n\n<p>Tema do evento foi revelada na noite de ontem durante coletiva de imprensa.<\/p>\n\n\n\n<p><br>A Bienal est\u00e1 oficialmente entre n\u00f3s. Na noite de ontem, 18, a&nbsp;<strong>Bienal do Livro Bahia<\/strong>&nbsp;revelou novidades da pr\u00f3xima edi\u00e7\u00e3o por meio de uma coletiva de imprensa. O evento foi voltado para convidados e ocorreu no restaurante Bocado, localizado no Centro de Conven\u00e7\u00f5es Salvador. Dentre as informa\u00e7\u00f5es divulgadas estava o tema da edi\u00e7\u00e3o, que ser\u00e1 &#8220;Identidade que Ecoa nos Quatro Cantos do Mundo&#8221;<\/p>\n\n\n\n<p>A pr\u00f3xima edi\u00e7\u00e3o da Bienal acontece de 15 \u00e0 21 de abril de 2026. A grande novidade da nova edi\u00e7\u00e3o \u00e9 sua dura\u00e7\u00e3o maior. Anteriormente prevista para ocorrer durante seis dias, a Bienal do Livro Bahia agora ter\u00e1 um dia a mais em sua programa\u00e7\u00e3o. A escolha de expandir o cronograma foi pensada principalmente para o p\u00fablico infantojuvenil.<\/p>\n\n\n\n<p>&#8220;A gente teve um sucesso de p\u00fablico muito grande, uma procura muito grande tamb\u00e9m da visita\u00e7\u00e3o escolar, que \u00e9 um programa no qual a gente acredita muito. Para atender essa demanda, a gente precisava de um dia a mais de evento&#8221;, explicou Tatiana Zaccaro, diretora geral da GL Events Brasil, empresa respons\u00e1vel pela realiza\u00e7\u00e3o da Bienal do Livro Bahia, em entrevista ao\u00a0<strong>MASSA!<\/strong>.<\/p>\n\n\n\n<p>Na edi\u00e7\u00e3o do ano passado, mais de 100 mil pessoas frequentaram o evento ao longo de seis dias. Uma grande fatia desse p\u00fablico era de jovens tendo seu primeiro contato com a leitura. &#8220;Apesar da Bienal ser um evento em que uma das principais caracter\u00edsticas \u00e9 falar com todos os p\u00fablicos, a gente tem cada vez mais um volume de um p\u00fablico adolescente e pr\u00e9-adolescente&#8221;, acrescentou.<\/p>\n\n\n\n<p>Tatiana revelou que um dos focos dessa edi\u00e7\u00e3o ser\u00e1 explorar a literatura em outras m\u00eddias. O evento vai mostrar como a hist\u00f3ria dos livros n\u00e3o se limitam apenas \u00e0s p\u00e1ginas. &#8220;A gente vem muito focado em mostrar para o p\u00fablico uma transversalidade das m\u00eddias. Muitas vezes voc\u00eas consomem as hist\u00f3rias de uma outra forma, seja uma s\u00e9rie que veio de um livro, seja um boardgame&#8221;, detalhou.<\/p>\n\n\n\n<p>A coletiva tamb\u00e9m anunciou quais ser\u00e3o os curadores da pr\u00f3xima Bienal. A equipe ser\u00e1 formada por Joselia Aguiar, Aldri Anuncia\u00e7\u00e3o, Mira Silva, Deco Lipe e Ma\u00edra Azevedo, mais conhecida como Tia M\u00e1. Participando da Bienal desde 2013, Joselia conta que o foco dos curadores \u00e9 construir um evento que seja profundo em seus temas, mas tamb\u00e9m acess\u00edvel para qualquer um.<\/p>\n\n\n\n<p>&#8220;Temos o mesmo tipo de cuidado, de ter discuss\u00f5es importantes, mas ao mesmo tempo atraentes para todos os tipos de pessoas. A gente quer que sejam coisas importantes, interessantes, mas que n\u00e3o afastem quem n\u00e3o \u00e9 especialista&#8221;, afirmou a escritora.<\/p>\n\n\n\n<p>A programa\u00e7\u00e3o da nova edi\u00e7\u00e3o ainda n\u00e3o est\u00e1 completa, mas nomes como Jo\u00e3o Reis, Pilar Del Rio e Paloma Matos j\u00e1 est\u00e3o confirmados como atra\u00e7\u00f5es. &#8220;A gente come\u00e7ou a fazer convites. Estamos pensando em como a Bahia chega para o mundo, como a Bahia se relaciona com o Mundo&#8221;, completou Joselia.<\/p>\n\n\n\n<p>Um dos convidados presentes na noite foi o secret\u00e1rio de cultura do estado, Bruno Monteiro, que falou sobre os desafios enfrentados pela literatura no Nordeste. &#8220;O desafio que n\u00f3s temos \u00e9 mostrar que a tecnologia e esses avan\u00e7os que tivemos, das pessoas procurarem muitas vezes a intelig\u00eancia artificial ou a rapidez de uma informa\u00e7\u00e3o acessada na palma da m\u00e3o, n\u00e3o \u00e9 concorrente com um livro, com seu potencial, com o aprofundamento hist\u00f3rico de conte\u00fado que ele traz. O que n\u00f3s queremos sempre \u00e9 mostrar que uma coisa n\u00e3o compete com a outra&#8221;, declarou.<\/p>\n\n\n<div class=\"wp-block-image\">\n<figure class=\"aligncenter is-resized\"><img decoding=\"async\" src=\"https:\/\/i0.wp.com\/cdn.atarde.com.br\/img\/inline\/1350000\/724x0\/Bienal-do-Livro-Bahia-sera-maior-em-2026-e-tera-fo0135146100202509182319-1.webp?w=1170&#038;ssl=1\" alt=\"Coletiva da Bienal do Livro Bahia\" style=\"width:503px;height:auto\" data-recalc-dims=\"1\"\/><figcaption class=\"wp-element-caption\">Coletiva da Bienal do Livro Bahia\u00a0| Foto: Raphael Muller \/ Ag. A TARDE<\/figcaption><\/figure>\n<\/div>\n\n\n<p>O secret\u00e1rio destacou o papel da Bahia Liter\u00e1ria, pol\u00edtica do Governo do Estado com foco no fomento \u00e0 literatura, para a realiza\u00e7\u00e3o de eventos como a Bienal do Livro. &#8220;A pol\u00edtica do Bahia Liter\u00e1ria hoje realiza feiras liter\u00e1rias em todo o estado, apoia uma Bienal como essa, valoriza toda a produ\u00e7\u00e3o liter\u00e1ria feita pelos estudantes, o mercado editorial baino&#8221;, enfatizou.<\/p>\n\n\n\n<p>Ao fim do evento, o p\u00fablico p\u00f4de se emocionar com a performance da atriz Maria Gal. A artista deu um breve vislumbre de seu papel como Carolina Maria de Jesus, escritora negra que vai ganhar uma cinebiografia estrelada por Maria e com previs\u00e3o de lan\u00e7amento para o fim de 2026. Todos se levantaram ao fim da apresenta\u00e7\u00e3o para aplaudir a atriz, atestando a pot\u00eancia da sua performance e da hist\u00f3ria de Carolina Maria.<\/p>\n\n\n\n<p>&#8220;Estamos falando de uma das autoras mais importantes da literatura brasileira, traduzida para mais de 40 pa\u00edses, uma mulher que estava muito a frente de seu tempo&#8221;, afirmou a atriz.<\/p>\n\n\n\n<p>Em 2026, data em que completa 49 anos da morte de Carolina Maria, a escola de samba Unidos da Tijuca ter\u00e1 um samba-enredo homenageando a autora. Para Maria Gal, esse \u00e9 um movimento de resgate de uma mulher que foi historicamente apagada. &#8220;Ela estava nesse lugar da escrita, em que se tem o pensamento de que era algo s\u00f3 para a elite. Ela era uma mulher que estava tanto a frente do tempo que seus escritos ainda s\u00e3o estudados nas universidades&#8221;, acrescentou.<\/p>\n\n\n\n<p>Por ser uma mulher negra que tra\u00e7a uma caminhada art\u00edstica, a atriz enxerga muitas semelhan\u00e7as entre sua hist\u00f3ria e a da escritora. Para ela, o Brasil ainda tem muito o que mudar no que diz respeito \u00e0 representatividade. &#8220;Obviamente que a gente sabe que o audiovisual de hoje mudou, ele n\u00e3o mudou tanto quando deveria, j\u00e1 que a gente t\u00e1 falando de um pa\u00eds em que 56% da popula\u00e7\u00e3o brasileira ainda \u00e9 pouco vista na televis\u00e3o, no protagonismo, no cinema.&#8221;<\/p>\n\n\n\n<p class=\"bs-intro\">FONTE: atarde.com.br<\/p>\n\n\n\n<ul class=\"wp-block-social-links has-icon-color is-style-logos-only is-vertical is-layout-flex wp-container-core-social-links-is-layout-8cf370e7 wp-block-social-links-is-layout-flex\"><li style=\"color:#0693e3;\" class=\"wp-social-link wp-social-link-whatsapp has-vivid-cyan-blue-color wp-block-social-link\"><a href=\"https:\/\/wa.me\/\/75991238048\" class=\"wp-block-social-link-anchor\"><svg width=\"24\" height=\"24\" viewBox=\"0 0 24 24\" version=\"1.1\" xmlns=\"http:\/\/www.w3.org\/2000\/svg\" aria-hidden=\"true\" focusable=\"false\"><path d=\"M 12.011719 2 C 6.5057187 2 2.0234844 6.478375 2.0214844 11.984375 C 2.0204844 13.744375 2.4814687 15.462563 3.3554688 16.976562 L 2 22 L 7.2324219 20.763672 C 8.6914219 21.559672 10.333859 21.977516 12.005859 21.978516 L 12.009766 21.978516 C 17.514766 21.978516 21.995047 17.499141 21.998047 11.994141 C 22.000047 9.3251406 20.962172 6.8157344 19.076172 4.9277344 C 17.190172 3.0407344 14.683719 2.001 12.011719 2 z M 12.009766 4 C 14.145766 4.001 16.153109 4.8337969 17.662109 6.3417969 C 19.171109 7.8517969 20.000047 9.8581875 19.998047 11.992188 C 19.996047 16.396187 16.413812 19.978516 12.007812 19.978516 C 10.674812 19.977516 9.3544062 19.642812 8.1914062 19.007812 L 7.5175781 18.640625 L 6.7734375 18.816406 L 4.8046875 19.28125 L 5.2851562 17.496094 L 5.5019531 16.695312 L 5.0878906 15.976562 C 4.3898906 14.768562 4.0204844 13.387375 4.0214844 11.984375 C 4.0234844 7.582375 7.6067656 4 12.009766 4 z M 8.4765625 7.375 C 8.3095625 7.375 8.0395469 7.4375 7.8105469 7.6875 C 7.5815469 7.9365 6.9355469 8.5395781 6.9355469 9.7675781 C 6.9355469 10.995578 7.8300781 12.182609 7.9550781 12.349609 C 8.0790781 12.515609 9.68175 15.115234 12.21875 16.115234 C 14.32675 16.946234 14.754891 16.782234 15.212891 16.740234 C 15.670891 16.699234 16.690438 16.137687 16.898438 15.554688 C 17.106437 14.971687 17.106922 14.470187 17.044922 14.367188 C 16.982922 14.263188 16.816406 14.201172 16.566406 14.076172 C 16.317406 13.951172 15.090328 13.348625 14.861328 13.265625 C 14.632328 13.182625 14.464828 13.140625 14.298828 13.390625 C 14.132828 13.640625 13.655766 14.201187 13.509766 14.367188 C 13.363766 14.534188 13.21875 14.556641 12.96875 14.431641 C 12.71875 14.305641 11.914938 14.041406 10.960938 13.191406 C 10.218937 12.530406 9.7182656 11.714844 9.5722656 11.464844 C 9.4272656 11.215844 9.5585938 11.079078 9.6835938 10.955078 C 9.7955938 10.843078 9.9316406 10.663578 10.056641 10.517578 C 10.180641 10.371578 10.223641 10.267562 10.306641 10.101562 C 10.389641 9.9355625 10.347156 9.7890625 10.285156 9.6640625 C 10.223156 9.5390625 9.737625 8.3065 9.515625 7.8125 C 9.328625 7.3975 9.131125 7.3878594 8.953125 7.3808594 C 8.808125 7.3748594 8.6425625 7.375 8.4765625 7.375 z\"><\/path><\/svg><span class=\"wp-block-social-link-label screen-reader-text\">WhatsApp<\/span><\/a><\/li>\n\n<li style=\"color:#0693e3;\" class=\"wp-social-link wp-social-link-instagram has-vivid-cyan-blue-color wp-block-social-link\"><a href=\"https:\/\/www.instagram.com\/radiosisal97.3\/profilecard\/?igsh=MWo1azd5aXNvN2hmcQ==\" class=\"wp-block-social-link-anchor\"><svg width=\"24\" height=\"24\" viewBox=\"0 0 24 24\" version=\"1.1\" xmlns=\"http:\/\/www.w3.org\/2000\/svg\" aria-hidden=\"true\" focusable=\"false\"><path d=\"M12,4.622c2.403,0,2.688,0.009,3.637,0.052c0.877,0.04,1.354,0.187,1.671,0.31c0.42,0.163,0.72,0.358,1.035,0.673 c0.315,0.315,0.51,0.615,0.673,1.035c0.123,0.317,0.27,0.794,0.31,1.671c0.043,0.949,0.052,1.234,0.052,3.637 s-0.009,2.688-0.052,3.637c-0.04,0.877-0.187,1.354-0.31,1.671c-0.163,0.42-0.358,0.72-0.673,1.035 c-0.315,0.315-0.615,0.51-1.035,0.673c-0.317,0.123-0.794,0.27-1.671,0.31c-0.949,0.043-1.233,0.052-3.637,0.052 s-2.688-0.009-3.637-0.052c-0.877-0.04-1.354-0.187-1.671-0.31c-0.42-0.163-0.72-0.358-1.035-0.673 c-0.315-0.315-0.51-0.615-0.673-1.035c-0.123-0.317-0.27-0.794-0.31-1.671C4.631,14.688,4.622,14.403,4.622,12 s0.009-2.688,0.052-3.637c0.04-0.877,0.187-1.354,0.31-1.671c0.163-0.42,0.358-0.72,0.673-1.035 c0.315-0.315,0.615-0.51,1.035-0.673c0.317-0.123,0.794-0.27,1.671-0.31C9.312,4.631,9.597,4.622,12,4.622 M12,3 C9.556,3,9.249,3.01,8.289,3.054C7.331,3.098,6.677,3.25,6.105,3.472C5.513,3.702,5.011,4.01,4.511,4.511 c-0.5,0.5-0.808,1.002-1.038,1.594C3.25,6.677,3.098,7.331,3.054,8.289C3.01,9.249,3,9.556,3,12c0,2.444,0.01,2.751,0.054,3.711 c0.044,0.958,0.196,1.612,0.418,2.185c0.23,0.592,0.538,1.094,1.038,1.594c0.5,0.5,1.002,0.808,1.594,1.038 c0.572,0.222,1.227,0.375,2.185,0.418C9.249,20.99,9.556,21,12,21s2.751-0.01,3.711-0.054c0.958-0.044,1.612-0.196,2.185-0.418 c0.592-0.23,1.094-0.538,1.594-1.038c0.5-0.5,0.808-1.002,1.038-1.594c0.222-0.572,0.375-1.227,0.418-2.185 C20.99,14.751,21,14.444,21,12s-0.01-2.751-0.054-3.711c-0.044-0.958-0.196-1.612-0.418-2.185c-0.23-0.592-0.538-1.094-1.038-1.594 c-0.5-0.5-1.002-0.808-1.594-1.038c-0.572-0.222-1.227-0.375-2.185-0.418C14.751,3.01,14.444,3,12,3L12,3z M12,7.378 c-2.552,0-4.622,2.069-4.622,4.622S9.448,16.622,12,16.622s4.622-2.069,4.622-4.622S14.552,7.378,12,7.378z M12,15 c-1.657,0-3-1.343-3-3s1.343-3,3-3s3,1.343,3,3S13.657,15,12,15z M16.804,6.116c-0.596,0-1.08,0.484-1.08,1.08 s0.484,1.08,1.08,1.08c0.596,0,1.08-0.484,1.08-1.08S17.401,6.116,16.804,6.116z\"><\/path><\/svg><span class=\"wp-block-social-link-label screen-reader-text\">Instagram<\/span><\/a><\/li>\n\n<li style=\"color:#0693e3;\" class=\"wp-social-link wp-social-link-facebook has-vivid-cyan-blue-color wp-block-social-link\"><a href=\"https:\/\/www.facebook.com\/share\/1A7WveK9ft\/?mibextid=wwXIfr\" class=\"wp-block-social-link-anchor\"><svg width=\"24\" height=\"24\" viewBox=\"0 0 24 24\" version=\"1.1\" xmlns=\"http:\/\/www.w3.org\/2000\/svg\" aria-hidden=\"true\" focusable=\"false\"><path d=\"M12 2C6.5 2 2 6.5 2 12c0 5 3.7 9.1 8.4 9.9v-7H7.9V12h2.5V9.8c0-2.5 1.5-3.9 3.8-3.9 1.1 0 2.2.2 2.2.2v2.5h-1.3c-1.2 0-1.6.8-1.6 1.6V12h2.8l-.4 2.9h-2.3v7C18.3 21.1 22 17 22 12c0-5.5-4.5-10-10-10z\"><\/path><\/svg><span class=\"wp-block-social-link-label screen-reader-text\">Facebook<\/span><\/a><\/li><\/ul>\n\n\n\n<p><\/p>\n","protected":false},"excerpt":{"rendered":"<p>Tema do evento foi revelada na noite de ontem durante coletiva de imprensa. A Bienal est\u00e1 oficialmente entre n\u00f3s. Na noite de ontem, 18, a&nbsp;Bienal do Livro Bahia&nbsp;revelou novidades da pr\u00f3xima edi\u00e7\u00e3o por meio de uma coletiva de imprensa. O evento foi voltado para convidados e ocorreu no restaurante Bocado, localizado no Centro de Conven\u00e7\u00f5es [&hellip;]<\/p>\n","protected":false},"author":2,"featured_media":9626,"comment_status":"open","ping_status":"open","sticky":false,"template":"","format":"standard","meta":{"footnotes":""},"categories":[1],"tags":[],"class_list":["post-9625","post","type-post","status-publish","format-standard","has-post-thumbnail","hentry","category-geral"],"jetpack_sharing_enabled":true,"jetpack_featured_media_url":"https:\/\/i0.wp.com\/radiosisal.com\/br\/wp-content\/uploads\/2025\/09\/Bienal-do-Livro-Bahia-sera-maior-em-2026-e-tera-fo0135146100202509182319-ScaleDownProportional.webp?fit=1079%2C720&ssl=1","_links":{"self":[{"href":"https:\/\/radiosisal.com\/br\/wp-json\/wp\/v2\/posts\/9625","targetHints":{"allow":["GET"]}}],"collection":[{"href":"https:\/\/radiosisal.com\/br\/wp-json\/wp\/v2\/posts"}],"about":[{"href":"https:\/\/radiosisal.com\/br\/wp-json\/wp\/v2\/types\/post"}],"author":[{"embeddable":true,"href":"https:\/\/radiosisal.com\/br\/wp-json\/wp\/v2\/users\/2"}],"replies":[{"embeddable":true,"href":"https:\/\/radiosisal.com\/br\/wp-json\/wp\/v2\/comments?post=9625"}],"version-history":[{"count":1,"href":"https:\/\/radiosisal.com\/br\/wp-json\/wp\/v2\/posts\/9625\/revisions"}],"predecessor-version":[{"id":9627,"href":"https:\/\/radiosisal.com\/br\/wp-json\/wp\/v2\/posts\/9625\/revisions\/9627"}],"wp:featuredmedia":[{"embeddable":true,"href":"https:\/\/radiosisal.com\/br\/wp-json\/wp\/v2\/media\/9626"}],"wp:attachment":[{"href":"https:\/\/radiosisal.com\/br\/wp-json\/wp\/v2\/media?parent=9625"}],"wp:term":[{"taxonomy":"category","embeddable":true,"href":"https:\/\/radiosisal.com\/br\/wp-json\/wp\/v2\/categories?post=9625"},{"taxonomy":"post_tag","embeddable":true,"href":"https:\/\/radiosisal.com\/br\/wp-json\/wp\/v2\/tags?post=9625"}],"curies":[{"name":"wp","href":"https:\/\/api.w.org\/{rel}","templated":true}]}}