{"id":9660,"date":"2025-09-22T12:17:48","date_gmt":"2025-09-22T12:17:48","guid":{"rendered":"https:\/\/radiosisal.com\/br\/?p=9660"},"modified":"2025-09-22T12:17:50","modified_gmt":"2025-09-22T12:17:50","slug":"especialistas-defendem-atencao-especifica-para-saude-da-pele-negra","status":"publish","type":"post","link":"https:\/\/radiosisal.com\/br\/2025\/09\/22\/especialistas-defendem-atencao-especifica-para-saude-da-pele-negra\/","title":{"rendered":"ESPECIALISTAS DEFENDEM ATEN\u00c7\u00c3O ESPEC\u00cdFICA PARA SA\u00daDE DA PELE NEGRA"},"content":{"rendered":"\n<p><\/p>\n\n\n\n<p>Forma\u00e7\u00e3o de dermatologistas precisa incluir diversidade racial.<\/p>\n\n\n\n<p>O m\u00e9dico Thales de Oliveira Rios conta que tinha problemas com oleosidade da pele&nbsp;e acne&nbsp;desde a adolesc\u00eancia. Ao longo dos anos, tentou v\u00e1rios tratamentos, mas n\u00e3o obteve resultado satisfat\u00f3rio&nbsp;e se incomodava muito com as manchas decorrentes das espinhas. Depois de receber um convite especial de um colega dermatologista, o desfecho foi outro:<img decoding=\"async\" src=\"https:\/\/i0.wp.com\/agenciabrasil.ebc.com.br\/ebc.png?w=1170&#038;ssl=1\" data-recalc-dims=\"1\"><img decoding=\"async\" src=\"https:\/\/i0.wp.com\/agenciabrasil.ebc.com.br\/ebc.gif?w=1170&#038;ssl=1\" data-recalc-dims=\"1\"><\/p>\n\n\n\n<p>&#8220;Um belo dia, eu resolvi ir ao consult\u00f3rio dele, e a coisa mudou da \u00e1gua para o vinho. Com o tratamento voltado para o meu tipo de pele, os produtos adequados para clarear, o protetor solar certo, em tr\u00eas, quatro meses ficou tudo diferente. Melhorou bastante.&#8221;<\/p>\n\n\n\n<p><strong>Thales \u00e9 um homem negro&nbsp;e, at\u00e9 ent\u00e3o, n\u00e3o fazia ideia de que os tratamentos para a sua pele precisavam considerar essa caracter\u00edstica como ponto de partida.<\/strong><\/p>\n\n\n\n<p>&#8220;Eu lembro at\u00e9 hoje da primeira consulta, quando ele me mostrou umas imagens de um livro que ele ajudou a escrever, que mostra, por exemplo, a apresenta\u00e7\u00e3o de certas les\u00f5es de pele. Numa pessoa branca, \u00e9 de um jeito, numa pessoa parda, \u00e9 de outro, e, numa pessoa de pele preta retinta, \u00e9 totalmente diferente. A gente n\u00e3o v\u00ea isso na faculdade de medicina. Isso est\u00e1 come\u00e7ando a entrar nas discuss\u00f5es do mundo acad\u00eamico h\u00e1 pouqu\u00edssimo tempo&#8221;, ele acrescenta.<\/p>\n\n\n\n<p>O colega citado \u00e9 Cau\u00ea Cedar, chefe do Ambulat\u00f3rio de Pele Negra do Hospital Universit\u00e1rio Pedro Ernesto.&nbsp;Desde a especializa\u00e7\u00e3o, Cedar estuda as demandas espec\u00edficas das pessoas pretas e pardas, que, destaca, s\u00e3o a maioria da popula\u00e7\u00e3o brasileira. Mas os padr\u00f5es acad\u00eamicos n\u00e3o o ajudavam.<\/p>\n\n\n\n<blockquote class=\"wp-block-quote is-layout-flow wp-block-quote-is-layout-flow\">\n<p>&#8220;Os materiais que educam os m\u00e9dicos s\u00e3o majoritariamente feitos com pessoas de pele clara. Ent\u00e3o, muitos m\u00e9dicos n\u00e3o t\u00eam um treinamento espec\u00edfico para identificar como as condi\u00e7\u00f5es podem se apresentar na pele negra&#8221;.<\/p>\n<\/blockquote>\n\n\n\n<p>&#8220;E tem algumas especificidades. A pele negra tem mais tend\u00eancia a manchas, a&nbsp;cicatriza\u00e7\u00e3o hipertr\u00f3fica, ou seja, fazer queloide&#8230; Tem os cuidados espec\u00edficos com os cabelos cacheados e crespos. Tudo isso precisa ser treinado. Durante a resid\u00eancia, eu n\u00e3o tive um treinamento espec\u00edfico sobre isso, por mais que fosse uma pauta minha, eu precisava buscar por fora&#8221;, conta Cedar.<\/p>\n\n\n\n<p>A ind\u00fastria de produtos dermatol\u00f3gicos tamb\u00e9m desmerecia esse p\u00fablico, segundo o especialista. &#8220;H\u00e1 muito tempo, a gente sabe da necessidade de passar protetor solar. Mas os protetores solares com cor nunca se adequavam \u00e0s tonalidades de pele negra, e os protetores sem cor deixavam a pele das pessoas negras com um fundo esbranqui\u00e7ado, acinzentado&#8230;. Isso diminu\u00eda a ades\u00e3o ao uso. At\u00e9 que a ind\u00fastria come\u00e7ou a ver que os negros tamb\u00e9m consomem e come\u00e7aram a desenvolver produtos adaptados \u00e0 diversidade da popula\u00e7\u00e3o&#8221;, ele exemplifica.<\/p>\n\n\n\n<h2 class=\"wp-block-heading\">Avan\u00e7os<\/h2>\n\n\n\n<p>Cedar e outros profissionais negros t\u00eam ajudado essa pauta a se firmar tamb\u00e9m no meio acad\u00eamico. Este ano, pela primeira vez, o Congresso da Sociedade Brasileira de Dermatologia, principal evento da especialidade, realizou uma atividade exclusivamente sobre os cuidados com a pele negra. Al\u00e9m disso, a regional do Rio de Janeiro da Sociedade Brasileira de Dermatologia acaba de criar um Departamento de Pele \u00c9tnica, do qual Cau\u00ea Cedar \u00e9 um dos coordenadores.<\/p>\n\n\n\n<p>De acordo com a presidente da regional, Regina Schechtman, &#8220;estava mais do que na hora&#8221;. Ela destaca que&nbsp;<strong>o departamento visa a melhorar o conhecimento dos profissionais&nbsp;e o atendimento prestado a pessoas de diversos grupos n\u00e3o-brancos, como ind\u00edgenas e orientais, al\u00e9m das pessoas negras.<\/strong><\/p>\n\n\n\n<blockquote class=\"wp-block-quote is-layout-flow wp-block-quote-is-layout-flow\">\n<p>&#8220;Qualquer m\u00e9dico ou profissional da \u00e1rea de sa\u00fade deve acrescentar esse conhecimento a sua pr\u00e1tica. A dermatoscopia, por exemplo, que \u00e9 o exame mais b\u00e1sico que a gente faz, \u00e9 totalmente diferente em cada tom de pele, e os m\u00e9dicos precisam saber interpretar&#8221;, acrescenta.<\/p>\n<\/blockquote>\n\n\n\n<p>A presidente da regional do Rio de Janeiro enfatiza que problemas de pele podem afetar muito a autoestima dos pacientes&nbsp;e que o maior \u00f3rg\u00e3o do corpo humano tamb\u00e9m pode trazer alguns perigos.<\/p>\n\n\n\n<p>&#8220;H\u00e1 muitas doen\u00e7as de pele, e a mais grave delas \u00e9 o c\u00e2ncer, que tamb\u00e9m atinge a popula\u00e7\u00e3o negra. Apesar do risco ser maior entre pessoas que t\u00eam menos pigmenta\u00e7\u00e3o, isso n\u00e3o quer dizer que as pessoas negras n\u00e3o precisam se proteger dos danos causados pela radia\u00e7\u00e3o ultravioleta&#8221;.<\/p>\n\n\n\n<p class=\"bs-intro\">FONTE: Ag\u00eancia Brasil<\/p>\n\n\n\n<ul class=\"wp-block-social-links has-icon-color is-style-logos-only is-vertical is-layout-flex wp-container-core-social-links-is-layout-8cf370e7 wp-block-social-links-is-layout-flex\"><li style=\"color:#0693e3;\" class=\"wp-social-link wp-social-link-whatsapp has-vivid-cyan-blue-color wp-block-social-link\"><a href=\"https:\/\/wa.me\/\/75991238048\" class=\"wp-block-social-link-anchor\"><svg width=\"24\" height=\"24\" viewBox=\"0 0 24 24\" version=\"1.1\" xmlns=\"http:\/\/www.w3.org\/2000\/svg\" aria-hidden=\"true\" focusable=\"false\"><path d=\"M 12.011719 2 C 6.5057187 2 2.0234844 6.478375 2.0214844 11.984375 C 2.0204844 13.744375 2.4814687 15.462563 3.3554688 16.976562 L 2 22 L 7.2324219 20.763672 C 8.6914219 21.559672 10.333859 21.977516 12.005859 21.978516 L 12.009766 21.978516 C 17.514766 21.978516 21.995047 17.499141 21.998047 11.994141 C 22.000047 9.3251406 20.962172 6.8157344 19.076172 4.9277344 C 17.190172 3.0407344 14.683719 2.001 12.011719 2 z M 12.009766 4 C 14.145766 4.001 16.153109 4.8337969 17.662109 6.3417969 C 19.171109 7.8517969 20.000047 9.8581875 19.998047 11.992188 C 19.996047 16.396187 16.413812 19.978516 12.007812 19.978516 C 10.674812 19.977516 9.3544062 19.642812 8.1914062 19.007812 L 7.5175781 18.640625 L 6.7734375 18.816406 L 4.8046875 19.28125 L 5.2851562 17.496094 L 5.5019531 16.695312 L 5.0878906 15.976562 C 4.3898906 14.768562 4.0204844 13.387375 4.0214844 11.984375 C 4.0234844 7.582375 7.6067656 4 12.009766 4 z M 8.4765625 7.375 C 8.3095625 7.375 8.0395469 7.4375 7.8105469 7.6875 C 7.5815469 7.9365 6.9355469 8.5395781 6.9355469 9.7675781 C 6.9355469 10.995578 7.8300781 12.182609 7.9550781 12.349609 C 8.0790781 12.515609 9.68175 15.115234 12.21875 16.115234 C 14.32675 16.946234 14.754891 16.782234 15.212891 16.740234 C 15.670891 16.699234 16.690438 16.137687 16.898438 15.554688 C 17.106437 14.971687 17.106922 14.470187 17.044922 14.367188 C 16.982922 14.263188 16.816406 14.201172 16.566406 14.076172 C 16.317406 13.951172 15.090328 13.348625 14.861328 13.265625 C 14.632328 13.182625 14.464828 13.140625 14.298828 13.390625 C 14.132828 13.640625 13.655766 14.201187 13.509766 14.367188 C 13.363766 14.534188 13.21875 14.556641 12.96875 14.431641 C 12.71875 14.305641 11.914938 14.041406 10.960938 13.191406 C 10.218937 12.530406 9.7182656 11.714844 9.5722656 11.464844 C 9.4272656 11.215844 9.5585938 11.079078 9.6835938 10.955078 C 9.7955938 10.843078 9.9316406 10.663578 10.056641 10.517578 C 10.180641 10.371578 10.223641 10.267562 10.306641 10.101562 C 10.389641 9.9355625 10.347156 9.7890625 10.285156 9.6640625 C 10.223156 9.5390625 9.737625 8.3065 9.515625 7.8125 C 9.328625 7.3975 9.131125 7.3878594 8.953125 7.3808594 C 8.808125 7.3748594 8.6425625 7.375 8.4765625 7.375 z\"><\/path><\/svg><span class=\"wp-block-social-link-label screen-reader-text\">WhatsApp<\/span><\/a><\/li>\n\n<li style=\"color:#0693e3;\" class=\"wp-social-link wp-social-link-instagram has-vivid-cyan-blue-color wp-block-social-link\"><a href=\"https:\/\/www.instagram.com\/radiosisal97.3\/profilecard\/?igsh=MWo1azd5aXNvN2hmcQ==\" class=\"wp-block-social-link-anchor\"><svg width=\"24\" height=\"24\" viewBox=\"0 0 24 24\" version=\"1.1\" xmlns=\"http:\/\/www.w3.org\/2000\/svg\" aria-hidden=\"true\" focusable=\"false\"><path d=\"M12,4.622c2.403,0,2.688,0.009,3.637,0.052c0.877,0.04,1.354,0.187,1.671,0.31c0.42,0.163,0.72,0.358,1.035,0.673 c0.315,0.315,0.51,0.615,0.673,1.035c0.123,0.317,0.27,0.794,0.31,1.671c0.043,0.949,0.052,1.234,0.052,3.637 s-0.009,2.688-0.052,3.637c-0.04,0.877-0.187,1.354-0.31,1.671c-0.163,0.42-0.358,0.72-0.673,1.035 c-0.315,0.315-0.615,0.51-1.035,0.673c-0.317,0.123-0.794,0.27-1.671,0.31c-0.949,0.043-1.233,0.052-3.637,0.052 s-2.688-0.009-3.637-0.052c-0.877-0.04-1.354-0.187-1.671-0.31c-0.42-0.163-0.72-0.358-1.035-0.673 c-0.315-0.315-0.51-0.615-0.673-1.035c-0.123-0.317-0.27-0.794-0.31-1.671C4.631,14.688,4.622,14.403,4.622,12 s0.009-2.688,0.052-3.637c0.04-0.877,0.187-1.354,0.31-1.671c0.163-0.42,0.358-0.72,0.673-1.035 c0.315-0.315,0.615-0.51,1.035-0.673c0.317-0.123,0.794-0.27,1.671-0.31C9.312,4.631,9.597,4.622,12,4.622 M12,3 C9.556,3,9.249,3.01,8.289,3.054C7.331,3.098,6.677,3.25,6.105,3.472C5.513,3.702,5.011,4.01,4.511,4.511 c-0.5,0.5-0.808,1.002-1.038,1.594C3.25,6.677,3.098,7.331,3.054,8.289C3.01,9.249,3,9.556,3,12c0,2.444,0.01,2.751,0.054,3.711 c0.044,0.958,0.196,1.612,0.418,2.185c0.23,0.592,0.538,1.094,1.038,1.594c0.5,0.5,1.002,0.808,1.594,1.038 c0.572,0.222,1.227,0.375,2.185,0.418C9.249,20.99,9.556,21,12,21s2.751-0.01,3.711-0.054c0.958-0.044,1.612-0.196,2.185-0.418 c0.592-0.23,1.094-0.538,1.594-1.038c0.5-0.5,0.808-1.002,1.038-1.594c0.222-0.572,0.375-1.227,0.418-2.185 C20.99,14.751,21,14.444,21,12s-0.01-2.751-0.054-3.711c-0.044-0.958-0.196-1.612-0.418-2.185c-0.23-0.592-0.538-1.094-1.038-1.594 c-0.5-0.5-1.002-0.808-1.594-1.038c-0.572-0.222-1.227-0.375-2.185-0.418C14.751,3.01,14.444,3,12,3L12,3z M12,7.378 c-2.552,0-4.622,2.069-4.622,4.622S9.448,16.622,12,16.622s4.622-2.069,4.622-4.622S14.552,7.378,12,7.378z M12,15 c-1.657,0-3-1.343-3-3s1.343-3,3-3s3,1.343,3,3S13.657,15,12,15z M16.804,6.116c-0.596,0-1.08,0.484-1.08,1.08 s0.484,1.08,1.08,1.08c0.596,0,1.08-0.484,1.08-1.08S17.401,6.116,16.804,6.116z\"><\/path><\/svg><span class=\"wp-block-social-link-label screen-reader-text\">Instagram<\/span><\/a><\/li>\n\n<li style=\"color:#0693e3;\" class=\"wp-social-link wp-social-link-facebook has-vivid-cyan-blue-color wp-block-social-link\"><a href=\"https:\/\/www.facebook.com\/share\/1A7WveK9ft\/?mibextid=wwXIfr\" class=\"wp-block-social-link-anchor\"><svg width=\"24\" height=\"24\" viewBox=\"0 0 24 24\" version=\"1.1\" xmlns=\"http:\/\/www.w3.org\/2000\/svg\" aria-hidden=\"true\" focusable=\"false\"><path d=\"M12 2C6.5 2 2 6.5 2 12c0 5 3.7 9.1 8.4 9.9v-7H7.9V12h2.5V9.8c0-2.5 1.5-3.9 3.8-3.9 1.1 0 2.2.2 2.2.2v2.5h-1.3c-1.2 0-1.6.8-1.6 1.6V12h2.8l-.4 2.9h-2.3v7C18.3 21.1 22 17 22 12c0-5.5-4.5-10-10-10z\"><\/path><\/svg><span class=\"wp-block-social-link-label screen-reader-text\">Facebook<\/span><\/a><\/li><\/ul>\n\n\n\n<p><\/p>\n","protected":false},"excerpt":{"rendered":"<p>Forma\u00e7\u00e3o de dermatologistas precisa incluir diversidade racial. O m\u00e9dico Thales de Oliveira Rios conta que tinha problemas com oleosidade da pele&nbsp;e acne&nbsp;desde a adolesc\u00eancia. Ao longo dos anos, tentou v\u00e1rios tratamentos, mas n\u00e3o obteve resultado satisfat\u00f3rio&nbsp;e se incomodava muito com as manchas decorrentes das espinhas. Depois de receber um convite especial de um colega dermatologista, [&hellip;]<\/p>\n","protected":false},"author":2,"featured_media":0,"comment_status":"open","ping_status":"open","sticky":false,"template":"","format":"standard","meta":{"footnotes":""},"categories":[1],"tags":[],"class_list":["post-9660","post","type-post","status-publish","format-standard","hentry","category-geral"],"jetpack_sharing_enabled":true,"jetpack_featured_media_url":"","_links":{"self":[{"href":"https:\/\/radiosisal.com\/br\/wp-json\/wp\/v2\/posts\/9660","targetHints":{"allow":["GET"]}}],"collection":[{"href":"https:\/\/radiosisal.com\/br\/wp-json\/wp\/v2\/posts"}],"about":[{"href":"https:\/\/radiosisal.com\/br\/wp-json\/wp\/v2\/types\/post"}],"author":[{"embeddable":true,"href":"https:\/\/radiosisal.com\/br\/wp-json\/wp\/v2\/users\/2"}],"replies":[{"embeddable":true,"href":"https:\/\/radiosisal.com\/br\/wp-json\/wp\/v2\/comments?post=9660"}],"version-history":[{"count":1,"href":"https:\/\/radiosisal.com\/br\/wp-json\/wp\/v2\/posts\/9660\/revisions"}],"predecessor-version":[{"id":9661,"href":"https:\/\/radiosisal.com\/br\/wp-json\/wp\/v2\/posts\/9660\/revisions\/9661"}],"wp:attachment":[{"href":"https:\/\/radiosisal.com\/br\/wp-json\/wp\/v2\/media?parent=9660"}],"wp:term":[{"taxonomy":"category","embeddable":true,"href":"https:\/\/radiosisal.com\/br\/wp-json\/wp\/v2\/categories?post=9660"},{"taxonomy":"post_tag","embeddable":true,"href":"https:\/\/radiosisal.com\/br\/wp-json\/wp\/v2\/tags?post=9660"}],"curies":[{"name":"wp","href":"https:\/\/api.w.org\/{rel}","templated":true}]}}