{"id":9686,"date":"2025-09-24T10:00:51","date_gmt":"2025-09-24T10:00:51","guid":{"rendered":"https:\/\/radiosisal.com\/br\/?p=9686"},"modified":"2025-09-24T10:00:53","modified_gmt":"2025-09-24T10:00:53","slug":"brasil-tem-mais-alunos-em-cursos-a-distancia-que-em-presenciais","status":"publish","type":"post","link":"https:\/\/radiosisal.com\/br\/2025\/09\/24\/brasil-tem-mais-alunos-em-cursos-a-distancia-que-em-presenciais\/","title":{"rendered":"BRASIL TEM MAIS ALUNOS EM CURSOS A DIST\u00c2NCIA QUE EM PRESENCIAIS"},"content":{"rendered":"\n<p><\/p>\n\n\n\n<p>S\u00e3o mais de 10 milh\u00f5es de matr\u00edculas no ensino superior.<\/p>\n\n\n\n<p>O&nbsp;<strong>Brasil atingiu, pela primeira vez, a marca de 10.227.226 de estudantes no ensino superior<\/strong>, em 2024. O n\u00famero \u00e9 2,5% maior que o registrado em 2023 (9,97 milh\u00f5es de matr\u00edculas). Entre 2014 e 2024, as matr\u00edculas na educa\u00e7\u00e3o superior aumentaram 30,5%.<img decoding=\"async\" src=\"https:\/\/i0.wp.com\/agenciabrasil.ebc.com.br\/ebc.png?w=1170&#038;ssl=1\" data-recalc-dims=\"1\"><img decoding=\"async\" src=\"https:\/\/i0.wp.com\/agenciabrasil.ebc.com.br\/ebc.gif?w=1170&#038;ssl=1\" data-recalc-dims=\"1\"><\/p>\n\n\n\n<p>Do total de matr\u00edculas, 5,01 milh\u00f5es ingressaram&nbsp;no ensino superior&nbsp;no ano passado.<\/p>\n\n\n\n<p>Os dados constam no&nbsp;<a href=\"http:\/\/chrome-extension\/\/efaidnbmnnnibpcajpcglclefindmkaj\/https:\/\/download.inep.gov.br\/publicacoes\/institucionais\/estatisticas_e_indicadores\/notas_estatisticas_censo_escolar_2024.pdf\" target=\"_blank\" rel=\"noreferrer noopener\">Censo da Educa\u00e7\u00e3o Superior 2024<\/a>, realizado pelo Instituto Nacional de Estudos e Pesquisas Educacionais An\u00edsio Teixeira (Inep).<\/p>\n\n\n\n<h2 class=\"wp-block-heading\">EaD<\/h2>\n\n\n\n<p>O levantamento mostra que as<strong>&nbsp;matr\u00edculas em educa\u00e7\u00e3o a dist\u00e2ncia (EaD) s\u00e3o mais da metade (50,7%) do total de inscritos&nbsp;na&nbsp;gradua\u00e7\u00e3o<\/strong>,&nbsp;e tiveram um aumento de 5,6% entre 2023 e 2024. &nbsp;Enquanto o n\u00famero de matr\u00edculas em cursos presenciais&nbsp;diminuiu 0,5%, no mesmo per\u00edodo.<\/p>\n\n\n\n<p>Para o presidente do Inep, Manuel Palacios, a expans\u00e3o da educa\u00e7\u00e3o a dist\u00e2ncia, por meio de novas tecnologias, permitiu que uma parte da popula\u00e7\u00e3o tivesse acesso ao ensino superior, em especial&nbsp;os cidad\u00e3os que trabalham durante o dia.<\/p>\n\n\n\n<blockquote class=\"wp-block-quote is-layout-flow wp-block-quote-is-layout-flow\">\n<p>\u201cA educa\u00e7\u00e3o a dist\u00e2ncia proporcionou a amplia\u00e7\u00e3o da oferta e atendeu estudantes que, de outra forma, n\u00e3o teriam acesso \u00e0 educa\u00e7\u00e3o superior.\u201d<\/p>\n<\/blockquote>\n\n\n\n<p>Manuel Palacios ainda&nbsp;que a recente regulamenta\u00e7\u00e3o que prev\u00ea&nbsp;tr\u00eas formatos&nbsp;de&nbsp;cursos superiores \u2013&nbsp;<a href=\"https:\/\/agenciabrasil.ebc.com.br\/educacao\/noticia\/2025-05\/decreto-define-medicina--direito-e-odonto-como-cursos-presenciais\" target=\"_blank\" rel=\"noreferrer noopener\">presenciais, semipresenciais&nbsp;e a dist\u00e2ncia<\/a>&nbsp;\u2013 em diferentes \u00e1reas&nbsp;dever\u00e1 descentralizar a&nbsp;educa\u00e7\u00e3o superior&nbsp;nos pr\u00f3ximos anos.&nbsp;<\/p>\n\n\n\n<p>\u201cEu acredito que vamos conhecer polos com mais recursos e mais infraestrutura para atender os estudantes da educa\u00e7\u00e3o superior, em um modelo intermedi\u00e1rio entre o campus universit\u00e1rio cl\u00e1ssico e a educa\u00e7\u00e3o totalmente \u00e0 dist\u00e2ncia\u201d,&nbsp;prev\u00ea.<\/p>\n\n\n\n<p>Em 2024, a matr\u00edcula na modalidade EaD estava presente em 3.387 munic\u00edpios brasileiros (61%), por meio de campi das institui\u00e7\u00f5es de ensino superior ou de polos, alta&nbsp;de 97%, se comparado com o ano de 2014.<\/p>\n\n\n\n<h2 class=\"wp-block-heading\">Grau acad\u00eamico<\/h2>\n\n\n\n<p>Em rela\u00e7\u00e3o ao grau acad\u00eamico,&nbsp;<strong>predominam no pa\u00eds os cursos de gradua\u00e7\u00e3o no bacharelado (60%)<\/strong>. Os tecnol\u00f3gicos representam 20,2% das matr\u00edculas&nbsp;e os de licenciatura, 16,9%.<\/p>\n\n\n\n<p>Por\u00e9m, de 2014 a 2024, as matr\u00edculas nos cursos tecnol\u00f3gicos cresceram&nbsp;99,5%. No bacharelado, o crescimento \u00e9 de 20,4% no mesmo per\u00edodo, enquanto nos cursos de licenciatura aumentaram em 17,2%.<\/p>\n\n\n\n<h2 class=\"wp-block-heading\">Matr\u00edculas<\/h2>\n\n\n\n<p>Na m\u00e9dia nacional,&nbsp;<strong>um ter\u00e7o dos (33%) dos concluintes do ensino m\u00e9dio, em 2023, se matricularam na educa\u00e7\u00e3o superior,<\/strong>&nbsp;em 2024.&nbsp;<\/p>\n\n\n\n<p>Considerando a rede de ensino federal, 64% dos concluintes do ensino m\u00e9dio seguiram diretamente para a educa\u00e7\u00e3o superior, propor\u00e7\u00e3o acima da m\u00e9dia nacional. J\u00e1 na rede estadual, que concentra a maior parte dos estudantes, o \u00edndice foi de 27%.<\/p>\n\n\n\n<p>Entre os alunos da rede privada, a taxa chegou a 60%, patamar pr\u00f3ximo ao registrado pela rede federal.<\/p>\n\n\n\n<p>Em rela\u00e7\u00e3o aos alunos estrangeiros, em 2024, 21,6% dos&nbsp;matriculados vieram do continente africano, com destaque para os angolanos.<\/p>\n\n\n\n<p>Os venezuelanos representam o&nbsp;maior n\u00famero de alunos estrangeiros na educa\u00e7\u00e3o superior no Brasil.<\/p>\n\n\n\n<h2 class=\"wp-block-heading\">Institui\u00e7\u00f5es de ensino<\/h2>\n\n\n\n<p>O pa\u00eds tem, ao todo, 2.561 institui\u00e7\u00f5es de educa\u00e7\u00e3o superior, sendo 2.244 privadas e 317 p\u00fablicas. Em 2010, havia 2.370 institui\u00e7\u00f5es.<\/p>\n\n\n\n<p>Em nota, a Associa\u00e7\u00e3o Brasileira das Mantenedoras de Ensino Superior (ABMes), entidade que representa a educa\u00e7\u00e3o superior privada no pa\u00eds, destaca que cerca de 90% das institui\u00e7\u00f5es do pa\u00eds s\u00e3o particulares e totalizam 79,8% das matr\u00edculas de gradua\u00e7\u00e3o, sendo respons\u00e1veis por mais de 8 milh\u00f5es de estudantes.<\/p>\n\n\n\n<p>Entre as institui\u00e7\u00f5es de ensino superior p\u00fablicas, 43,8% s\u00e3o estaduais (139), 38,5%, federais (122) e 17,7%, municipais (56).<\/p>\n\n\n\n<p>A maioria das universidades brasileiras \u00e9 p\u00fablica (56,3%), informou o Inep.<\/p>\n\n\n\n<p>Quase tr\u00eas quintos&nbsp;das institui\u00e7\u00f5es&nbsp;federais s\u00e3o universidades e 33,6% s\u00e3o Institutos Federais de Educa\u00e7\u00e3o, Ci\u00eancia e Tecnologia (IFs) e Centros Federais de Educa\u00e7\u00e3o Tecnol\u00f3gica (Cefets).<\/p>\n\n\n\n<h2 class=\"wp-block-heading\">Cursos<\/h2>\n\n\n\n<p>Em 2024, 45.772 cursos de gradua\u00e7\u00e3o e quatro cursos sequenciais foram&nbsp;ofertados.<\/p>\n\n\n\n<p>Em m\u00e9dia, as institui\u00e7\u00f5es de educa\u00e7\u00e3o superior oferecem 17,9 cursos de gradua\u00e7\u00e3o.&nbsp;<\/p>\n\n\n\n<ul class=\"wp-block-list\">\n<li>3,6% ofertam 100 ou mais cursos de gradua\u00e7\u00e3o;<\/li>\n\n\n\n<li>28,5%\u00a0ofertam at\u00e9 dois cursos de gradua\u00e7\u00e3o.<\/li>\n<\/ul>\n\n\n\n<p><strong>Quase 80% dos cursos de gradua\u00e7\u00e3o s\u00e3o na modalidade presencial<\/strong>.<\/p>\n\n\n\n<h2 class=\"wp-block-heading\">Ingresso<\/h2>\n\n\n\n<p><strong>No ano passado, mais de 5 milh\u00f5es de alunos ingressaram em cursos de gradua\u00e7\u00e3o<\/strong>, crescimento de 0,3% em rela\u00e7\u00e3o a 2023.<\/p>\n\n\n\n<p>Se considerado o tipo de rede, entre 2023 e 2024, houve um aumento no n\u00famero de ingressantes na rede p\u00fablica (1,1%)&nbsp;e na rede privada de 0,2%.<\/p>\n\n\n\n<p>Do&nbsp;total de ingressantes, 88,5% come\u00e7aram a gradua\u00e7\u00e3o em institui\u00e7\u00f5es privadas.<\/p>\n\n\n\n<h2 class=\"wp-block-heading\">Cursos com mais matr\u00edculas<\/h2>\n\n\n\n<p><strong>A pedagogia foi o curso com maior n\u00famero de ingressantes<\/strong>, somando 4,48 milh\u00f5es de matr\u00edculas. Em seguida, esteve o curso de administra\u00e7\u00e3o (4,40 milh\u00f5es de matr\u00edculas) e direito (3,49 milh\u00f5es).<\/p>\n\n\n\n<p>Veja outros cursos com grande n\u00famero de alunos matriculados:<\/p>\n\n\n\n<ul class=\"wp-block-list\">\n<li>contabilidade (2,07 milh\u00f5es);<\/li>\n\n\n\n<li>enfermagem (1,92 milh\u00e3o);<\/li>\n\n\n\n<li>sistemas de informa\u00e7\u00e3o (1,76 milh\u00e3o);<\/li>\n\n\n\n<li>gest\u00e3o de pessoas (1,73 milh\u00e3o);<\/li>\n\n\n\n<li>psicologia (1,32 milh\u00e3o);<\/li>\n\n\n\n<li>educa\u00e7\u00e3o F\u00edsica (1,26 milh\u00e3o).<\/li>\n<\/ul>\n\n\n\n<h2 class=\"wp-block-heading\">Fim da gradua\u00e7\u00e3o<\/h2>\n\n\n\n<p>Em 2024, mais de 1,3 milh\u00e3o de estudantes conclu\u00edram&nbsp;cursos de gradua\u00e7\u00e3o, sendo 80,8%&nbsp;na rede privada e 19,2% na&nbsp;rede p\u00fablica.<\/p>\n\n\n\n<p>Entre 2023 e 2024, o n\u00famero de concluintes na rede p\u00fablica apresentou queda de 0,3%, enquanto na rede privada o decr\u00e9scimo foi de 3,6%.<\/p>\n\n\n\n<p>Na sa\u00edda do ensino superior, o curso de pedagogia tamb\u00e9m teve o maior n\u00famero de concluintes, com 1,83 milh\u00e3o. Na sequ\u00eancia, aparecem direito (1,61 milh\u00e3o) e&nbsp;administra\u00e7\u00e3o (1,58 milh\u00e3o).<\/p>\n\n\n\n<h2 class=\"wp-block-heading\">Docentes<\/h2>\n\n\n\n<p>Em uma d\u00e9cada, de 2014 a 2024, a quantidade&nbsp;de docentes na gradua\u00e7\u00e3o&nbsp;na rede p\u00fablica&nbsp;cresceu&nbsp;14,42%, passando de 159.922 &nbsp;para 182.980.<\/p>\n\n\n\n<p>Na rede privada, a for\u00e7a de trabalho regrediu -19,54%%&nbsp;no mesmo per\u00edodo, caindo&nbsp;de 187.622, em 2014, para 150.963, no ano passado.<\/p>\n\n\n\n<p>O Censo da Educa\u00e7\u00e3o Superior aponta que, tanto na rede privada quanto na rede p\u00fablica, a m\u00e9dia de idade dos profissionais&nbsp;\u00e9 de 43 anos. A maioria \u00e9 do sexo masculino&nbsp;nas institui\u00e7\u00f5es p\u00fablicas, enquanto nas privadas \u00e9 o feminino.<\/p>\n\n\n\n<p>A maior parte dos doutores atua&nbsp;na rede p\u00fablica, enquanto na rede privada predomina&nbsp;os docentes com mestrado.<\/p>\n\n\n\n<p>Em rela\u00e7\u00e3o ao regime de trabalho, a maioria dos docentes da rede p\u00fablica trabalha em tempo integral. E na rede privada, prevalece o regime parcial.<\/p>\n\n\n\n<p class=\"bs-intro\">FONTE: Ag\u00eancia Brasil<\/p>\n\n\n\n<ul class=\"wp-block-social-links has-icon-color is-style-logos-only is-vertical is-layout-flex wp-container-core-social-links-is-layout-8cf370e7 wp-block-social-links-is-layout-flex\"><li style=\"color:#0693e3;\" class=\"wp-social-link wp-social-link-whatsapp has-vivid-cyan-blue-color wp-block-social-link\"><a href=\"https:\/\/wa.me\/\/75991238048\" class=\"wp-block-social-link-anchor\"><svg width=\"24\" height=\"24\" viewBox=\"0 0 24 24\" version=\"1.1\" xmlns=\"http:\/\/www.w3.org\/2000\/svg\" aria-hidden=\"true\" focusable=\"false\"><path d=\"M 12.011719 2 C 6.5057187 2 2.0234844 6.478375 2.0214844 11.984375 C 2.0204844 13.744375 2.4814687 15.462563 3.3554688 16.976562 L 2 22 L 7.2324219 20.763672 C 8.6914219 21.559672 10.333859 21.977516 12.005859 21.978516 L 12.009766 21.978516 C 17.514766 21.978516 21.995047 17.499141 21.998047 11.994141 C 22.000047 9.3251406 20.962172 6.8157344 19.076172 4.9277344 C 17.190172 3.0407344 14.683719 2.001 12.011719 2 z M 12.009766 4 C 14.145766 4.001 16.153109 4.8337969 17.662109 6.3417969 C 19.171109 7.8517969 20.000047 9.8581875 19.998047 11.992188 C 19.996047 16.396187 16.413812 19.978516 12.007812 19.978516 C 10.674812 19.977516 9.3544062 19.642812 8.1914062 19.007812 L 7.5175781 18.640625 L 6.7734375 18.816406 L 4.8046875 19.28125 L 5.2851562 17.496094 L 5.5019531 16.695312 L 5.0878906 15.976562 C 4.3898906 14.768562 4.0204844 13.387375 4.0214844 11.984375 C 4.0234844 7.582375 7.6067656 4 12.009766 4 z M 8.4765625 7.375 C 8.3095625 7.375 8.0395469 7.4375 7.8105469 7.6875 C 7.5815469 7.9365 6.9355469 8.5395781 6.9355469 9.7675781 C 6.9355469 10.995578 7.8300781 12.182609 7.9550781 12.349609 C 8.0790781 12.515609 9.68175 15.115234 12.21875 16.115234 C 14.32675 16.946234 14.754891 16.782234 15.212891 16.740234 C 15.670891 16.699234 16.690438 16.137687 16.898438 15.554688 C 17.106437 14.971687 17.106922 14.470187 17.044922 14.367188 C 16.982922 14.263188 16.816406 14.201172 16.566406 14.076172 C 16.317406 13.951172 15.090328 13.348625 14.861328 13.265625 C 14.632328 13.182625 14.464828 13.140625 14.298828 13.390625 C 14.132828 13.640625 13.655766 14.201187 13.509766 14.367188 C 13.363766 14.534188 13.21875 14.556641 12.96875 14.431641 C 12.71875 14.305641 11.914938 14.041406 10.960938 13.191406 C 10.218937 12.530406 9.7182656 11.714844 9.5722656 11.464844 C 9.4272656 11.215844 9.5585938 11.079078 9.6835938 10.955078 C 9.7955938 10.843078 9.9316406 10.663578 10.056641 10.517578 C 10.180641 10.371578 10.223641 10.267562 10.306641 10.101562 C 10.389641 9.9355625 10.347156 9.7890625 10.285156 9.6640625 C 10.223156 9.5390625 9.737625 8.3065 9.515625 7.8125 C 9.328625 7.3975 9.131125 7.3878594 8.953125 7.3808594 C 8.808125 7.3748594 8.6425625 7.375 8.4765625 7.375 z\"><\/path><\/svg><span class=\"wp-block-social-link-label screen-reader-text\">WhatsApp<\/span><\/a><\/li>\n\n<li style=\"color:#0693e3;\" class=\"wp-social-link wp-social-link-instagram has-vivid-cyan-blue-color wp-block-social-link\"><a href=\"https:\/\/www.instagram.com\/radiosisal97.3\/profilecard\/?igsh=MWo1azd5aXNvN2hmcQ==\" class=\"wp-block-social-link-anchor\"><svg width=\"24\" height=\"24\" viewBox=\"0 0 24 24\" version=\"1.1\" xmlns=\"http:\/\/www.w3.org\/2000\/svg\" aria-hidden=\"true\" focusable=\"false\"><path d=\"M12,4.622c2.403,0,2.688,0.009,3.637,0.052c0.877,0.04,1.354,0.187,1.671,0.31c0.42,0.163,0.72,0.358,1.035,0.673 c0.315,0.315,0.51,0.615,0.673,1.035c0.123,0.317,0.27,0.794,0.31,1.671c0.043,0.949,0.052,1.234,0.052,3.637 s-0.009,2.688-0.052,3.637c-0.04,0.877-0.187,1.354-0.31,1.671c-0.163,0.42-0.358,0.72-0.673,1.035 c-0.315,0.315-0.615,0.51-1.035,0.673c-0.317,0.123-0.794,0.27-1.671,0.31c-0.949,0.043-1.233,0.052-3.637,0.052 s-2.688-0.009-3.637-0.052c-0.877-0.04-1.354-0.187-1.671-0.31c-0.42-0.163-0.72-0.358-1.035-0.673 c-0.315-0.315-0.51-0.615-0.673-1.035c-0.123-0.317-0.27-0.794-0.31-1.671C4.631,14.688,4.622,14.403,4.622,12 s0.009-2.688,0.052-3.637c0.04-0.877,0.187-1.354,0.31-1.671c0.163-0.42,0.358-0.72,0.673-1.035 c0.315-0.315,0.615-0.51,1.035-0.673c0.317-0.123,0.794-0.27,1.671-0.31C9.312,4.631,9.597,4.622,12,4.622 M12,3 C9.556,3,9.249,3.01,8.289,3.054C7.331,3.098,6.677,3.25,6.105,3.472C5.513,3.702,5.011,4.01,4.511,4.511 c-0.5,0.5-0.808,1.002-1.038,1.594C3.25,6.677,3.098,7.331,3.054,8.289C3.01,9.249,3,9.556,3,12c0,2.444,0.01,2.751,0.054,3.711 c0.044,0.958,0.196,1.612,0.418,2.185c0.23,0.592,0.538,1.094,1.038,1.594c0.5,0.5,1.002,0.808,1.594,1.038 c0.572,0.222,1.227,0.375,2.185,0.418C9.249,20.99,9.556,21,12,21s2.751-0.01,3.711-0.054c0.958-0.044,1.612-0.196,2.185-0.418 c0.592-0.23,1.094-0.538,1.594-1.038c0.5-0.5,0.808-1.002,1.038-1.594c0.222-0.572,0.375-1.227,0.418-2.185 C20.99,14.751,21,14.444,21,12s-0.01-2.751-0.054-3.711c-0.044-0.958-0.196-1.612-0.418-2.185c-0.23-0.592-0.538-1.094-1.038-1.594 c-0.5-0.5-1.002-0.808-1.594-1.038c-0.572-0.222-1.227-0.375-2.185-0.418C14.751,3.01,14.444,3,12,3L12,3z M12,7.378 c-2.552,0-4.622,2.069-4.622,4.622S9.448,16.622,12,16.622s4.622-2.069,4.622-4.622S14.552,7.378,12,7.378z M12,15 c-1.657,0-3-1.343-3-3s1.343-3,3-3s3,1.343,3,3S13.657,15,12,15z M16.804,6.116c-0.596,0-1.08,0.484-1.08,1.08 s0.484,1.08,1.08,1.08c0.596,0,1.08-0.484,1.08-1.08S17.401,6.116,16.804,6.116z\"><\/path><\/svg><span class=\"wp-block-social-link-label screen-reader-text\">Instagram<\/span><\/a><\/li>\n\n<li style=\"color:#0693e3;\" class=\"wp-social-link wp-social-link-facebook has-vivid-cyan-blue-color wp-block-social-link\"><a href=\"https:\/\/www.facebook.com\/share\/1A7WveK9ft\/?mibextid=wwXIfr\" class=\"wp-block-social-link-anchor\"><svg width=\"24\" height=\"24\" viewBox=\"0 0 24 24\" version=\"1.1\" xmlns=\"http:\/\/www.w3.org\/2000\/svg\" aria-hidden=\"true\" focusable=\"false\"><path d=\"M12 2C6.5 2 2 6.5 2 12c0 5 3.7 9.1 8.4 9.9v-7H7.9V12h2.5V9.8c0-2.5 1.5-3.9 3.8-3.9 1.1 0 2.2.2 2.2.2v2.5h-1.3c-1.2 0-1.6.8-1.6 1.6V12h2.8l-.4 2.9h-2.3v7C18.3 21.1 22 17 22 12c0-5.5-4.5-10-10-10z\"><\/path><\/svg><span class=\"wp-block-social-link-label screen-reader-text\">Facebook<\/span><\/a><\/li><\/ul>\n\n\n\n<p><\/p>\n","protected":false},"excerpt":{"rendered":"<p>S\u00e3o mais de 10 milh\u00f5es de matr\u00edculas no ensino superior. O&nbsp;Brasil atingiu, pela primeira vez, a marca de 10.227.226 de estudantes no ensino superior, em 2024. O n\u00famero \u00e9 2,5% maior que o registrado em 2023 (9,97 milh\u00f5es de matr\u00edculas). Entre 2014 e 2024, as matr\u00edculas na educa\u00e7\u00e3o superior aumentaram 30,5%. Do total de matr\u00edculas, [&hellip;]<\/p>\n","protected":false},"author":2,"featured_media":9687,"comment_status":"open","ping_status":"open","sticky":false,"template":"","format":"standard","meta":{"footnotes":""},"categories":[1],"tags":[],"class_list":["post-9686","post","type-post","status-publish","format-standard","has-post-thumbnail","hentry","category-geral"],"jetpack_sharing_enabled":true,"jetpack_featured_media_url":"https:\/\/i0.wp.com\/radiosisal.com\/br\/wp-content\/uploads\/2025\/09\/image.webp?fit=1170%2C700&ssl=1","_links":{"self":[{"href":"https:\/\/radiosisal.com\/br\/wp-json\/wp\/v2\/posts\/9686","targetHints":{"allow":["GET"]}}],"collection":[{"href":"https:\/\/radiosisal.com\/br\/wp-json\/wp\/v2\/posts"}],"about":[{"href":"https:\/\/radiosisal.com\/br\/wp-json\/wp\/v2\/types\/post"}],"author":[{"embeddable":true,"href":"https:\/\/radiosisal.com\/br\/wp-json\/wp\/v2\/users\/2"}],"replies":[{"embeddable":true,"href":"https:\/\/radiosisal.com\/br\/wp-json\/wp\/v2\/comments?post=9686"}],"version-history":[{"count":1,"href":"https:\/\/radiosisal.com\/br\/wp-json\/wp\/v2\/posts\/9686\/revisions"}],"predecessor-version":[{"id":9688,"href":"https:\/\/radiosisal.com\/br\/wp-json\/wp\/v2\/posts\/9686\/revisions\/9688"}],"wp:featuredmedia":[{"embeddable":true,"href":"https:\/\/radiosisal.com\/br\/wp-json\/wp\/v2\/media\/9687"}],"wp:attachment":[{"href":"https:\/\/radiosisal.com\/br\/wp-json\/wp\/v2\/media?parent=9686"}],"wp:term":[{"taxonomy":"category","embeddable":true,"href":"https:\/\/radiosisal.com\/br\/wp-json\/wp\/v2\/categories?post=9686"},{"taxonomy":"post_tag","embeddable":true,"href":"https:\/\/radiosisal.com\/br\/wp-json\/wp\/v2\/tags?post=9686"}],"curies":[{"name":"wp","href":"https:\/\/api.w.org\/{rel}","templated":true}]}}