{"id":9712,"date":"2025-09-25T14:27:45","date_gmt":"2025-09-25T14:27:45","guid":{"rendered":"https:\/\/radiosisal.com\/br\/?p=9712"},"modified":"2025-09-25T14:27:47","modified_gmt":"2025-09-25T14:27:47","slug":"ipca-15-previa-da-inflacao-acelera-para-048-em-setembro-apos-fim-do-desconto-na-conta-de-luz","status":"publish","type":"post","link":"https:\/\/radiosisal.com\/br\/2025\/09\/25\/ipca-15-previa-da-inflacao-acelera-para-048-em-setembro-apos-fim-do-desconto-na-conta-de-luz\/","title":{"rendered":"IPCA-15: PR\u00c9VIA DA INFLA\u00c7\u00c3O ACELERA PARA 0,48% EM SETEMBRO, AP\u00d3S FIM DO DESCONTO NA CONTA DE LUZ"},"content":{"rendered":"\n<p><\/p>\n\n\n\n<p>Energia el\u00e9trica residencial teve alta de 12,17% com ap\u00f3s fim do B\u00f4nus de Itaipu. Em 12 meses, pr\u00e9via da infla\u00e7\u00e3o acumula alta de 5,32%<\/p>\n\n\n\n<p>O \u00cdndice Nacional de Pre\u00e7os ao Consumidor Amplo 15 (<a class=\"\" href=\"https:\/\/g1.globo.com\/tudo-sobre\/ipca\/\">IPCA<\/a>-15), pr\u00e9via da infla\u00e7\u00e3o oficial do pa\u00eds, subiu 0,48% em setembro, informou nesta quinta-feira (25) o Instituto Brasileiro de Geografia e Estat\u00edstica (<a class=\"\" href=\"https:\/\/g1.globo.com\/tudo-sobre\/ibge\/\">IBGE<\/a>).<\/p>\n\n\n\n<p>O aumento nos pre\u00e7os representa alta de 0,62 ponto percentual (p.p.) em rela\u00e7\u00e3o a agosto, quando o \u00edndice caiu 0,14% \u2014&nbsp;<a class=\"\" href=\"https:\/\/g1.globo.com\/economia\/noticia\/2025\/08\/26\/ipca-15-previa-tem-deflacao-de-014percent-em-agosto-segundo-o-ibge.ghtml\">registrando a primeira defla\u00e7\u00e3o em mais de um ano<\/a>.<\/p>\n\n\n\n<p>De acordo com o IBGE, o principal impacto para a alta dos pre\u00e7os veio do grupo Habita\u00e7\u00e3o (3,31%), especialmente da&nbsp;<strong>energia el\u00e9trica residencial<\/strong>. Ap\u00f3s cair 4,93% em agosto,&nbsp;a tarifa subiu 12,17% em setembro, devido ao fim do B\u00f4nus de Itaipu, creditado nas contas do m\u00eas anterior.<\/p>\n\n\n\n<p>Com o resultado da primeira quinzena de setembro, o IPCA-15 acumula alta de 5,32% nos \u00faltimos 12 meses.\u00a0Em 2025, o aumento chegou a 3,76%. Apesar da eleva\u00e7\u00e3o, o \u00edndice de setembro ficou abaixo das proje\u00e7\u00f5es do mercado, que estimavam alta entre 0,51% e 0,52%.<\/p>\n\n\n\n<h2 class=\"wp-block-heading\"><strong>O que influenciou a pr\u00e9via da infla\u00e7\u00e3o<\/strong><\/h2>\n\n\n\n<p>Depois de provocar a defla\u00e7\u00e3o em agosto, com queda de 4,93%, a energia el\u00e9trica residencial voltou a ser o principal peso na alta dos pre\u00e7os, segundo o IBGE. Em setembro, o item subiu 12,7%, contribuindo com 0,47 ponto percentual para o \u00edndice total.<\/p>\n\n\n\n<p>O aumento ocorreu com o fim do B\u00f4nus de Itaipu, que havia sido creditado nas contas de agosto. Al\u00e9m disso, estava em vigor desde 1\u00ba de setembro a bandeira tarif\u00e1ria vermelha patamar 2, que acrescenta R$ 7,87 a cada 100 kWh consumidos.<\/p>\n\n\n\n<p>No grupo&nbsp;<strong>Vestu\u00e1rio<\/strong>&nbsp;(0,97%), os maiores avan\u00e7os vieram das roupas femininas (1,19%) e dos cal\u00e7ados e acess\u00f3rios (1,02%).<\/p>\n\n\n\n<p>Em&nbsp;<strong>Sa\u00fade e cuidados pessoais<\/strong>&nbsp;(0,36%), o destaque ficou para o aumento dos planos de sa\u00fade (0,50%).<\/p>\n\n\n\n<p>O grupo&nbsp;<strong>Alimenta\u00e7\u00e3o e bebidas<\/strong>&nbsp;caiu 0,35%, marcando a quarta queda consecutiva. A principal influ\u00eancia veio da alimenta\u00e7\u00e3o no domic\u00edlio, que recuou 0,63% ap\u00f3s a baixa de 1,02% registrada em agosto.<\/p>\n\n\n\n<p>A queda foi puxada por produtos b\u00e1sicos da cesta, como tomate (-17,49%), cebola (-8,65%), arroz (-2,91%) e caf\u00e9 mo\u00eddo (-1,81%). Por outro lado, as frutas subiram em m\u00e9dia 1,03%, suavizando o recuo do grupo.<\/p>\n\n\n\n<p>A&nbsp;<strong>alimenta\u00e7\u00e3o fora do domic\u00edlio<\/strong>&nbsp;subiu 0,36%, mas em ritmo mais lento que em agosto (0,71%). A desacelera\u00e7\u00e3o ocorreu devido a altas menos intensas em itens como o lanche, que passou de 1,44% para 0,70%, e a refei\u00e7\u00e3o, que caiu de 0,40% para 0,20%.<\/p>\n\n\n\n<p>Al\u00e9m de Alimenta\u00e7\u00e3o e bebidas, o grupo Transportes (-0,25% e -0,05 p.p.) registrou a segunda maior queda do IPCA-15 em setembro.&nbsp;A redu\u00e7\u00e3o foi puxada principalmente pelo recuo do seguro volunt\u00e1rio de ve\u00edculos (-5,95%) e das passagens a\u00e9reas (-2,61%).<\/p>\n\n\n\n<p>Nos combust\u00edveis (-0,10%), os pre\u00e7os do g\u00e1s veicular (-1,55%) e da gasolina (-0,13%) recuaram, enquanto o \u00f3leo diesel (0,38%) e o etanol (0,15%) apresentaram alta.<\/p>\n\n\n\n<h2 class=\"wp-block-heading\">Perspectivas e juros<\/h2>\n\n\n\n<p>Lucas Barbosa, economista da AZ Quest, considera positivo o resultado da infla\u00e7\u00e3o na primeira quinzena de setembro, destacando a melhora na m\u00e9dia de alguns n\u00facleos do \u00edndice.<\/p>\n\n\n\n<p>Embora a infla\u00e7\u00e3o acumulada em 12 meses ainda esteja alta (5,32%) e acima do teto da meta do Banco Central (4,5%), a melhora na sua composi\u00e7\u00e3o e os sinais de desacelera\u00e7\u00e3o da economia refor\u00e7am a confian\u00e7a de que a tend\u00eancia ser\u00e1 de queda, segundo o economista.<\/p>\n\n\n\n<p>No \u00faltimo Boletim Focus, os especialistas mantiveram a previs\u00e3o de infla\u00e7\u00e3o para este ano em 4,83%.<\/p>\n\n\n\n<blockquote class=\"wp-block-quote is-layout-flow wp-block-quote-is-layout-flow\">\n<p>&#8220;Em rela\u00e7\u00e3o ao Banco Central, notamos uma postura cautelosa na comunica\u00e7\u00e3o recente. O comunicado foi r\u00edgido, a ata apresentou um tom ligeiramente mais brando em compara\u00e7\u00e3o ao comunicado, e o Relat\u00f3rio Trimestral de Infla\u00e7\u00e3o (RTI), com suas proje\u00e7\u00f5es e revis\u00f5es, demonstra um cen\u00e1rio inflacion\u00e1rio desafiador, indicando uma postura conservadora no combate \u00e0 infla\u00e7\u00e3o&#8221;, diz o economista da AZ Quest.<\/p>\n<\/blockquote>\n\n\n\n<p>Ainda assim, o analista projeta que os cortes de juros comecem em janeiro de 2026, com uma redu\u00e7\u00e3o inicial de 0,5 ponto percentual, levando a Selic de 15% para 14,5%. Para o final do pr\u00f3ximo ano, a expectativa \u00e9 de que a taxa caia para 10,5%.<\/p>\n\n\n\n<p><em>\ud83d\udd0e O IPCA mede a infla\u00e7\u00e3o, enquanto a Selic \u00e9 a taxa de juros usada pelo Banco Central para control\u00e1-la. Quando o IPCA sobe, a Selic tende a aumentar para conter os pre\u00e7os; quando o IPCA cai, a Selic pode ser reduzida para estimular a economia.<\/em><\/p>\n\n\n\n<p>A economista do C6 Bank, Claudia Moreno, tamb\u00e9m acredita que pode haver espa\u00e7o para corte nos juros no primeiro trimestre do ano que vem. &#8220;Nossa expectativa \u00e9 de que o ciclo de cortes da Selic comece em mar\u00e7o, com a taxa de juros terminando 2026 em 13%&#8221;, afirma.<\/p>\n\n\n\n<p class=\"bs-intro\">FONTE: G1<\/p>\n\n\n\n<ul class=\"wp-block-social-links has-icon-color is-style-logos-only is-vertical is-layout-flex wp-container-core-social-links-is-layout-8cf370e7 wp-block-social-links-is-layout-flex\"><li style=\"color:#0693e3;\" class=\"wp-social-link wp-social-link-whatsapp has-vivid-cyan-blue-color wp-block-social-link\"><a href=\"https:\/\/wa.me\/\/75991238048\" class=\"wp-block-social-link-anchor\"><svg width=\"24\" height=\"24\" viewBox=\"0 0 24 24\" version=\"1.1\" xmlns=\"http:\/\/www.w3.org\/2000\/svg\" aria-hidden=\"true\" focusable=\"false\"><path d=\"M 12.011719 2 C 6.5057187 2 2.0234844 6.478375 2.0214844 11.984375 C 2.0204844 13.744375 2.4814687 15.462563 3.3554688 16.976562 L 2 22 L 7.2324219 20.763672 C 8.6914219 21.559672 10.333859 21.977516 12.005859 21.978516 L 12.009766 21.978516 C 17.514766 21.978516 21.995047 17.499141 21.998047 11.994141 C 22.000047 9.3251406 20.962172 6.8157344 19.076172 4.9277344 C 17.190172 3.0407344 14.683719 2.001 12.011719 2 z M 12.009766 4 C 14.145766 4.001 16.153109 4.8337969 17.662109 6.3417969 C 19.171109 7.8517969 20.000047 9.8581875 19.998047 11.992188 C 19.996047 16.396187 16.413812 19.978516 12.007812 19.978516 C 10.674812 19.977516 9.3544062 19.642812 8.1914062 19.007812 L 7.5175781 18.640625 L 6.7734375 18.816406 L 4.8046875 19.28125 L 5.2851562 17.496094 L 5.5019531 16.695312 L 5.0878906 15.976562 C 4.3898906 14.768562 4.0204844 13.387375 4.0214844 11.984375 C 4.0234844 7.582375 7.6067656 4 12.009766 4 z M 8.4765625 7.375 C 8.3095625 7.375 8.0395469 7.4375 7.8105469 7.6875 C 7.5815469 7.9365 6.9355469 8.5395781 6.9355469 9.7675781 C 6.9355469 10.995578 7.8300781 12.182609 7.9550781 12.349609 C 8.0790781 12.515609 9.68175 15.115234 12.21875 16.115234 C 14.32675 16.946234 14.754891 16.782234 15.212891 16.740234 C 15.670891 16.699234 16.690438 16.137687 16.898438 15.554688 C 17.106437 14.971687 17.106922 14.470187 17.044922 14.367188 C 16.982922 14.263188 16.816406 14.201172 16.566406 14.076172 C 16.317406 13.951172 15.090328 13.348625 14.861328 13.265625 C 14.632328 13.182625 14.464828 13.140625 14.298828 13.390625 C 14.132828 13.640625 13.655766 14.201187 13.509766 14.367188 C 13.363766 14.534188 13.21875 14.556641 12.96875 14.431641 C 12.71875 14.305641 11.914938 14.041406 10.960938 13.191406 C 10.218937 12.530406 9.7182656 11.714844 9.5722656 11.464844 C 9.4272656 11.215844 9.5585938 11.079078 9.6835938 10.955078 C 9.7955938 10.843078 9.9316406 10.663578 10.056641 10.517578 C 10.180641 10.371578 10.223641 10.267562 10.306641 10.101562 C 10.389641 9.9355625 10.347156 9.7890625 10.285156 9.6640625 C 10.223156 9.5390625 9.737625 8.3065 9.515625 7.8125 C 9.328625 7.3975 9.131125 7.3878594 8.953125 7.3808594 C 8.808125 7.3748594 8.6425625 7.375 8.4765625 7.375 z\"><\/path><\/svg><span class=\"wp-block-social-link-label screen-reader-text\">WhatsApp<\/span><\/a><\/li>\n\n<li style=\"color:#0693e3;\" class=\"wp-social-link wp-social-link-instagram has-vivid-cyan-blue-color wp-block-social-link\"><a href=\"https:\/\/www.instagram.com\/radiosisal97.3\/profilecard\/?igsh=MWo1azd5aXNvN2hmcQ==\" class=\"wp-block-social-link-anchor\"><svg width=\"24\" height=\"24\" viewBox=\"0 0 24 24\" version=\"1.1\" xmlns=\"http:\/\/www.w3.org\/2000\/svg\" aria-hidden=\"true\" focusable=\"false\"><path d=\"M12,4.622c2.403,0,2.688,0.009,3.637,0.052c0.877,0.04,1.354,0.187,1.671,0.31c0.42,0.163,0.72,0.358,1.035,0.673 c0.315,0.315,0.51,0.615,0.673,1.035c0.123,0.317,0.27,0.794,0.31,1.671c0.043,0.949,0.052,1.234,0.052,3.637 s-0.009,2.688-0.052,3.637c-0.04,0.877-0.187,1.354-0.31,1.671c-0.163,0.42-0.358,0.72-0.673,1.035 c-0.315,0.315-0.615,0.51-1.035,0.673c-0.317,0.123-0.794,0.27-1.671,0.31c-0.949,0.043-1.233,0.052-3.637,0.052 s-2.688-0.009-3.637-0.052c-0.877-0.04-1.354-0.187-1.671-0.31c-0.42-0.163-0.72-0.358-1.035-0.673 c-0.315-0.315-0.51-0.615-0.673-1.035c-0.123-0.317-0.27-0.794-0.31-1.671C4.631,14.688,4.622,14.403,4.622,12 s0.009-2.688,0.052-3.637c0.04-0.877,0.187-1.354,0.31-1.671c0.163-0.42,0.358-0.72,0.673-1.035 c0.315-0.315,0.615-0.51,1.035-0.673c0.317-0.123,0.794-0.27,1.671-0.31C9.312,4.631,9.597,4.622,12,4.622 M12,3 C9.556,3,9.249,3.01,8.289,3.054C7.331,3.098,6.677,3.25,6.105,3.472C5.513,3.702,5.011,4.01,4.511,4.511 c-0.5,0.5-0.808,1.002-1.038,1.594C3.25,6.677,3.098,7.331,3.054,8.289C3.01,9.249,3,9.556,3,12c0,2.444,0.01,2.751,0.054,3.711 c0.044,0.958,0.196,1.612,0.418,2.185c0.23,0.592,0.538,1.094,1.038,1.594c0.5,0.5,1.002,0.808,1.594,1.038 c0.572,0.222,1.227,0.375,2.185,0.418C9.249,20.99,9.556,21,12,21s2.751-0.01,3.711-0.054c0.958-0.044,1.612-0.196,2.185-0.418 c0.592-0.23,1.094-0.538,1.594-1.038c0.5-0.5,0.808-1.002,1.038-1.594c0.222-0.572,0.375-1.227,0.418-2.185 C20.99,14.751,21,14.444,21,12s-0.01-2.751-0.054-3.711c-0.044-0.958-0.196-1.612-0.418-2.185c-0.23-0.592-0.538-1.094-1.038-1.594 c-0.5-0.5-1.002-0.808-1.594-1.038c-0.572-0.222-1.227-0.375-2.185-0.418C14.751,3.01,14.444,3,12,3L12,3z M12,7.378 c-2.552,0-4.622,2.069-4.622,4.622S9.448,16.622,12,16.622s4.622-2.069,4.622-4.622S14.552,7.378,12,7.378z M12,15 c-1.657,0-3-1.343-3-3s1.343-3,3-3s3,1.343,3,3S13.657,15,12,15z M16.804,6.116c-0.596,0-1.08,0.484-1.08,1.08 s0.484,1.08,1.08,1.08c0.596,0,1.08-0.484,1.08-1.08S17.401,6.116,16.804,6.116z\"><\/path><\/svg><span class=\"wp-block-social-link-label screen-reader-text\">Instagram<\/span><\/a><\/li>\n\n<li style=\"color:#0693e3;\" class=\"wp-social-link wp-social-link-facebook has-vivid-cyan-blue-color wp-block-social-link\"><a href=\"https:\/\/www.facebook.com\/share\/1A7WveK9ft\/?mibextid=wwXIfr\" class=\"wp-block-social-link-anchor\"><svg width=\"24\" height=\"24\" viewBox=\"0 0 24 24\" version=\"1.1\" xmlns=\"http:\/\/www.w3.org\/2000\/svg\" aria-hidden=\"true\" focusable=\"false\"><path d=\"M12 2C6.5 2 2 6.5 2 12c0 5 3.7 9.1 8.4 9.9v-7H7.9V12h2.5V9.8c0-2.5 1.5-3.9 3.8-3.9 1.1 0 2.2.2 2.2.2v2.5h-1.3c-1.2 0-1.6.8-1.6 1.6V12h2.8l-.4 2.9h-2.3v7C18.3 21.1 22 17 22 12c0-5.5-4.5-10-10-10z\"><\/path><\/svg><span class=\"wp-block-social-link-label screen-reader-text\">Facebook<\/span><\/a><\/li><\/ul>\n","protected":false},"excerpt":{"rendered":"<p>Energia el\u00e9trica residencial teve alta de 12,17% com ap\u00f3s fim do B\u00f4nus de Itaipu. Em 12 meses, pr\u00e9via da infla\u00e7\u00e3o acumula alta de 5,32% O \u00cdndice Nacional de Pre\u00e7os ao Consumidor Amplo 15 (IPCA-15), pr\u00e9via da infla\u00e7\u00e3o oficial do pa\u00eds, subiu 0,48% em setembro, informou nesta quinta-feira (25) o Instituto Brasileiro de Geografia e Estat\u00edstica [&hellip;]<\/p>\n","protected":false},"author":2,"featured_media":9713,"comment_status":"open","ping_status":"open","sticky":false,"template":"","format":"standard","meta":{"footnotes":""},"categories":[1],"tags":[],"class_list":["post-9712","post","type-post","status-publish","format-standard","has-post-thumbnail","hentry","category-geral"],"jetpack_sharing_enabled":true,"jetpack_featured_media_url":"https:\/\/i0.wp.com\/radiosisal.com\/br\/wp-content\/uploads\/2025\/09\/Imagem-do-WhatsApp-de-2025-09-25-as-11.25.46_75e9935e.jpg?fit=984%2C656&ssl=1","_links":{"self":[{"href":"https:\/\/radiosisal.com\/br\/wp-json\/wp\/v2\/posts\/9712","targetHints":{"allow":["GET"]}}],"collection":[{"href":"https:\/\/radiosisal.com\/br\/wp-json\/wp\/v2\/posts"}],"about":[{"href":"https:\/\/radiosisal.com\/br\/wp-json\/wp\/v2\/types\/post"}],"author":[{"embeddable":true,"href":"https:\/\/radiosisal.com\/br\/wp-json\/wp\/v2\/users\/2"}],"replies":[{"embeddable":true,"href":"https:\/\/radiosisal.com\/br\/wp-json\/wp\/v2\/comments?post=9712"}],"version-history":[{"count":1,"href":"https:\/\/radiosisal.com\/br\/wp-json\/wp\/v2\/posts\/9712\/revisions"}],"predecessor-version":[{"id":9714,"href":"https:\/\/radiosisal.com\/br\/wp-json\/wp\/v2\/posts\/9712\/revisions\/9714"}],"wp:featuredmedia":[{"embeddable":true,"href":"https:\/\/radiosisal.com\/br\/wp-json\/wp\/v2\/media\/9713"}],"wp:attachment":[{"href":"https:\/\/radiosisal.com\/br\/wp-json\/wp\/v2\/media?parent=9712"}],"wp:term":[{"taxonomy":"category","embeddable":true,"href":"https:\/\/radiosisal.com\/br\/wp-json\/wp\/v2\/categories?post=9712"},{"taxonomy":"post_tag","embeddable":true,"href":"https:\/\/radiosisal.com\/br\/wp-json\/wp\/v2\/tags?post=9712"}],"curies":[{"name":"wp","href":"https:\/\/api.w.org\/{rel}","templated":true}]}}