{"id":9740,"date":"2025-09-29T09:50:52","date_gmt":"2025-09-29T09:50:52","guid":{"rendered":"https:\/\/radiosisal.com\/br\/?p=9740"},"modified":"2025-09-29T09:50:54","modified_gmt":"2025-09-29T09:50:54","slug":"saude-mental-40-dos-medicos-sofrem-com-depressao-ansiedade-e-burnout-no-nordeste","status":"publish","type":"post","link":"https:\/\/radiosisal.com\/br\/2025\/09\/29\/saude-mental-40-dos-medicos-sofrem-com-depressao-ansiedade-e-burnout-no-nordeste\/","title":{"rendered":"SA\u00daDE MENTAL: 40%\u00a0DOS M\u00c9DICOS SOFREM COM DEPRESS\u00c3O, ANSIEDADE E BURNOUT NO NORDESTE"},"content":{"rendered":"\n<p><\/p>\n\n\n\n<p>Levantamento da Afya mostrou que h\u00e1 mais incid\u00eancia entre profissionais jovens e mulheres<\/p>\n\n\n\n<p>Longas jornadas de trabalho, rotina estressante, car\u00eancia de insumos b\u00e1sicos e falta de tempo para estar com a fam\u00edlia ou praticar atividade f\u00edsica. Esses s\u00e3o s\u00f3 alguns dos aspectos de um cen\u00e1rio que preocupa profissionais de sa\u00fade justamente por envolver a pr\u00f3pria categoria &#8211; no caso, m\u00e9dicas e m\u00e9dicos.<\/p>\n\n\n\n<p id=\"paragrafo-0l45qr6jfj\">Quase 40% dos m\u00e9dicos que atuam na regi\u00e3o Nordeste t\u00eam algum quadro de doen\u00e7a mental. O dado faz parte da nova pesquisa Qualidade de Vida do M\u00e9dico, produzida pelo Research &amp; Innovation Center da Afya, ecossistema&nbsp;<\/p>\n\n\n\n<p>de educa\u00e7\u00e3o<\/p>\n\n\n\n<p>&nbsp;e tecnologia em medicina no Brasil que est\u00e1 presente em Salvador, Vit\u00f3ria da Conquista, Itabuna e Guanambi. Os resultados regionais foram obtidos com exclusividade pelo CORREIO.<\/p>\n\n\n\n<p id=\"paragrafo-d3rr4kdn5g\">No Brasil, o estudo mostrou que o percentual \u00e9 ainda maior: 45% dos m\u00e9dicos tiveram algum diagn\u00f3stico de transtorno mental. No entanto, os pesquisadores acreditam que isso n\u00e3o quer dizer que os profissionais do Nordeste sejam menos afetados. Uma das hip\u00f3teses, segundo o diretor do Research Center da Afya, Eduardo Moura, \u00e9 de que os m\u00e9dicos aqui procurem menos atendimento &#8211; e, portanto, n\u00e3o t\u00eam diagn\u00f3sticos conhecidos ou confirmados.<\/p>\n\n\n\n<p id=\"paragrafo-0j7jsmeyp3\">\u201cQuando a gente analisa tamb\u00e9m os m\u00e9dicos que procuram atendimento, a gente v\u00ea que \u00e9 menor no Nordeste. Por isso, diria que talvez esteja tendo uma procura menor na regi\u00e3o\u201d, diz ele, que \u00e9 m\u00e9dico e doutorando na Escola Brasileira de Administra\u00e7\u00e3o P\u00fablica e de Empresas.<\/p>\n\n\n\n<p id=\"paragrafo-p9mknjqp1k\">Na amostra nacional, 22,3% dos m\u00e9dicos t\u00eam diagn\u00f3stico de depress\u00e3o, por exemplo, e fazem tratamento com especialista. Entre os nordestinos, s\u00e3o apenas 15% com acompanhamento ativo. Na regi\u00e3o, 42% dos profissionais dizem nunca ter tido sintoma de depress\u00e3o. Situa\u00e7\u00f5es parecidas ocorrem com transtorno de ansiedade e o burnout (que, ainda que n\u00e3o seja uma doen\u00e7a, \u00e9 um quadro de adoecimento pela rotina no trabalho). No Nordeste, 48% afirmaram nunca ter apresentado sintomas de burnout.<\/p>\n\n\n\n<p id=\"paragrafo-xeqr26ri5i\">Outra raz\u00e3o para a hip\u00f3tese dos pesquisadores \u00e9 com rela\u00e7\u00e3o \u00e0 qualidade de vida. No Brasil, 36% est\u00e3o muito satisfeitos com sua sa\u00fade, enquanto no Nordeste isso cai um pouco. Eles relatam a pior qualidade de vida. Por isso, refor\u00e7a a hip\u00f3tese de que est\u00e3o buscando menos ajuda ou podem ter uma resist\u00eancia maior. \u201c\u00c9 um fator alarmante que mostra que precisa mudar a cultura instaurada na Medicina de que tem que trabalhar o tempo inteiro\u201d, pondera.<\/p>\n\n\n\n<p id=\"paragrafo-ikiz2vky1x\">O&nbsp;<\/p>\n\n\n\n<p>Conselho<\/p>\n\n\n\n<p>&nbsp;Regional de Medicina da Bahia (Cremeb) informou que n\u00e3o tem dados precisos sobre o acometimento das doen\u00e7as mentais entre os m\u00e9dicos, mas admitiu que os casos t\u00eam surgido. Segundo a entidade, tanto o Cremeb juntamente com o Conselho Federal de Medicina (CFM) t\u00eam promovido encontros para debater temas e assuntos relativos \u00e0 sa\u00fade mental da categoria.<\/p>\n\n\n\n<p id=\"paragrafo-p623i6tizp\">\u201cUma das quest\u00f5es mais prementes s\u00e3o as m\u00e1s condi\u00e7\u00f5es de trabalho a que os m\u00e9dicos est\u00e3o submetidos. O excesso de carga laboral \u00e9 um dos pontos a ser considerado no aparecimento das doen\u00e7as mentais&#8221;, diz o presidente da entidade, Ot\u00e1vio Marambaia.<\/p>\n\n\n\n<p id=\"paragrafo-0gflsu4qso\"><strong>Condi\u00e7\u00f5es<\/strong><\/p>\n\n\n\n<p id=\"paragrafo-1wnejqxhm8\">De fato, o estudo da Afya identificou que a rotina de trabalho tem os principais estressores, al\u00e9m de uma contribui\u00e7\u00e3o recorrente para o adoecimento. Os relatos s\u00e3o de longas jornadas de trabalho, falta de recursos e remunera\u00e7\u00e3o insuficiente. Segundo Eduardo Moura, isso vem desde a pandemia da covid-19.<\/p>\n\n\n\n<p id=\"paragrafo-tuf3nguxxq\">Mas o percentual agora, que \u00e9 13% maior do que a pesquisa mostrou no ano passado, no contexto nacional, retorna ao que foi registrado imediatamente no p\u00f3s-pandemia. \u201cA sa\u00fade mental \u00e9 a ponta do iceberg. \u00c9 o final de uma s\u00e9rie de problemas de sa\u00fade que n\u00e3o foram tratados, como n\u00e3o fazer atividade f\u00edsica, n\u00e3o ter um sono constante e uma rotina de trabalho saud\u00e1vel&#8221;, acrescenta Moura.<\/p>\n\n\n\n<p id=\"paragrafo-uydvr9vssp\">O presidente do Cremeb, Ot\u00e1vio Marambaia, destaca que, muitas vezes, isso se soma \u00e0 resili\u00eancia dos profissionais, que tentam resolver os problemas dos pacientes superando eventuais dificuldades encontradas. No entanto, a recomenda\u00e7\u00e3o de Marambaia \u00e9 que as m\u00e1s condi\u00e7\u00f5es de trabalho devem ser denunciadas aos gestores e \u00e0 entidade m\u00e9dica.<\/p>\n\n\n\n<p id=\"paragrafo-8zv0js839d\">\u201cNa Bahia, n\u00f3s estamos promovendo, j\u00e1 h\u00e1 alguns anos, incentivo para que os m\u00e9dicos informem ao Conselho essas dificuldades nos seus locais de trabalho. Essas dificuldades transcendem \u00e0s condi\u00e7\u00f5es f\u00edsicas e atingem as quest\u00f5es de inseguran\u00e7a jur\u00eddica nos contratos de trabalho, atrasos de sal\u00e1rios e at\u00e9 mesmo calote. Ou seja: o m\u00e9dico trabalha muito, se estressa e, junto a isso, pode n\u00e3o receber sua remunera\u00e7\u00e3o&#8221;, alerta.<\/p>\n\n\n\n<p id=\"paragrafo-u67psftdno\"><strong>Grupos<\/strong><\/p>\n\n\n\n<p id=\"paragrafo-omdmlaeq0y\">A pesquisa identificou, ainda, que alguns grupos registraram maior incid\u00eancia de doen\u00e7as mentais: mulheres e jovens. Mulheres, por exemplo, s\u00e3o mais frequentes em todas as etapas da doen\u00e7a. Elas s\u00e3o maioria entre as que t\u00eam um diagn\u00f3stico e fazem tratamento (25,1%, contra 18,2% dos homens).<\/p>\n\n\n\n<p id=\"paragrafo-luaqs9m04g\">Na avalia\u00e7\u00e3o de Eduardo Moura, da Afya, historicamente, mulheres buscam mais ajuda e mais acesso \u00e0 sa\u00fade. No meio m\u00e9dico, isso n\u00e3o seria diferente. Entre os homens, muitos recorrem a um profissional e a um tratamento de forma tardia, quando o quadro j\u00e1 \u00e9 mais grave. \u201cOutro ponto \u00e9 a quest\u00e3o da dupla jornada das mulheres, que \u00e9 bem discutida. Muitas dessas mulheres t\u00eam que ter rotina como m\u00e9dicas e m\u00e3es de fam\u00edlia\u201d.<\/p>\n\n\n\n<p id=\"paragrafo-szgiu1cquv\">De acordo com o presidente do Cremeb, a realidade das m\u00e9dicas t\u00eam preocupado a entidade. Para ele, a dupla jornada tamb\u00e9m tem um peso na sa\u00fade mental. \u201cH\u00e1 tamb\u00e9m a crescente onda de viol\u00eancia nos locais de trabalho, impactando no seu desempenho&#8221;, diz.<\/p>\n\n\n\n<p id=\"paragrafo-sv1q28ceoo\">Pensando nesse e outros temas, o conselho promove o 1\u00ba F\u00f3rum Cremeb Mulher na pr\u00f3xima sexta-feira (3). Segundo Marambaia, o evento deve incluir quest\u00f5es sobre o protagonismo feminino na Medicina, uma vez que as mulheres j\u00e1 s\u00e3o mais da metade dos m\u00e9dicos.<\/p>\n\n\n\n<p id=\"paragrafo-l422iv5r8p\">J\u00e1 os m\u00e9dicos mais jovens podem ser afetados pelo pr\u00f3prio mercado. \u201cEles pegam os pontos de trabalho menos desejados ou mais vulner\u00e1veis do ponto de vista de remunera\u00e7\u00e3o, com menos disponibilidade de trabalho. Ele \u00e9 o menos favorecido na cadeia de trabalho\u201d, pontua Eduardo Moura, da Afya. Al\u00e9m disso, os jovens s\u00e3o mais abertos a buscar ajuda.<\/p>\n\n\n\n<p id=\"paragrafo-6rin4uuzhf\">O presidente do Cremeb, por sua vez, pontua que h\u00e1 consequ\u00eancias tamb\u00e9m de uma m\u00e1 forma\u00e7\u00e3o ou forma\u00e7\u00e3o inadequada, que coloca jovens profissionais despreparados diante de excesso de trabalho e m\u00e1s condi\u00e7\u00f5es de atua\u00e7\u00e3o. \u201cIsso impacta, sem d\u00favida nenhuma, no aparecimento de consequ\u00eancias danosas \u00e0 sa\u00fade mental com a manifesta\u00e7\u00e3o de sintomas do burnout, depress\u00e3o e outras doen\u00e7as relativas \u00e0 sa\u00fade mental\u201d, conclui Ot\u00e1vio Marambaia.&nbsp;<\/p>\n\n\n\n<p><\/p>\n\n\n\n<p class=\"bs-intro\">FONTE: correio24horas<\/p>\n\n\n\n<ul class=\"wp-block-social-links has-icon-color is-style-logos-only is-vertical is-layout-flex wp-container-core-social-links-is-layout-8cf370e7 wp-block-social-links-is-layout-flex\"><li style=\"color:#0693e3;\" class=\"wp-social-link wp-social-link-whatsapp has-vivid-cyan-blue-color wp-block-social-link\"><a href=\"https:\/\/wa.me\/\/75991238048\" class=\"wp-block-social-link-anchor\"><svg width=\"24\" height=\"24\" viewBox=\"0 0 24 24\" version=\"1.1\" xmlns=\"http:\/\/www.w3.org\/2000\/svg\" aria-hidden=\"true\" focusable=\"false\"><path d=\"M 12.011719 2 C 6.5057187 2 2.0234844 6.478375 2.0214844 11.984375 C 2.0204844 13.744375 2.4814687 15.462563 3.3554688 16.976562 L 2 22 L 7.2324219 20.763672 C 8.6914219 21.559672 10.333859 21.977516 12.005859 21.978516 L 12.009766 21.978516 C 17.514766 21.978516 21.995047 17.499141 21.998047 11.994141 C 22.000047 9.3251406 20.962172 6.8157344 19.076172 4.9277344 C 17.190172 3.0407344 14.683719 2.001 12.011719 2 z M 12.009766 4 C 14.145766 4.001 16.153109 4.8337969 17.662109 6.3417969 C 19.171109 7.8517969 20.000047 9.8581875 19.998047 11.992188 C 19.996047 16.396187 16.413812 19.978516 12.007812 19.978516 C 10.674812 19.977516 9.3544062 19.642812 8.1914062 19.007812 L 7.5175781 18.640625 L 6.7734375 18.816406 L 4.8046875 19.28125 L 5.2851562 17.496094 L 5.5019531 16.695312 L 5.0878906 15.976562 C 4.3898906 14.768562 4.0204844 13.387375 4.0214844 11.984375 C 4.0234844 7.582375 7.6067656 4 12.009766 4 z M 8.4765625 7.375 C 8.3095625 7.375 8.0395469 7.4375 7.8105469 7.6875 C 7.5815469 7.9365 6.9355469 8.5395781 6.9355469 9.7675781 C 6.9355469 10.995578 7.8300781 12.182609 7.9550781 12.349609 C 8.0790781 12.515609 9.68175 15.115234 12.21875 16.115234 C 14.32675 16.946234 14.754891 16.782234 15.212891 16.740234 C 15.670891 16.699234 16.690438 16.137687 16.898438 15.554688 C 17.106437 14.971687 17.106922 14.470187 17.044922 14.367188 C 16.982922 14.263188 16.816406 14.201172 16.566406 14.076172 C 16.317406 13.951172 15.090328 13.348625 14.861328 13.265625 C 14.632328 13.182625 14.464828 13.140625 14.298828 13.390625 C 14.132828 13.640625 13.655766 14.201187 13.509766 14.367188 C 13.363766 14.534188 13.21875 14.556641 12.96875 14.431641 C 12.71875 14.305641 11.914938 14.041406 10.960938 13.191406 C 10.218937 12.530406 9.7182656 11.714844 9.5722656 11.464844 C 9.4272656 11.215844 9.5585938 11.079078 9.6835938 10.955078 C 9.7955938 10.843078 9.9316406 10.663578 10.056641 10.517578 C 10.180641 10.371578 10.223641 10.267562 10.306641 10.101562 C 10.389641 9.9355625 10.347156 9.7890625 10.285156 9.6640625 C 10.223156 9.5390625 9.737625 8.3065 9.515625 7.8125 C 9.328625 7.3975 9.131125 7.3878594 8.953125 7.3808594 C 8.808125 7.3748594 8.6425625 7.375 8.4765625 7.375 z\"><\/path><\/svg><span class=\"wp-block-social-link-label screen-reader-text\">WhatsApp<\/span><\/a><\/li>\n\n<li style=\"color:#0693e3;\" class=\"wp-social-link wp-social-link-instagram has-vivid-cyan-blue-color wp-block-social-link\"><a href=\"https:\/\/www.instagram.com\/radiosisal97.3\/profilecard\/?igsh=MWo1azd5aXNvN2hmcQ==\" class=\"wp-block-social-link-anchor\"><svg width=\"24\" height=\"24\" viewBox=\"0 0 24 24\" version=\"1.1\" xmlns=\"http:\/\/www.w3.org\/2000\/svg\" aria-hidden=\"true\" focusable=\"false\"><path d=\"M12,4.622c2.403,0,2.688,0.009,3.637,0.052c0.877,0.04,1.354,0.187,1.671,0.31c0.42,0.163,0.72,0.358,1.035,0.673 c0.315,0.315,0.51,0.615,0.673,1.035c0.123,0.317,0.27,0.794,0.31,1.671c0.043,0.949,0.052,1.234,0.052,3.637 s-0.009,2.688-0.052,3.637c-0.04,0.877-0.187,1.354-0.31,1.671c-0.163,0.42-0.358,0.72-0.673,1.035 c-0.315,0.315-0.615,0.51-1.035,0.673c-0.317,0.123-0.794,0.27-1.671,0.31c-0.949,0.043-1.233,0.052-3.637,0.052 s-2.688-0.009-3.637-0.052c-0.877-0.04-1.354-0.187-1.671-0.31c-0.42-0.163-0.72-0.358-1.035-0.673 c-0.315-0.315-0.51-0.615-0.673-1.035c-0.123-0.317-0.27-0.794-0.31-1.671C4.631,14.688,4.622,14.403,4.622,12 s0.009-2.688,0.052-3.637c0.04-0.877,0.187-1.354,0.31-1.671c0.163-0.42,0.358-0.72,0.673-1.035 c0.315-0.315,0.615-0.51,1.035-0.673c0.317-0.123,0.794-0.27,1.671-0.31C9.312,4.631,9.597,4.622,12,4.622 M12,3 C9.556,3,9.249,3.01,8.289,3.054C7.331,3.098,6.677,3.25,6.105,3.472C5.513,3.702,5.011,4.01,4.511,4.511 c-0.5,0.5-0.808,1.002-1.038,1.594C3.25,6.677,3.098,7.331,3.054,8.289C3.01,9.249,3,9.556,3,12c0,2.444,0.01,2.751,0.054,3.711 c0.044,0.958,0.196,1.612,0.418,2.185c0.23,0.592,0.538,1.094,1.038,1.594c0.5,0.5,1.002,0.808,1.594,1.038 c0.572,0.222,1.227,0.375,2.185,0.418C9.249,20.99,9.556,21,12,21s2.751-0.01,3.711-0.054c0.958-0.044,1.612-0.196,2.185-0.418 c0.592-0.23,1.094-0.538,1.594-1.038c0.5-0.5,0.808-1.002,1.038-1.594c0.222-0.572,0.375-1.227,0.418-2.185 C20.99,14.751,21,14.444,21,12s-0.01-2.751-0.054-3.711c-0.044-0.958-0.196-1.612-0.418-2.185c-0.23-0.592-0.538-1.094-1.038-1.594 c-0.5-0.5-1.002-0.808-1.594-1.038c-0.572-0.222-1.227-0.375-2.185-0.418C14.751,3.01,14.444,3,12,3L12,3z M12,7.378 c-2.552,0-4.622,2.069-4.622,4.622S9.448,16.622,12,16.622s4.622-2.069,4.622-4.622S14.552,7.378,12,7.378z M12,15 c-1.657,0-3-1.343-3-3s1.343-3,3-3s3,1.343,3,3S13.657,15,12,15z M16.804,6.116c-0.596,0-1.08,0.484-1.08,1.08 s0.484,1.08,1.08,1.08c0.596,0,1.08-0.484,1.08-1.08S17.401,6.116,16.804,6.116z\"><\/path><\/svg><span class=\"wp-block-social-link-label screen-reader-text\">Instagram<\/span><\/a><\/li>\n\n<li style=\"color:#0693e3;\" class=\"wp-social-link wp-social-link-facebook has-vivid-cyan-blue-color wp-block-social-link\"><a href=\"https:\/\/www.facebook.com\/share\/1A7WveK9ft\/?mibextid=wwXIfr\" class=\"wp-block-social-link-anchor\"><svg width=\"24\" height=\"24\" viewBox=\"0 0 24 24\" version=\"1.1\" xmlns=\"http:\/\/www.w3.org\/2000\/svg\" aria-hidden=\"true\" focusable=\"false\"><path d=\"M12 2C6.5 2 2 6.5 2 12c0 5 3.7 9.1 8.4 9.9v-7H7.9V12h2.5V9.8c0-2.5 1.5-3.9 3.8-3.9 1.1 0 2.2.2 2.2.2v2.5h-1.3c-1.2 0-1.6.8-1.6 1.6V12h2.8l-.4 2.9h-2.3v7C18.3 21.1 22 17 22 12c0-5.5-4.5-10-10-10z\"><\/path><\/svg><span class=\"wp-block-social-link-label screen-reader-text\">Facebook<\/span><\/a><\/li><\/ul>\n","protected":false},"excerpt":{"rendered":"<p>Levantamento da Afya mostrou que h\u00e1 mais incid\u00eancia entre profissionais jovens e mulheres Longas jornadas de trabalho, rotina estressante, car\u00eancia de insumos b\u00e1sicos e falta de tempo para estar com a fam\u00edlia ou praticar atividade f\u00edsica. Esses s\u00e3o s\u00f3 alguns dos aspectos de um cen\u00e1rio que preocupa profissionais de sa\u00fade justamente por envolver a pr\u00f3pria [&hellip;]<\/p>\n","protected":false},"author":2,"featured_media":9741,"comment_status":"open","ping_status":"open","sticky":false,"template":"","format":"standard","meta":{"footnotes":""},"categories":[1],"tags":[],"class_list":["post-9740","post","type-post","status-publish","format-standard","has-post-thumbnail","hentry","category-geral"],"jetpack_sharing_enabled":true,"jetpack_featured_media_url":"https:\/\/i0.wp.com\/radiosisal.com\/br\/wp-content\/uploads\/2025\/09\/39-dos-medicos-no-nordeste-sofrem-com-algum-quadro-de-doenca-mental-2934203-article.webp?fit=1200%2C800&ssl=1","_links":{"self":[{"href":"https:\/\/radiosisal.com\/br\/wp-json\/wp\/v2\/posts\/9740","targetHints":{"allow":["GET"]}}],"collection":[{"href":"https:\/\/radiosisal.com\/br\/wp-json\/wp\/v2\/posts"}],"about":[{"href":"https:\/\/radiosisal.com\/br\/wp-json\/wp\/v2\/types\/post"}],"author":[{"embeddable":true,"href":"https:\/\/radiosisal.com\/br\/wp-json\/wp\/v2\/users\/2"}],"replies":[{"embeddable":true,"href":"https:\/\/radiosisal.com\/br\/wp-json\/wp\/v2\/comments?post=9740"}],"version-history":[{"count":1,"href":"https:\/\/radiosisal.com\/br\/wp-json\/wp\/v2\/posts\/9740\/revisions"}],"predecessor-version":[{"id":9742,"href":"https:\/\/radiosisal.com\/br\/wp-json\/wp\/v2\/posts\/9740\/revisions\/9742"}],"wp:featuredmedia":[{"embeddable":true,"href":"https:\/\/radiosisal.com\/br\/wp-json\/wp\/v2\/media\/9741"}],"wp:attachment":[{"href":"https:\/\/radiosisal.com\/br\/wp-json\/wp\/v2\/media?parent=9740"}],"wp:term":[{"taxonomy":"category","embeddable":true,"href":"https:\/\/radiosisal.com\/br\/wp-json\/wp\/v2\/categories?post=9740"},{"taxonomy":"post_tag","embeddable":true,"href":"https:\/\/radiosisal.com\/br\/wp-json\/wp\/v2\/tags?post=9740"}],"curies":[{"name":"wp","href":"https:\/\/api.w.org\/{rel}","templated":true}]}}