{"id":9808,"date":"2025-10-02T10:21:07","date_gmt":"2025-10-02T10:21:07","guid":{"rendered":"https:\/\/radiosisal.com\/br\/?p=9808"},"modified":"2025-10-02T10:21:09","modified_gmt":"2025-10-02T10:21:09","slug":"camara-aprova-isencao-do-ir-para-quem-ganha-ate-r-5-mil","status":"publish","type":"post","link":"https:\/\/radiosisal.com\/br\/2025\/10\/02\/camara-aprova-isencao-do-ir-para-quem-ganha-ate-r-5-mil\/","title":{"rendered":"C\u00c2MARA APROVA ISEN\u00c7\u00c3O DO IR PARA QUEM GANHA AT\u00c9 R$ 5 MIL"},"content":{"rendered":"\n<p><\/p>\n\n\n\n<p>Proposta precisa agora ser votada no Senado.<\/p>\n\n\n\n<p><strong>A C\u00e2mara dos Deputados aprovou nesta quarta-feira (1\u00ba), com 493 votos favor\u00e1veis e nenhum contr\u00e1rio,&nbsp;o texto-base do projeto de Lei (PL) 1.087\/2025, que prev\u00ea isen\u00e7\u00e3o de Imposto de Renda (IR) para pessoas f\u00edsicas com renda mensal de at\u00e9 R$ 5 mil&nbsp;<\/strong>e desconto para quem ganha at\u00e9 R$ 7.350 mensais.&nbsp;<img decoding=\"async\" src=\"https:\/\/i0.wp.com\/agenciabrasil.ebc.com.br\/ebc.png?w=1170&#038;ssl=1\" data-recalc-dims=\"1\"><img decoding=\"async\" src=\"https:\/\/i0.wp.com\/agenciabrasil.ebc.com.br\/ebc.gif?w=1170&#038;ssl=1\" data-recalc-dims=\"1\"><\/p>\n\n\n\n<p>A proposta, encaminhada pelo governo federal, ainda&nbsp;<strong>ter\u00e1 que ser aprovada&nbsp;no Senado, antes da san\u00e7\u00e3o&nbsp;pelo presidente Luiz In\u00e1cio Lula da Silva para entrar em vigor<\/strong>.<\/p>\n\n\n\n<p>A redu\u00e7\u00e3o do IR foi uma promessa de campanha de Lula em 2022. Enviado para a C\u00e2mara em mar\u00e7o, o texto foi aprovado em uma comiss\u00e3o especial que analisou o texto.<\/p>\n\n\n\n<p><strong>Atualmente, s\u00e3o isentos do imposto quem ganha&nbsp;at\u00e9 R$ 3.036<\/strong>. O projeto determina que,&nbsp;<strong>em 2026, as pessoas que ganham at\u00e9 R$ 5 mil, ter\u00e3o um desconto mensal de at\u00e9 R$ 312,89, de modo que o imposto devido seja zero.<\/strong>&nbsp;J\u00e1 quem ganha de R$ 5.000,01 at\u00e9 R$ 7.350,00, o desconto ser\u00e1 de R$ 978,62.<\/p>\n\n\n\n<p>Segundo o governo, com a aprova\u00e7\u00e3o da proposta,<strong>&nbsp;ser\u00e3o beneficiados com a isen\u00e7\u00e3o mais de 26,6 milh\u00f5es de contribuintes<\/strong>, em 2026.<\/p>\n\n\n\n<p>Ap\u00f3s a aprova\u00e7\u00e3o un\u00e2nime, o presidente da C\u00e2mara, Hugo Motta (Republicanos-PB), destacou que a aprova\u00e7\u00e3o \u00e9 um dia hist\u00f3rico para o pa\u00eds e para o Parlamento.<\/p>\n\n\n\n<p>&#8220;Aqui demonstramos que quando o tema \u00e9 o bem-estar&nbsp;das fam\u00edlias brasileiras, n\u00e3o h\u00e1 lados, nem divis\u00f5es. \u00c9 interesse do pa\u00eds acima de&nbsp;qualquer diferen\u00e7a&#8221;, disse. &#8220;A C\u00e2mara dos Deputados&nbsp;sabe&nbsp;ouvir, decidir e estar ao lado do Brasil&#8221;, acrescentou.<\/p>\n\n\n\n<h2 class=\"wp-block-heading\">Compensa\u00e7\u00e3o<\/h2>\n\n\n\n<p>Para compensar a isen\u00e7\u00e3o, cujo custo est\u00e1 estimado ser\u00e1 de&nbsp;R$ 25,8 bilh\u00f5es aos cofres p\u00fablicos, o projeto prev\u00ea a tributa\u00e7\u00e3o das pessoas com rendimentos acima de R$ 600 mil por ano, com uma al\u00edquota progressiva de at\u00e9 10%.<\/p>\n\n\n\n<p>A al\u00edquota m\u00e1xima incidir\u00e1 para quem recebe anualmente a partir de R$ 1,2 milh\u00e3o. Al\u00e9m disso, ela n\u00e3o ser\u00e1 aplicada para quem j\u00e1 paga a al\u00edquota m\u00e1ximo do IR, que \u00e9 de 27,5%.<\/p>\n\n\n\n<p>Segundo o Minist\u00e9rio da Fazenda, a medida atingir\u00e1 cerca de 140 mil pessoas, 0,13% dos contribuintes, que hoje pagam, em m\u00e9dia, apenas 2,54% de Imposto de Renda.<\/p>\n\n\n\n<p>O relator do projeto, deputado Arthur Lira (PP-AL), estima que haver\u00e1 uma sobra de R$ 12,7 bilh\u00f5es at\u00e9 2027 com a taxa\u00e7\u00e3o. Em seu parecer, Lira destinou esses recursos para compensar a redu\u00e7\u00e3o da al\u00edquota da Contribui\u00e7\u00e3o sobre Bens e Servi\u00e7os (CBS), institu\u00edda pela Reforma Tribut\u00e1ria.<\/p>\n\n\n\n<p>\u201c\u00c9 importante ressaltar que esse projeto vai atender diretamente a 15,5 milh\u00f5es de&nbsp;pessoas no pa\u00eds. Esse projeto \u00e9 fruto de uma base de c\u00e1lculo de quase R$ 227 bilh\u00f5es, que \u00e9 apurado no imposto de renda no Brasil. E estamos discutindo uma ren\u00fancia de receita, no primeiro ano de, R$ 25,4 bilh\u00f5es, portanto 10% do valor total do imposto de renda pago por todos os brasileiros\u201d, disse.<\/p>\n\n\n\n<h2 class=\"wp-block-heading\">Justi\u00e7a tribut\u00e1ria<\/h2>\n\n\n\n<p>O deputado Carlos Zarattini (PT-SP) disse que com o projeto, o pa\u00eds come\u00e7a a fazer justi\u00e7a tribut\u00e1ria.<\/p>\n\n\n\n<p>\u201cNosso pa\u00eds \u00e9 um pa\u00eds da desigualdade, \u00e9 um pa\u00eds onde uma \u00ednfima minoria det\u00e9m a maior parte da riqueza enquanto a maioria do povo brasileiro vive em dif\u00edceis condi\u00e7\u00f5es. A justi\u00e7a tribut\u00e1ria precisa ser feita e esse projeto que mira na justi\u00e7a tribut\u00e1ria. Uma justi\u00e7a que pode reduzir as desigualdades, que pode fazer com que as pessoas de menor renda e a classe m\u00e9dia brasileira possam ter uma capacidade de consumo melhor, uma capacidade de viver melhor a sua vida\u201d, afirmou.<\/p>\n\n\n\n<p>A deputada Fernanda Melchiona (PSOL-RS) lembrou que a iniciativa foi pautada ap\u00f3s as manifesta\u00e7\u00f5es de setembro contra a proposta de Emenda \u00e0 Constitui\u00e7\u00e3o (PEC) das prerrogativas, a chamada PEC da Blindagem e o projeto de anistia aos presos pelos atos golpistas de 8 de janeiro de 2023.<\/p>\n\n\n\n<p>\u201cEsse projeto \u00e9 muito importante, milh\u00f5es de brasileiros ser\u00e3o impactados com a redu\u00e7\u00e3o imediata do imposto de renda e com a redu\u00e7\u00e3o para quem ganha entre R$ 5 mil&nbsp;e R$ 7 mil e, ao mesmo tempo, um imposto m\u00ednimo que vai ser cobrado dos super-ricos\u201d, completou.<\/p>\n\n\n\n<h2 class=\"wp-block-heading\">Cr\u00edticas<\/h2>\n\n\n\n<p>A iniciativa foi objeto de cr\u00edticas de alguns parlamentares. O deputado Gilson Marques (Novo-SC) disse que os recursos n\u00e3o ir\u00e3o para os mais pobres e criticou a tributa\u00e7\u00e3o de lucros e dividendos.&nbsp;<\/p>\n\n\n\n<p>\u201cVamos cobrar dos mais ricos, s\u00e3o s\u00f3 140 mil pessoas para dar para os mais pobres. Isso \u00e9 mentira! Esse dinheiro n\u00e3o vai para os mais pobres, vai para os pol\u00edticos. E \u00e9 melhor que esse dinheiro ficasse ainda que com os mais ricos, porque s\u00e3o eles que empregam, compram as m\u00e1quinas, fazem os produtos\u201d, argumentou.<\/p>\n\n\n\n<p>O texto determina que&nbsp;o emprego ou a entrega de lucros e dividendos por uma mesma pessoa jur\u00eddica a uma mesma pessoa f\u00edsica residente no Brasil em montante superior a R$ 50 mil mensal&nbsp;ficar\u00e1 sujeito \u00e0 reten\u00e7\u00e3o na fonte do IRPF&nbsp;\u00e0 al\u00edquota de 10% sobre o total do valor pago, creditado, empregado ou entregue.<\/p>\n\n\n\n<p>N\u00e3o ficar\u00e3o sujeitos \u00e0 incid\u00eancia do imposto sobre a renda na fonte,&nbsp;os lucros e dividendos relativos a resultados apurados at\u00e9 o ano-calend\u00e1rio de 2025, e cuja distribui\u00e7\u00e3o tenha sido aprovada at\u00e9 31 de dezembro de 2025.<\/p>\n\n\n\n<p>Mais cedo, o deputado Bibo Nunes (PL-RS) classificou a medida como &#8220;populista&#8221;, apesar de concordar que seja necess\u00e1ria. &#8220;\u00c9 s\u00f3 jogada pol\u00edtica, clientelismo, por que Lula n\u00e3o apresentou isso no primeiro ano [de governo]?\u201d, questionou.<\/p>\n\n\n\n<p>Para o deputado Luiz Carlos Hauly (Pode-PR), a proposta \u00e9 uma medida eleitoral, mas sem reparo estrutural. \u201cIsso resolveu o problema do imposto dos pobres? N\u00e3o. O pobre continua pagando a mais alta carga tribut\u00e1ria do mundo. Isso \u00e9 engana\u00e7\u00e3o. N\u00e3o tem nada a ver com a reestrutura\u00e7\u00e3o do sistema de carga tribut\u00e1ria sobre os pobres\u201d, disse.<\/p>\n\n\n\n<p><\/p>\n\n\n\n<p class=\"bs-intro\">FONTE: Ag\u00eancia Brasil<\/p>\n\n\n\n<ul class=\"wp-block-social-links has-icon-color is-style-logos-only is-vertical is-layout-flex wp-container-core-social-links-is-layout-8cf370e7 wp-block-social-links-is-layout-flex\"><li style=\"color:#0693e3;\" class=\"wp-social-link wp-social-link-whatsapp has-vivid-cyan-blue-color wp-block-social-link\"><a href=\"https:\/\/wa.me\/\/75991238048\" class=\"wp-block-social-link-anchor\"><svg width=\"24\" height=\"24\" viewBox=\"0 0 24 24\" version=\"1.1\" xmlns=\"http:\/\/www.w3.org\/2000\/svg\" aria-hidden=\"true\" focusable=\"false\"><path d=\"M 12.011719 2 C 6.5057187 2 2.0234844 6.478375 2.0214844 11.984375 C 2.0204844 13.744375 2.4814687 15.462563 3.3554688 16.976562 L 2 22 L 7.2324219 20.763672 C 8.6914219 21.559672 10.333859 21.977516 12.005859 21.978516 L 12.009766 21.978516 C 17.514766 21.978516 21.995047 17.499141 21.998047 11.994141 C 22.000047 9.3251406 20.962172 6.8157344 19.076172 4.9277344 C 17.190172 3.0407344 14.683719 2.001 12.011719 2 z M 12.009766 4 C 14.145766 4.001 16.153109 4.8337969 17.662109 6.3417969 C 19.171109 7.8517969 20.000047 9.8581875 19.998047 11.992188 C 19.996047 16.396187 16.413812 19.978516 12.007812 19.978516 C 10.674812 19.977516 9.3544062 19.642812 8.1914062 19.007812 L 7.5175781 18.640625 L 6.7734375 18.816406 L 4.8046875 19.28125 L 5.2851562 17.496094 L 5.5019531 16.695312 L 5.0878906 15.976562 C 4.3898906 14.768562 4.0204844 13.387375 4.0214844 11.984375 C 4.0234844 7.582375 7.6067656 4 12.009766 4 z M 8.4765625 7.375 C 8.3095625 7.375 8.0395469 7.4375 7.8105469 7.6875 C 7.5815469 7.9365 6.9355469 8.5395781 6.9355469 9.7675781 C 6.9355469 10.995578 7.8300781 12.182609 7.9550781 12.349609 C 8.0790781 12.515609 9.68175 15.115234 12.21875 16.115234 C 14.32675 16.946234 14.754891 16.782234 15.212891 16.740234 C 15.670891 16.699234 16.690438 16.137687 16.898438 15.554688 C 17.106437 14.971687 17.106922 14.470187 17.044922 14.367188 C 16.982922 14.263188 16.816406 14.201172 16.566406 14.076172 C 16.317406 13.951172 15.090328 13.348625 14.861328 13.265625 C 14.632328 13.182625 14.464828 13.140625 14.298828 13.390625 C 14.132828 13.640625 13.655766 14.201187 13.509766 14.367188 C 13.363766 14.534188 13.21875 14.556641 12.96875 14.431641 C 12.71875 14.305641 11.914938 14.041406 10.960938 13.191406 C 10.218937 12.530406 9.7182656 11.714844 9.5722656 11.464844 C 9.4272656 11.215844 9.5585938 11.079078 9.6835938 10.955078 C 9.7955938 10.843078 9.9316406 10.663578 10.056641 10.517578 C 10.180641 10.371578 10.223641 10.267562 10.306641 10.101562 C 10.389641 9.9355625 10.347156 9.7890625 10.285156 9.6640625 C 10.223156 9.5390625 9.737625 8.3065 9.515625 7.8125 C 9.328625 7.3975 9.131125 7.3878594 8.953125 7.3808594 C 8.808125 7.3748594 8.6425625 7.375 8.4765625 7.375 z\"><\/path><\/svg><span class=\"wp-block-social-link-label screen-reader-text\">WhatsApp<\/span><\/a><\/li>\n\n<li style=\"color:#0693e3;\" class=\"wp-social-link wp-social-link-facebook has-vivid-cyan-blue-color wp-block-social-link\"><a href=\"https:\/\/www.facebook.com\/share\/1A7WveK9ft\/?mibextid=wwXIfr\" class=\"wp-block-social-link-anchor\"><svg width=\"24\" height=\"24\" viewBox=\"0 0 24 24\" version=\"1.1\" xmlns=\"http:\/\/www.w3.org\/2000\/svg\" aria-hidden=\"true\" focusable=\"false\"><path d=\"M12 2C6.5 2 2 6.5 2 12c0 5 3.7 9.1 8.4 9.9v-7H7.9V12h2.5V9.8c0-2.5 1.5-3.9 3.8-3.9 1.1 0 2.2.2 2.2.2v2.5h-1.3c-1.2 0-1.6.8-1.6 1.6V12h2.8l-.4 2.9h-2.3v7C18.3 21.1 22 17 22 12c0-5.5-4.5-10-10-10z\"><\/path><\/svg><span class=\"wp-block-social-link-label screen-reader-text\">Facebook<\/span><\/a><\/li>\n\n<li style=\"color:#0693e3;\" class=\"wp-social-link wp-social-link-instagram has-vivid-cyan-blue-color wp-block-social-link\"><a href=\"https:\/\/www.instagram.com\/radiosisal97.3\/profilecard\/?igsh=MWo1azd5aXNvN2hmcQ==\" class=\"wp-block-social-link-anchor\"><svg width=\"24\" height=\"24\" viewBox=\"0 0 24 24\" version=\"1.1\" xmlns=\"http:\/\/www.w3.org\/2000\/svg\" aria-hidden=\"true\" focusable=\"false\"><path d=\"M12,4.622c2.403,0,2.688,0.009,3.637,0.052c0.877,0.04,1.354,0.187,1.671,0.31c0.42,0.163,0.72,0.358,1.035,0.673 c0.315,0.315,0.51,0.615,0.673,1.035c0.123,0.317,0.27,0.794,0.31,1.671c0.043,0.949,0.052,1.234,0.052,3.637 s-0.009,2.688-0.052,3.637c-0.04,0.877-0.187,1.354-0.31,1.671c-0.163,0.42-0.358,0.72-0.673,1.035 c-0.315,0.315-0.615,0.51-1.035,0.673c-0.317,0.123-0.794,0.27-1.671,0.31c-0.949,0.043-1.233,0.052-3.637,0.052 s-2.688-0.009-3.637-0.052c-0.877-0.04-1.354-0.187-1.671-0.31c-0.42-0.163-0.72-0.358-1.035-0.673 c-0.315-0.315-0.51-0.615-0.673-1.035c-0.123-0.317-0.27-0.794-0.31-1.671C4.631,14.688,4.622,14.403,4.622,12 s0.009-2.688,0.052-3.637c0.04-0.877,0.187-1.354,0.31-1.671c0.163-0.42,0.358-0.72,0.673-1.035 c0.315-0.315,0.615-0.51,1.035-0.673c0.317-0.123,0.794-0.27,1.671-0.31C9.312,4.631,9.597,4.622,12,4.622 M12,3 C9.556,3,9.249,3.01,8.289,3.054C7.331,3.098,6.677,3.25,6.105,3.472C5.513,3.702,5.011,4.01,4.511,4.511 c-0.5,0.5-0.808,1.002-1.038,1.594C3.25,6.677,3.098,7.331,3.054,8.289C3.01,9.249,3,9.556,3,12c0,2.444,0.01,2.751,0.054,3.711 c0.044,0.958,0.196,1.612,0.418,2.185c0.23,0.592,0.538,1.094,1.038,1.594c0.5,0.5,1.002,0.808,1.594,1.038 c0.572,0.222,1.227,0.375,2.185,0.418C9.249,20.99,9.556,21,12,21s2.751-0.01,3.711-0.054c0.958-0.044,1.612-0.196,2.185-0.418 c0.592-0.23,1.094-0.538,1.594-1.038c0.5-0.5,0.808-1.002,1.038-1.594c0.222-0.572,0.375-1.227,0.418-2.185 C20.99,14.751,21,14.444,21,12s-0.01-2.751-0.054-3.711c-0.044-0.958-0.196-1.612-0.418-2.185c-0.23-0.592-0.538-1.094-1.038-1.594 c-0.5-0.5-1.002-0.808-1.594-1.038c-0.572-0.222-1.227-0.375-2.185-0.418C14.751,3.01,14.444,3,12,3L12,3z M12,7.378 c-2.552,0-4.622,2.069-4.622,4.622S9.448,16.622,12,16.622s4.622-2.069,4.622-4.622S14.552,7.378,12,7.378z M12,15 c-1.657,0-3-1.343-3-3s1.343-3,3-3s3,1.343,3,3S13.657,15,12,15z M16.804,6.116c-0.596,0-1.08,0.484-1.08,1.08 s0.484,1.08,1.08,1.08c0.596,0,1.08-0.484,1.08-1.08S17.401,6.116,16.804,6.116z\"><\/path><\/svg><span class=\"wp-block-social-link-label screen-reader-text\">Instagram<\/span><\/a><\/li><\/ul>\n","protected":false},"excerpt":{"rendered":"<p>Proposta precisa agora ser votada no Senado. A C\u00e2mara dos Deputados aprovou nesta quarta-feira (1\u00ba), com 493 votos favor\u00e1veis e nenhum contr\u00e1rio,&nbsp;o texto-base do projeto de Lei (PL) 1.087\/2025, que prev\u00ea isen\u00e7\u00e3o de Imposto de Renda (IR) para pessoas f\u00edsicas com renda mensal de at\u00e9 R$ 5 mil&nbsp;e desconto para quem ganha at\u00e9 R$ 7.350 [&hellip;]<\/p>\n","protected":false},"author":2,"featured_media":9809,"comment_status":"open","ping_status":"open","sticky":false,"template":"","format":"standard","meta":{"footnotes":""},"categories":[1],"tags":[],"class_list":["post-9808","post","type-post","status-publish","format-standard","has-post-thumbnail","hentry","category-geral"],"jetpack_sharing_enabled":true,"jetpack_featured_media_url":"https:\/\/i0.wp.com\/radiosisal.com\/br\/wp-content\/uploads\/2025\/10\/img_7073_0.jpg?fit=1170%2C700&ssl=1","_links":{"self":[{"href":"https:\/\/radiosisal.com\/br\/wp-json\/wp\/v2\/posts\/9808","targetHints":{"allow":["GET"]}}],"collection":[{"href":"https:\/\/radiosisal.com\/br\/wp-json\/wp\/v2\/posts"}],"about":[{"href":"https:\/\/radiosisal.com\/br\/wp-json\/wp\/v2\/types\/post"}],"author":[{"embeddable":true,"href":"https:\/\/radiosisal.com\/br\/wp-json\/wp\/v2\/users\/2"}],"replies":[{"embeddable":true,"href":"https:\/\/radiosisal.com\/br\/wp-json\/wp\/v2\/comments?post=9808"}],"version-history":[{"count":1,"href":"https:\/\/radiosisal.com\/br\/wp-json\/wp\/v2\/posts\/9808\/revisions"}],"predecessor-version":[{"id":9810,"href":"https:\/\/radiosisal.com\/br\/wp-json\/wp\/v2\/posts\/9808\/revisions\/9810"}],"wp:featuredmedia":[{"embeddable":true,"href":"https:\/\/radiosisal.com\/br\/wp-json\/wp\/v2\/media\/9809"}],"wp:attachment":[{"href":"https:\/\/radiosisal.com\/br\/wp-json\/wp\/v2\/media?parent=9808"}],"wp:term":[{"taxonomy":"category","embeddable":true,"href":"https:\/\/radiosisal.com\/br\/wp-json\/wp\/v2\/categories?post=9808"},{"taxonomy":"post_tag","embeddable":true,"href":"https:\/\/radiosisal.com\/br\/wp-json\/wp\/v2\/tags?post=9808"}],"curies":[{"name":"wp","href":"https:\/\/api.w.org\/{rel}","templated":true}]}}