{"id":9862,"date":"2025-10-06T10:27:30","date_gmt":"2025-10-06T10:27:30","guid":{"rendered":"https:\/\/radiosisal.com\/br\/?p=9862"},"modified":"2025-10-06T10:27:32","modified_gmt":"2025-10-06T10:27:32","slug":"cnu-2025-gabaritos-oficiais-saem-nesta-segunda-veja-proximos-passos","status":"publish","type":"post","link":"https:\/\/radiosisal.com\/br\/2025\/10\/06\/cnu-2025-gabaritos-oficiais-saem-nesta-segunda-veja-proximos-passos\/","title":{"rendered":"CNU 2025: GABARITOS OFICIAIS SAEM NESTA SEGUNDA; VEJA PR\u00d3XIMOS PASSOS"},"content":{"rendered":"\n<p>O documento \u00e9 chamado de preliminar porque os candidatos ainda podem entrar com recursos, por exemplo, se considerarem que alguma quest\u00e3o teve resposta incorreta.<\/p>\n\n\n\n<p>Os gabaritos preliminares oficiais das provas objetivas da segunda edi\u00e7\u00e3o do Concurso Nacional Unificado (CNU) devem ser divulgados nesta segunda-feira (6).<\/p>\n\n\n\n<p>Para acessar, \u00e9 necess\u00e1rio fazer login em&nbsp;<a class=\"\" href=\"https:\/\/conhecimento.fgv.br\/cpnu2\" target=\"_blank\" rel=\"noreferrer noopener\">https:\/\/conhecimento.fgv.br\/cpnu2<\/a>&nbsp;com os dados da conta&nbsp;<strong>gov.br<\/strong>&nbsp;e clicar na&nbsp;<strong>\u00c1rea do Candidato<\/strong>.<\/p>\n\n\n\n<p>O gabarito \u00e9 chamado de preliminar&nbsp;<strong>porque os candidatos ainda podem entrar com recursos<\/strong>, por exemplo, se considerarem que alguma quest\u00e3o teve resposta incorreta. Os pedidos de recurso podem ser feitos at\u00e9 quarta-feira (8).<\/p>\n\n\n\n<p>Ap\u00f3s a an\u00e1lise dos recursos apresentados contra o gabarito preliminar, o gabarito definitivo ser\u00e1 divulgado na p\u00e1gina oficial do concurso.<\/p>\n\n\n\n<p>As notas finais e a convoca\u00e7\u00e3o para a prova discursiva est\u00e3o previstas para 12 de novembro.&nbsp;No fim desta reportagem, confira o cronograma completo.<\/p>\n\n\n\n<h2 class=\"wp-block-heading\">\ud83d\udccc Como foram as provas?<\/h2>\n\n\n\n<p>As provas objetivas come\u00e7aram \u00e0s 13h. A dura\u00e7\u00e3o variou conforme o n\u00edvel:<\/p>\n\n\n\n<ul class=\"wp-block-list\">\n<li><strong>N\u00edvel Superior:<\/strong>\u00a05 horas, at\u00e9 as 18h<\/li>\n\n\n\n<li><strong>N\u00edvel Intermedi\u00e1rio:<\/strong>\u00a03h30, at\u00e9 as 16h30<\/li>\n<\/ul>\n\n\n\n<p>Todos os candidatos precisaram permanecer na sala por, no m\u00ednimo, duas horas.&nbsp;O caderno de provas s\u00f3 p\u00f4de ser levado por quem saiu durante a \u00faltima hora prevista para cada n\u00edvel.<\/p>\n\n\n\n<p>A prova teve duas partes:<\/p>\n\n\n\n<ul class=\"wp-block-list\">\n<li><strong>Conhecimentos gerais:\u00a0<\/strong>comuns a todos, como l\u00edngua portuguesa, racioc\u00ednio l\u00f3gico e atualidades.<\/li>\n\n\n\n<li><strong>Conhecimentos espec\u00edficos:<\/strong>\u00a0de acordo com o bloco tem\u00e1tico escolhido na inscri\u00e7\u00e3o.<\/li>\n<\/ul>\n\n\n\n<p>A prova objetiva foi de m\u00faltipla escolha, com cinco alternativas e apenas uma correta. O n\u00famero de quest\u00f5es variou conforme o n\u00edvel:<\/p>\n\n\n\n<ul class=\"wp-block-list\">\n<li><strong>N\u00edvel Superior:\u00a0<\/strong>90 quest\u00f5es no total, sendo 30 de conhecimentos gerais e 60 de conhecimentos espec\u00edficos.<\/li>\n\n\n\n<li><strong>N\u00edvel Intermedi\u00e1rio:\u00a0<\/strong>68 quest\u00f5es, com 20 de conhecimentos gerais e 48 de conhecimentos espec\u00edficos.<\/li>\n<\/ul>\n\n\n\n<p>Agora, os candidatos aguardam o resultado da prova objetiva para saber se seguem para a pr\u00f3xima etapa:&nbsp;a prova discursiva, marcada para 7 de dezembro.<\/p>\n\n\n\n<p>As primeiras listas de classifica\u00e7\u00e3o devem ser divulgadas em 20 de fevereiro de 2026. O cronograma tamb\u00e9m prev\u00ea que as convoca\u00e7\u00f5es comecem em mar\u00e7o do pr\u00f3ximo ano.<\/p>\n\n\n\n<p>A ministra da Gest\u00e3o e Inova\u00e7\u00e3o, Esther Dweck, informou neste domingo (5)&nbsp;<strong>que quase 60%<\/strong>&nbsp;dos candidatos participaram da primeira fase de provas da edi\u00e7\u00e3o 2025 do&nbsp;<a class=\"\" href=\"https:\/\/g1.globo.com\/trabalho-e-carreira\/concursos\/noticia\/2025\/10\/05\/cnu-2025-maior-concurso-publico-do-pais-acontece-neste-domingo.ghtml\"><strong>Concurso Unificado Nacional (CNU)<\/strong><\/a>.<\/p>\n\n\n\n<p>Segundo ela,&nbsp;<a class=\"\" href=\"https:\/\/g1.globo.com\/trabalho-e-carreira\/concursos\/noticia\/2025\/10\/05\/cnu-2025-ministra-balanco-primeira-fase.ghtml\">a absten\u00e7\u00e3o \u2014 o percentual de pessoas que n\u00e3o compareceu ao exame \u2014 foi de 42,8%<\/a>. O \u00edndice \u00e9 menor do que o registrado no ano passado, quando&nbsp;<a class=\"\" href=\"https:\/\/g1.globo.com\/trabalho-e-carreira\/concursos\/noticia\/2024\/08\/19\/ministra-faz-balanco-da-primeira-edicao-do-enem-dos-concursos.ghtml\"><strong>54,12% dos inscritos n\u00e3o fizeram as provas<\/strong><\/a>.<\/p>\n\n\n\n<blockquote class=\"wp-block-quote is-layout-flow wp-block-quote-is-layout-flow\">\n<p><em>Em n\u00fameros absolutos, a primeira fase do CNU 2025 registrou a aus\u00eancia de 324.971 pessoas. De acordo com o Minist\u00e9rio da Gest\u00e3o e Inova\u00e7\u00e3o, outras 436.582 compareceram ao exame.<\/em><\/p>\n<\/blockquote>\n\n\n\n<p>&#8220;A absten\u00e7\u00e3o foi de 42,8%, o que significa que quase 60% das pessoas inscritas efetivamente fizeram a prova. Um aumento muito grande em rela\u00e7\u00e3o ao ano passado, como a gente j\u00e1 imaginava&#8221;, afirmou Esther Dweck em entrevista \u00e0 imprensa.<\/p>\n\n\n\n<p>O menor \u00edndice de absten\u00e7\u00e3o foi registrado no Distrito Federal, com 30,8%, e o maior no Amazonas, com 51,2%. Mais de 760 mil pessoas se inscreveram para participar do maior concurso p\u00fablico do pa\u00eds.<\/p>\n\n\n\n<h2 class=\"wp-block-heading\">\ud83d\udcc6 Confira o cronograma oficial<\/h2>\n\n\n\n<ul class=\"wp-block-list\">\n<li><strong>Inscri\u00e7\u00f5es:\u00a0<\/strong>de 2 a 20\/7\/2025 (com pagamento at\u00e9 21\/7)<\/li>\n\n\n\n<li><strong>Solicita\u00e7\u00e3o de isen\u00e7\u00e3o da taxa de inscri\u00e7\u00e3o:\u00a0<\/strong>de 2 a 8\/7\/2025<\/li>\n\n\n\n<li><strong>Prova objetiva:<\/strong>\u00a05\/10\/2025, das 13h \u00e0s 18h<\/li>\n\n\n\n<li><strong>Disponibiliza\u00e7\u00e3o da imagem do cart\u00e3o de respostas:<\/strong>\u00a012\/11\/2025<\/li>\n\n\n\n<li><strong>Convoca\u00e7\u00e3o para prova discursiva:<\/strong>\u00a012\/11\/2025<\/li>\n\n\n\n<li><strong>Convoca\u00e7\u00e3o para confirma\u00e7\u00e3o de cotas e PcD:<\/strong>\u00a012\/11\/2025<\/li>\n\n\n\n<li><strong>Convoca\u00e7\u00e3o para a avalia\u00e7\u00e3o de t\u00edtulos:\u00a0<\/strong>12\/11\/2025<\/li>\n\n\n\n<li><strong>Envio de t\u00edtulos:\u00a0<\/strong>de 13 a 19\/11\/2025<\/li>\n\n\n\n<li><strong>Cart\u00e3o de confirma\u00e7\u00e3o de inscri\u00e7\u00e3o para prova discursiva:<\/strong>\u00a01\/12\/2025<\/li>\n\n\n\n<li><strong>Prova discursiva (para habilitados na 1\u00aa fase):<\/strong>\u00a07\/12\/2025<\/li>\n\n\n\n<li><strong>Procedimentos de confirma\u00e7\u00e3o de cotas:<\/strong>\u00a0de 8 a 17\/12\/2025<\/li>\n\n\n\n<li><strong>Resultado preliminar da avalia\u00e7\u00e3o de t\u00edtulos:\u00a0<\/strong>2\/1\/2026<\/li>\n\n\n\n<li><strong>Divulga\u00e7\u00e3o da nota preliminar da prova discursiva:<\/strong>\u00a06\/1\/2026<\/li>\n\n\n\n<li><strong>Pedidos de revis\u00e3o das notas da discursiva:<\/strong>\u00a0de 7 a 8\/1\/2026<\/li>\n\n\n\n<li><strong>Divulga\u00e7\u00e3o da 1\u00aa lista de classifica\u00e7\u00e3o:<\/strong>\u00a030\/1\/2026<\/li>\n<\/ul>\n\n\n\n<p class=\"bs-intro\">FONTE: G1<\/p>\n\n\n\n<ul class=\"wp-block-social-links has-icon-color is-style-logos-only is-vertical is-layout-flex wp-container-core-social-links-is-layout-8cf370e7 wp-block-social-links-is-layout-flex\"><li style=\"color:#0693e3;\" class=\"wp-social-link wp-social-link-whatsapp has-vivid-cyan-blue-color wp-block-social-link\"><a href=\"https:\/\/wa.me\/\/75991238048\" class=\"wp-block-social-link-anchor\"><svg width=\"24\" height=\"24\" viewBox=\"0 0 24 24\" version=\"1.1\" xmlns=\"http:\/\/www.w3.org\/2000\/svg\" aria-hidden=\"true\" focusable=\"false\"><path d=\"M 12.011719 2 C 6.5057187 2 2.0234844 6.478375 2.0214844 11.984375 C 2.0204844 13.744375 2.4814687 15.462563 3.3554688 16.976562 L 2 22 L 7.2324219 20.763672 C 8.6914219 21.559672 10.333859 21.977516 12.005859 21.978516 L 12.009766 21.978516 C 17.514766 21.978516 21.995047 17.499141 21.998047 11.994141 C 22.000047 9.3251406 20.962172 6.8157344 19.076172 4.9277344 C 17.190172 3.0407344 14.683719 2.001 12.011719 2 z M 12.009766 4 C 14.145766 4.001 16.153109 4.8337969 17.662109 6.3417969 C 19.171109 7.8517969 20.000047 9.8581875 19.998047 11.992188 C 19.996047 16.396187 16.413812 19.978516 12.007812 19.978516 C 10.674812 19.977516 9.3544062 19.642812 8.1914062 19.007812 L 7.5175781 18.640625 L 6.7734375 18.816406 L 4.8046875 19.28125 L 5.2851562 17.496094 L 5.5019531 16.695312 L 5.0878906 15.976562 C 4.3898906 14.768562 4.0204844 13.387375 4.0214844 11.984375 C 4.0234844 7.582375 7.6067656 4 12.009766 4 z M 8.4765625 7.375 C 8.3095625 7.375 8.0395469 7.4375 7.8105469 7.6875 C 7.5815469 7.9365 6.9355469 8.5395781 6.9355469 9.7675781 C 6.9355469 10.995578 7.8300781 12.182609 7.9550781 12.349609 C 8.0790781 12.515609 9.68175 15.115234 12.21875 16.115234 C 14.32675 16.946234 14.754891 16.782234 15.212891 16.740234 C 15.670891 16.699234 16.690438 16.137687 16.898438 15.554688 C 17.106437 14.971687 17.106922 14.470187 17.044922 14.367188 C 16.982922 14.263188 16.816406 14.201172 16.566406 14.076172 C 16.317406 13.951172 15.090328 13.348625 14.861328 13.265625 C 14.632328 13.182625 14.464828 13.140625 14.298828 13.390625 C 14.132828 13.640625 13.655766 14.201187 13.509766 14.367188 C 13.363766 14.534188 13.21875 14.556641 12.96875 14.431641 C 12.71875 14.305641 11.914938 14.041406 10.960938 13.191406 C 10.218937 12.530406 9.7182656 11.714844 9.5722656 11.464844 C 9.4272656 11.215844 9.5585938 11.079078 9.6835938 10.955078 C 9.7955938 10.843078 9.9316406 10.663578 10.056641 10.517578 C 10.180641 10.371578 10.223641 10.267562 10.306641 10.101562 C 10.389641 9.9355625 10.347156 9.7890625 10.285156 9.6640625 C 10.223156 9.5390625 9.737625 8.3065 9.515625 7.8125 C 9.328625 7.3975 9.131125 7.3878594 8.953125 7.3808594 C 8.808125 7.3748594 8.6425625 7.375 8.4765625 7.375 z\"><\/path><\/svg><span class=\"wp-block-social-link-label screen-reader-text\">WhatsApp<\/span><\/a><\/li>\n\n\n\n<\/ul>\n","protected":false},"excerpt":{"rendered":"<p>O documento \u00e9 chamado de preliminar porque os candidatos ainda podem entrar com recursos, por exemplo, se considerarem que alguma quest\u00e3o teve resposta incorreta. Os gabaritos preliminares oficiais das provas objetivas da segunda edi\u00e7\u00e3o do Concurso Nacional Unificado (CNU) devem ser divulgados nesta segunda-feira (6). Para acessar, \u00e9 necess\u00e1rio fazer login em&nbsp;https:\/\/conhecimento.fgv.br\/cpnu2&nbsp;com os dados da [&hellip;]<\/p>\n","protected":false},"author":2,"featured_media":9863,"comment_status":"open","ping_status":"open","sticky":false,"template":"","format":"standard","meta":{"footnotes":""},"categories":[1],"tags":[],"class_list":["post-9862","post","type-post","status-publish","format-standard","has-post-thumbnail","hentry","category-geral"],"jetpack_sharing_enabled":true,"jetpack_featured_media_url":"https:\/\/i0.wp.com\/radiosisal.com\/br\/wp-content\/uploads\/2025\/10\/Imagem-do-WhatsApp-de-2025-10-06-as-07.22.43_2f83abcf.jpg?fit=984%2C655&ssl=1","_links":{"self":[{"href":"https:\/\/radiosisal.com\/br\/wp-json\/wp\/v2\/posts\/9862","targetHints":{"allow":["GET"]}}],"collection":[{"href":"https:\/\/radiosisal.com\/br\/wp-json\/wp\/v2\/posts"}],"about":[{"href":"https:\/\/radiosisal.com\/br\/wp-json\/wp\/v2\/types\/post"}],"author":[{"embeddable":true,"href":"https:\/\/radiosisal.com\/br\/wp-json\/wp\/v2\/users\/2"}],"replies":[{"embeddable":true,"href":"https:\/\/radiosisal.com\/br\/wp-json\/wp\/v2\/comments?post=9862"}],"version-history":[{"count":1,"href":"https:\/\/radiosisal.com\/br\/wp-json\/wp\/v2\/posts\/9862\/revisions"}],"predecessor-version":[{"id":9864,"href":"https:\/\/radiosisal.com\/br\/wp-json\/wp\/v2\/posts\/9862\/revisions\/9864"}],"wp:featuredmedia":[{"embeddable":true,"href":"https:\/\/radiosisal.com\/br\/wp-json\/wp\/v2\/media\/9863"}],"wp:attachment":[{"href":"https:\/\/radiosisal.com\/br\/wp-json\/wp\/v2\/media?parent=9862"}],"wp:term":[{"taxonomy":"category","embeddable":true,"href":"https:\/\/radiosisal.com\/br\/wp-json\/wp\/v2\/categories?post=9862"},{"taxonomy":"post_tag","embeddable":true,"href":"https:\/\/radiosisal.com\/br\/wp-json\/wp\/v2\/tags?post=9862"}],"curies":[{"name":"wp","href":"https:\/\/api.w.org\/{rel}","templated":true}]}}