{"id":9888,"date":"2025-10-07T11:48:29","date_gmt":"2025-10-07T11:48:29","guid":{"rendered":"https:\/\/radiosisal.com\/br\/?p=9888"},"modified":"2025-10-07T11:48:32","modified_gmt":"2025-10-07T11:48:32","slug":"professores-no-brasil-usam-mais-ia-que-media-dos-paises-da-ocde","status":"publish","type":"post","link":"https:\/\/radiosisal.com\/br\/2025\/10\/07\/professores-no-brasil-usam-mais-ia-que-media-dos-paises-da-ocde\/","title":{"rendered":"PROFESSORES NO BRASIL USAM MAIS IA QUE M\u00c9DIA DOS PA\u00cdSES DA OCDE"},"content":{"rendered":"\n<p><\/p>\n\n\n\n<p><strong>No Brasil, 56% dos professores das escolas do pa\u00eds afirmam usar ferramentas de intelig\u00eancia artificial (IA),&nbsp;<\/strong>seja para preparar aulas, seja para buscar formas mais eficientes de ensinar os conte\u00fados nas salas de aula.<img decoding=\"async\" src=\"https:\/\/i0.wp.com\/agenciabrasil.ebc.com.br\/ebc.png?w=1170&#038;ssl=1\" data-recalc-dims=\"1\"><img decoding=\"async\" src=\"https:\/\/i0.wp.com\/agenciabrasil.ebc.com.br\/ebc.gif?w=1170&#038;ssl=1\" data-recalc-dims=\"1\"><\/p>\n\n\n\n<p><strong>A porcentagem \u00e9 superior \u00e0 m\u00e9dia dos pa\u00edses da Organiza\u00e7\u00e3o para a Coopera\u00e7\u00e3o e Desenvolvimento Econ\u00f4mico (OCDE), que \u00e9 36%.<\/strong><\/p>\n\n\n\n<p>Os dados s\u00e3o da Pesquisa Internacional sobre Ensino e Aprendizagem (Talis) 2024, divulgada nesta segunda-feira (6), pela OCDE.<\/p>\n\n\n\n<p><strong>A pesquisa, feita a partir de entrevistas com professores e diretores principalmente dos anos finais do ensino fundamental \u2013 do 6\u00ba ao 9\u00ba ano \u2013, compara a educa\u00e7\u00e3o em 53 pa\u00edses.<\/strong><\/p>\n\n\n\n<p>De acordo com o estudo, os professores brasileiros disseram que usam a IA para gerar planos de aula ou atividades (77%), ajustar automaticamente a dificuldade dos materiais de aula de acordo com as necessidades de aprendizagem dos alunos (64%) e aprender e resumir um t\u00f3pico de forma eficiente (63%).<\/p>\n\n\n\n<p>O uso menos frequente da IA, apontado pelos docentes, \u200b\u200b\u00e9 para revisar dados sobre a participa\u00e7\u00e3o ou desempenho dos alunos (42%), gerar texto para&nbsp;<em>feedback<\/em>&nbsp;dos alunos ou comunica\u00e7\u00f5es com pais\/respons\u00e1veis \u200b\u200b(39%) e avaliar ou corrigir o trabalho dos alunos (36%).<\/p>\n\n\n\n<p>De acordo com a Talis, os impactos do uso da IA na educa\u00e7\u00e3o ainda s\u00e3o incertos.<\/p>\n\n\n\n<blockquote class=\"wp-block-quote is-layout-flow wp-block-quote-is-layout-flow\">\n<p>\u201cO uso da IA \u200b\u200bna educa\u00e7\u00e3o tem sido um tema de pesquisa h\u00e1 mais de 40 anos. No entanto, o lan\u00e7amento do ChatGPT da OpenAI no final de 2022 acelerou o uso cotidiano da IA \u200b\u200bem muitos setores da sociedade. Embora a IA esteja desempenhando um papel cada vez maior na vida das pessoas, sua influ\u00eancia a curto e longo prazo na educa\u00e7\u00e3o permanece incerta. Como a IA deve ser usada na educa\u00e7\u00e3o tamb\u00e9m \u00e9 uma quest\u00e3o pertinente\u201d, diz a pesquisa.<\/p>\n<\/blockquote>\n\n\n\n<p>O uso tamb\u00e9m varia entre os pa\u00edses pesquisados.&nbsp;<strong>Enquanto cerca de 75% dos professores em Singapura e nos Emirados \u00c1rabes Unidos relatam que o fazem, o uso dessas ferramentas cai para menos de 20% entre os professores da Fran\u00e7a e do Jap\u00e3o. O Brasil aparece em 10\u00ba lugar entre os pa\u00edses pesquisados nesse quesito.<\/strong><\/p>\n\n\n\n<h2 class=\"wp-block-heading\">Forma\u00e7\u00e3o<\/h2>\n\n\n\n<p>A pesquisa mostra tamb\u00e9m que os professores brasileiros dizem precisar de forma\u00e7\u00e3o para o uso de tecnologia, sobretudo para o uso de IA.<\/p>\n\n\n\n<p>As \u00e1reas em que os professores relatam precisar de aprendizagem profissional s\u00e3o: ensino de alunos com necessidades educacionais especiais (48%), habilidades para o uso de intelig\u00eancia artificial para ensino e aprendizagem (39%) e ensino em ambientes multiculturais ou multil\u00edngues (37%).<\/p>\n\n\n\n<p>Entre os professores que relatam n\u00e3o ter usado IA no ensino nos 12 meses anteriores \u00e0 pesquisa, 64% responderam que n\u00e3o o fizeram porque n\u00e3o t\u00eam o conhecimento e as habilidades para ensinar usando IA.<\/p>\n\n\n\n<p>Essa porcentagem \u00e9 menor que a da OCDE, 75%. A maioria (60%) tamb\u00e9m disse n\u00e3o usar porque as escolas onde lecionam n\u00e3o t\u00eam infraestrutura para uso da tecnologia. Essa porcentagem \u00e9 maior que a da m\u00e9dia da OCDE: 37%.<\/p>\n\n\n\n<h2 class=\"wp-block-heading\">Tecnologia<\/h2>\n\n\n\n<p>De acordo com a Talis, muitos sistemas educacionais foram for\u00e7ados a adotar o ensino&nbsp;<em>online<\/em>&nbsp;ou h\u00edbrido durante a pandemia de covid, e alguns sistemas mantiveram esses m\u00e9todos.<\/p>\n\n\n\n<p>No Brasil, 17% dos professores trabalham em escolas onde pelo menos uma aula foi ministrada de forma h\u00edbrida ou&nbsp;<em>online<\/em>&nbsp;no \u00faltimo m\u00eas. A m\u00e9dia da OCDE \u00e9 16%.<\/p>\n\n\n\n<p>O uso de tecnologias nas salas de aula com os alunos tamb\u00e9m \u00e9 tema de discuss\u00e3o na pesquisa.<\/p>\n\n\n\n<blockquote class=\"wp-block-quote is-layout-flow wp-block-quote-is-layout-flow\">\n<p>\u201cAs atitudes em rela\u00e7\u00e3o \u00e0s ferramentas digitais e o uso delas para a aprendizagem dos alunos variam consideravelmente entre os sistemas educacionais\u201d, diz o estudo.<\/p>\n<\/blockquote>\n\n\n\n<p>Em geral, segundo a Talis, os professores&nbsp;<em>concordam<\/em>&nbsp;ou&nbsp;<em>concordam fortemente<\/em>&nbsp;que o uso de ferramentas digitais desenvolve o interesse dos alunos pela aprendizagem (85% em m\u00e9dia).<\/p>\n\n\n\n<p>No entanto, as opini\u00f5es s\u00e3o mais divididas quanto \u00e0 possibilidade de as ferramentas digitais melhorarem o desempenho acad\u00eamico.<\/p>\n\n\n\n<p>Segundo a pesquisa, menos de 50% dos professores na \u00c1ustria, Comunidade Francesa da B\u00e9lgica, Finl\u00e2ndia, Fran\u00e7a e Su\u00e9cia concordam que as ferramentas digitais ajudam na aprendizagem dos estudantes.<\/p>\n\n\n\n<p>Na outra ponta, no entanto, mais de 95% dos professores concordam na Alb\u00e2nia, Ar\u00e1bia Saudita e Vietn\u00e3.<\/p>\n\n\n\n<p>Esta \u00e9 a 4\u00aa edi\u00e7\u00e3o da Talis. A pesquisa foi realizada no Brasil entre os meses de junho e julho de 2024.<\/p>\n\n\n\n<p><strong>Os estudos foram conduzidos, no pa\u00eds, pelo Instituto Nacional de Estudos e Pesquisas Educacionais An\u00edsio Teixeira (Inep), com a colabora\u00e7\u00e3o das secretarias de Educa\u00e7\u00e3o das 27 Unidades Federativas.&nbsp;<\/strong><\/p>\n\n\n\n<p><\/p>\n\n\n\n<p class=\"bs-intro\">FONTE: Ag\u00eancia Brasil<\/p>\n\n\n\n<ul class=\"wp-block-social-links has-icon-color is-style-logos-only is-vertical is-layout-flex wp-container-core-social-links-is-layout-8cf370e7 wp-block-social-links-is-layout-flex\"><li style=\"color:#0693e3;\" class=\"wp-social-link wp-social-link-whatsapp has-vivid-cyan-blue-color wp-block-social-link\"><a href=\"https:\/\/wa.me\/\/75991238048\" class=\"wp-block-social-link-anchor\"><svg width=\"24\" height=\"24\" viewBox=\"0 0 24 24\" version=\"1.1\" xmlns=\"http:\/\/www.w3.org\/2000\/svg\" aria-hidden=\"true\" focusable=\"false\"><path d=\"M 12.011719 2 C 6.5057187 2 2.0234844 6.478375 2.0214844 11.984375 C 2.0204844 13.744375 2.4814687 15.462563 3.3554688 16.976562 L 2 22 L 7.2324219 20.763672 C 8.6914219 21.559672 10.333859 21.977516 12.005859 21.978516 L 12.009766 21.978516 C 17.514766 21.978516 21.995047 17.499141 21.998047 11.994141 C 22.000047 9.3251406 20.962172 6.8157344 19.076172 4.9277344 C 17.190172 3.0407344 14.683719 2.001 12.011719 2 z M 12.009766 4 C 14.145766 4.001 16.153109 4.8337969 17.662109 6.3417969 C 19.171109 7.8517969 20.000047 9.8581875 19.998047 11.992188 C 19.996047 16.396187 16.413812 19.978516 12.007812 19.978516 C 10.674812 19.977516 9.3544062 19.642812 8.1914062 19.007812 L 7.5175781 18.640625 L 6.7734375 18.816406 L 4.8046875 19.28125 L 5.2851562 17.496094 L 5.5019531 16.695312 L 5.0878906 15.976562 C 4.3898906 14.768562 4.0204844 13.387375 4.0214844 11.984375 C 4.0234844 7.582375 7.6067656 4 12.009766 4 z M 8.4765625 7.375 C 8.3095625 7.375 8.0395469 7.4375 7.8105469 7.6875 C 7.5815469 7.9365 6.9355469 8.5395781 6.9355469 9.7675781 C 6.9355469 10.995578 7.8300781 12.182609 7.9550781 12.349609 C 8.0790781 12.515609 9.68175 15.115234 12.21875 16.115234 C 14.32675 16.946234 14.754891 16.782234 15.212891 16.740234 C 15.670891 16.699234 16.690438 16.137687 16.898438 15.554688 C 17.106437 14.971687 17.106922 14.470187 17.044922 14.367188 C 16.982922 14.263188 16.816406 14.201172 16.566406 14.076172 C 16.317406 13.951172 15.090328 13.348625 14.861328 13.265625 C 14.632328 13.182625 14.464828 13.140625 14.298828 13.390625 C 14.132828 13.640625 13.655766 14.201187 13.509766 14.367188 C 13.363766 14.534188 13.21875 14.556641 12.96875 14.431641 C 12.71875 14.305641 11.914938 14.041406 10.960938 13.191406 C 10.218937 12.530406 9.7182656 11.714844 9.5722656 11.464844 C 9.4272656 11.215844 9.5585938 11.079078 9.6835938 10.955078 C 9.7955938 10.843078 9.9316406 10.663578 10.056641 10.517578 C 10.180641 10.371578 10.223641 10.267562 10.306641 10.101562 C 10.389641 9.9355625 10.347156 9.7890625 10.285156 9.6640625 C 10.223156 9.5390625 9.737625 8.3065 9.515625 7.8125 C 9.328625 7.3975 9.131125 7.3878594 8.953125 7.3808594 C 8.808125 7.3748594 8.6425625 7.375 8.4765625 7.375 z\"><\/path><\/svg><span class=\"wp-block-social-link-label screen-reader-text\">WhatsApp<\/span><\/a><\/li>\n\n<li style=\"color:#0693e3;\" class=\"wp-social-link wp-social-link-instagram has-vivid-cyan-blue-color wp-block-social-link\"><a href=\"https:\/\/www.instagram.com\/radiosisal97.3\/profilecard\/?igsh=MWo1azd5aXNvN2hmcQ==\" class=\"wp-block-social-link-anchor\"><svg width=\"24\" height=\"24\" viewBox=\"0 0 24 24\" version=\"1.1\" xmlns=\"http:\/\/www.w3.org\/2000\/svg\" aria-hidden=\"true\" focusable=\"false\"><path d=\"M12,4.622c2.403,0,2.688,0.009,3.637,0.052c0.877,0.04,1.354,0.187,1.671,0.31c0.42,0.163,0.72,0.358,1.035,0.673 c0.315,0.315,0.51,0.615,0.673,1.035c0.123,0.317,0.27,0.794,0.31,1.671c0.043,0.949,0.052,1.234,0.052,3.637 s-0.009,2.688-0.052,3.637c-0.04,0.877-0.187,1.354-0.31,1.671c-0.163,0.42-0.358,0.72-0.673,1.035 c-0.315,0.315-0.615,0.51-1.035,0.673c-0.317,0.123-0.794,0.27-1.671,0.31c-0.949,0.043-1.233,0.052-3.637,0.052 s-2.688-0.009-3.637-0.052c-0.877-0.04-1.354-0.187-1.671-0.31c-0.42-0.163-0.72-0.358-1.035-0.673 c-0.315-0.315-0.51-0.615-0.673-1.035c-0.123-0.317-0.27-0.794-0.31-1.671C4.631,14.688,4.622,14.403,4.622,12 s0.009-2.688,0.052-3.637c0.04-0.877,0.187-1.354,0.31-1.671c0.163-0.42,0.358-0.72,0.673-1.035 c0.315-0.315,0.615-0.51,1.035-0.673c0.317-0.123,0.794-0.27,1.671-0.31C9.312,4.631,9.597,4.622,12,4.622 M12,3 C9.556,3,9.249,3.01,8.289,3.054C7.331,3.098,6.677,3.25,6.105,3.472C5.513,3.702,5.011,4.01,4.511,4.511 c-0.5,0.5-0.808,1.002-1.038,1.594C3.25,6.677,3.098,7.331,3.054,8.289C3.01,9.249,3,9.556,3,12c0,2.444,0.01,2.751,0.054,3.711 c0.044,0.958,0.196,1.612,0.418,2.185c0.23,0.592,0.538,1.094,1.038,1.594c0.5,0.5,1.002,0.808,1.594,1.038 c0.572,0.222,1.227,0.375,2.185,0.418C9.249,20.99,9.556,21,12,21s2.751-0.01,3.711-0.054c0.958-0.044,1.612-0.196,2.185-0.418 c0.592-0.23,1.094-0.538,1.594-1.038c0.5-0.5,0.808-1.002,1.038-1.594c0.222-0.572,0.375-1.227,0.418-2.185 C20.99,14.751,21,14.444,21,12s-0.01-2.751-0.054-3.711c-0.044-0.958-0.196-1.612-0.418-2.185c-0.23-0.592-0.538-1.094-1.038-1.594 c-0.5-0.5-1.002-0.808-1.594-1.038c-0.572-0.222-1.227-0.375-2.185-0.418C14.751,3.01,14.444,3,12,3L12,3z M12,7.378 c-2.552,0-4.622,2.069-4.622,4.622S9.448,16.622,12,16.622s4.622-2.069,4.622-4.622S14.552,7.378,12,7.378z M12,15 c-1.657,0-3-1.343-3-3s1.343-3,3-3s3,1.343,3,3S13.657,15,12,15z M16.804,6.116c-0.596,0-1.08,0.484-1.08,1.08 s0.484,1.08,1.08,1.08c0.596,0,1.08-0.484,1.08-1.08S17.401,6.116,16.804,6.116z\"><\/path><\/svg><span class=\"wp-block-social-link-label screen-reader-text\">Instagram<\/span><\/a><\/li>\n\n<li style=\"color:#0693e3;\" class=\"wp-social-link wp-social-link-facebook has-vivid-cyan-blue-color wp-block-social-link\"><a href=\"https:\/\/www.facebook.com\/share\/1A7WveK9ft\/?mibextid=wwXIfr\" class=\"wp-block-social-link-anchor\"><svg width=\"24\" height=\"24\" viewBox=\"0 0 24 24\" version=\"1.1\" xmlns=\"http:\/\/www.w3.org\/2000\/svg\" aria-hidden=\"true\" focusable=\"false\"><path d=\"M12 2C6.5 2 2 6.5 2 12c0 5 3.7 9.1 8.4 9.9v-7H7.9V12h2.5V9.8c0-2.5 1.5-3.9 3.8-3.9 1.1 0 2.2.2 2.2.2v2.5h-1.3c-1.2 0-1.6.8-1.6 1.6V12h2.8l-.4 2.9h-2.3v7C18.3 21.1 22 17 22 12c0-5.5-4.5-10-10-10z\"><\/path><\/svg><span class=\"wp-block-social-link-label screen-reader-text\">Facebook<\/span><\/a><\/li><\/ul>\n","protected":false},"excerpt":{"rendered":"<p>No Brasil, 56% dos professores das escolas do pa\u00eds afirmam usar ferramentas de intelig\u00eancia artificial (IA),&nbsp;seja para preparar aulas, seja para buscar formas mais eficientes de ensinar os conte\u00fados nas salas de aula. A porcentagem \u00e9 superior \u00e0 m\u00e9dia dos pa\u00edses da Organiza\u00e7\u00e3o para a Coopera\u00e7\u00e3o e Desenvolvimento Econ\u00f4mico (OCDE), que \u00e9 36%. Os dados [&hellip;]<\/p>\n","protected":false},"author":2,"featured_media":9889,"comment_status":"open","ping_status":"open","sticky":false,"template":"","format":"standard","meta":{"footnotes":""},"categories":[1],"tags":[],"class_list":["post-9888","post","type-post","status-publish","format-standard","has-post-thumbnail","hentry","category-geral"],"jetpack_sharing_enabled":true,"jetpack_featured_media_url":"https:\/\/i0.wp.com\/radiosisal.com\/br\/wp-content\/uploads\/2025\/10\/img_1483.webp?fit=1170%2C700&ssl=1","_links":{"self":[{"href":"https:\/\/radiosisal.com\/br\/wp-json\/wp\/v2\/posts\/9888","targetHints":{"allow":["GET"]}}],"collection":[{"href":"https:\/\/radiosisal.com\/br\/wp-json\/wp\/v2\/posts"}],"about":[{"href":"https:\/\/radiosisal.com\/br\/wp-json\/wp\/v2\/types\/post"}],"author":[{"embeddable":true,"href":"https:\/\/radiosisal.com\/br\/wp-json\/wp\/v2\/users\/2"}],"replies":[{"embeddable":true,"href":"https:\/\/radiosisal.com\/br\/wp-json\/wp\/v2\/comments?post=9888"}],"version-history":[{"count":1,"href":"https:\/\/radiosisal.com\/br\/wp-json\/wp\/v2\/posts\/9888\/revisions"}],"predecessor-version":[{"id":9890,"href":"https:\/\/radiosisal.com\/br\/wp-json\/wp\/v2\/posts\/9888\/revisions\/9890"}],"wp:featuredmedia":[{"embeddable":true,"href":"https:\/\/radiosisal.com\/br\/wp-json\/wp\/v2\/media\/9889"}],"wp:attachment":[{"href":"https:\/\/radiosisal.com\/br\/wp-json\/wp\/v2\/media?parent=9888"}],"wp:term":[{"taxonomy":"category","embeddable":true,"href":"https:\/\/radiosisal.com\/br\/wp-json\/wp\/v2\/categories?post=9888"},{"taxonomy":"post_tag","embeddable":true,"href":"https:\/\/radiosisal.com\/br\/wp-json\/wp\/v2\/tags?post=9888"}],"curies":[{"name":"wp","href":"https:\/\/api.w.org\/{rel}","templated":true}]}}