{"id":9902,"date":"2025-10-08T11:21:11","date_gmt":"2025-10-08T11:21:11","guid":{"rendered":"https:\/\/radiosisal.com\/br\/?p=9902"},"modified":"2025-10-08T11:21:13","modified_gmt":"2025-10-08T11:21:13","slug":"novas-regras-para-antecipacao-de-credito-do-saque-aniversario-do-fgts-veja-quem-podera-aderir-e-outras-respostas","status":"publish","type":"post","link":"https:\/\/radiosisal.com\/br\/2025\/10\/08\/novas-regras-para-antecipacao-de-credito-do-saque-aniversario-do-fgts-veja-quem-podera-aderir-e-outras-respostas\/","title":{"rendered":"NOVAS REGRAS PARA ANTECIPA\u00c7\u00c3O DE CR\u00c9DITO DO SAQUE-ANIVERS\u00c1RIO DO FGTS: VEJA QUEM PODER\u00c1 ADERIR E OUTRAS RESPOSTAS"},"content":{"rendered":"\n<p><\/p>\n\n\n\n<p>Conselho Curador do FGTS anunciou a mudan\u00e7a nesta ter\u00e7a-feira (7). Limite ser\u00e1 de R$ 500 por parcela, com at\u00e9 cinco antecipa\u00e7\u00f5es no primeiro ano, totalizando R$ 2,5 mil.<\/p>\n\n\n\n<p>O Conselho Curador do FGTS anunciou nesta ter\u00e7a-feira (7) uma mudan\u00e7a na&nbsp;<a class=\"\" href=\"https:\/\/g1.globo.com\/economia\/noticia\/2025\/10\/07\/conselho-limita-parcelas-e-valor-da-linha-de-credito-de-antecipacao-do-saque-aniversario-do-fgts.ghtml\">antecipa\u00e7\u00e3o do saque-anivers\u00e1rio<\/a>.<\/p>\n\n\n\n<p><em>\ud83d\udd0d Por meio do saque-anivers\u00e1rio, criado em 2019 na gest\u00e3o do ex-presidente Jair Bolsonaro, o trabalhador pode sacar parte do saldo de sua conta do FGTS, anualmente, no m\u00eas de seu anivers\u00e1rio. A ades\u00e3o ao saque-anivers\u00e1rio \u00e9 opcional.<\/em><\/p>\n\n\n\n<p>Com a nova regra,&nbsp;<strong>ser\u00e1 restringida a linha de cr\u00e9dito<\/strong>&nbsp;que antecipa parcelas dessa modalidade de saque do FGTS. Essa antecipa\u00e7\u00e3o vem sendo feita atualmente por bancos, com cobran\u00e7a de juros.<\/p>\n\n\n\n<p>Em m\u00e9dia, quem adere ao saque-anivers\u00e1rio vem sacando at\u00e9 oito anos de FGTS por contrato de antecipa\u00e7\u00e3o.<\/p>\n\n\n\n<p><strong>Agora, haver\u00e1 um limite de R$ 500 por parcela antecipada e o trabalhador poder\u00e1 antecipar at\u00e9 5 parcelas nos primeiros 12 meses<\/strong>&nbsp;(per\u00edodo de transi\u00e7\u00e3o), totalizando no m\u00e1ximo R$ 2,5 mil). Antes, n\u00e3o havia teto de valor nem de quantidade de parcelas.<\/p>\n\n\n\n<p><strong>Ap\u00f3s esse per\u00edodo, o limite passar\u00e1 a ser de tr\u00eas parcelas<\/strong>&nbsp;\u2014 o equivalente a tr\u00eas anos de saques \u2014, mantendo o teto de R$ 500 por parcela.<\/p>\n\n\n\n<h2 class=\"wp-block-heading\"><br>Como \u00e9 hoje e como fica?<\/h2>\n\n\n\n<p>Hoje, dependendo de quanto o trabalhador tem na conta do FGTS, ele pode sacar um percentual por ano se optar pelo saque-anivers\u00e1rio.<\/p>\n\n\n\n<p>Os bancos v\u00eam antecipando esse percentual sem limites, e cobrando juros em cima. Por exemplo, uma pessoa poderia pegar com o banco de uma vez s\u00f3 a antecipa\u00e7\u00e3o relativa a oito anos \u2014 \u00e9 a m\u00e9dia que vem sendo registrada atualmente.<\/p>\n\n\n\n<p>Agora, haver\u00e1 limites.Quantas parcelas poderei antecipar?<\/p>\n\n\n\n<p>Nos primeiros 12 meses da nova regra (transi\u00e7\u00e3o): at\u00e9 5 parcelas de R$ 500 cada (total de R$ 2,5 mil).<\/p>\n\n\n\n<p>Depois disso: o limite cai para 3 parcelas (tr\u00eas anos de saques).<\/p>\n\n\n\n<p>O teto ser\u00e1 de R$ 500 por parcela.<\/p>\n\n\n\n<h2 class=\"wp-block-heading\"><br>Posso fazer v\u00e1rias opera\u00e7\u00f5es no mesmo ano?<\/h2>\n\n\n\n<p>N\u00e3o. Fica permitido apenas 1 contrata\u00e7\u00e3o por ano. Antes, eram poss\u00edveis v\u00e1rias opera\u00e7\u00f5es simult\u00e2neas.<\/p>\n\n\n\n<h2 class=\"wp-block-heading\">Quem poder\u00e1 sacar?<\/h2>\n\n\n\n<p>Quem aderir ao saque-anivers\u00e1rio \u2014 modalidade opcional \u2014 continuar\u00e1 podendo sacar uma parcela por ano, no m\u00eas do anivers\u00e1rio. Pelas novas regras, 70% do valor do saque fica com o trabalhador, e at\u00e9 30% pode ser usado para quitar empr\u00e9stimos se houver antecipa\u00e7\u00e3o contratada.<\/p>\n\n\n\n<h2 class=\"wp-block-heading\">Quem n\u00e3o poder\u00e1 sacar?<\/h2>\n\n\n\n<p>Quem n\u00e3o aderir ao saque-anivers\u00e1rio n\u00e3o poder\u00e1 sacar o saldo todos os anos. Esses trabalhadores permanecem na regra tradicional, em que o FGTS s\u00f3 pode ser acessado em casos espec\u00edficos, como demiss\u00e3o sem justa causa, aposentadoria, doen\u00e7as graves, compra da casa pr\u00f3pria ou falecimento do titular (para os herdeiros).<\/p>\n\n\n\n<p>Al\u00e9m disso, quem aderiu \u00e0 antecipa\u00e7\u00e3o e foi demitido tamb\u00e9m n\u00e3o pode sacar o saldo total enquanto o empr\u00e9stimo estiver ativo, pois os valores antecipados ficam bloqueados como garantia.<\/p>\n\n\n\n<h2 class=\"wp-block-heading\">Quando passa a valer?<\/h2>\n\n\n\n<p>As mudan\u00e7as valem assim que a Caixa Econ\u00f4mica Federal adequar os sistemas, com prazo at\u00e9 1\u00ba de novembro.<\/p>\n\n\n\n<h2 class=\"wp-block-heading\">O saque-anivers\u00e1rio acabou?<\/h2>\n\n\n\n<p>N\u00e3o. A modalidade continua existindo (criada em 2019, no governo Bolsonaro). As novas regras atingem somente a antecipa\u00e7\u00e3o via cr\u00e9dito em bancos.<\/p>\n\n\n\n<h2 class=\"wp-block-heading\">H\u00e1 prazo de car\u00eancia para pegar o cr\u00e9dito?<\/h2>\n\n\n\n<p>Sim. Os bancos s\u00f3 poder\u00e3o liberar a antecipa\u00e7\u00e3o 90 dias ap\u00f3s a op\u00e7\u00e3o pelo saque-anivers\u00e1rio. Hoje, 26% dos cr\u00e9ditos s\u00e3o concedidos no mesmo dia da ades\u00e3o \u2014 isso deixar\u00e1 de ocorrer.<\/p>\n\n\n\n<h2 class=\"wp-block-heading\">Por que o governo mudou as regras?<\/h2>\n\n\n\n<p>O Minist\u00e9rio do Trabalho afirma que a antecipa\u00e7\u00e3o se tornou uma \u201carmadilha\u201d para os trabalhadores:<\/p>\n\n\n\n<p>Reduz o saldo dispon\u00edvel em caso de demiss\u00e3o, j\u00e1 que os valores ficam bloqueados.<\/p>\n\n\n\n<p>Enfraquece o FGTS como fundo de investimento (habita\u00e7\u00e3o, saneamento e infraestrutura).<\/p>\n\n\n\n<p>H\u00e1 relatos de saques pequenos (ex.: R$ 100) usados para jogos online, o que preocupa o governo.<\/p>\n\n\n\n<h2 class=\"wp-block-heading\">O trabalhador fica com quanto do saque no m\u00eas de anivers\u00e1rio?<\/h2>\n\n\n\n<p>Com as novas regras, 70% ficam com o trabalhador e at\u00e9 30% v\u00e3o para pagar os bancos. Segundo o governo, hoje ocorre o inverso. A estimativa \u00e9 que R$ 86 bilh\u00f5es deixem de ir aos bancos at\u00e9 2030.<\/p>\n\n\n\n<h2 class=\"wp-block-heading\">Quantas pessoas aderiram e quanto j\u00e1 foi antecipado?<\/h2>\n\n\n\n<p>Entre 2020 e 2025, as opera\u00e7\u00f5es de antecipa\u00e7\u00e3o somaram R$ 236 bilh\u00f5es. Dos 42 milh\u00f5es de trabalhadores com conta ativa no FGTS, 21,5 milh\u00f5es (51%) aderiram ao saque-anivers\u00e1rio, e 70% deles fizeram opera\u00e7\u00f5es de antecipa\u00e7\u00e3o junto a bancos.<\/p>\n\n\n\n<h2 class=\"wp-block-heading\">Qual alternativa de cr\u00e9dito o governo est\u00e1 oferecendo?<\/h2>\n\n\n\n<p>O consignado no setor privado, com garantia de at\u00e9 10% do saldo do FGTS e 100% da multa rescis\u00f3ria (40%).<\/p>\n\n\n\n<p>Em agosto, a taxa m\u00e9dia foi de 3,79% ao m\u00eas, acima da m\u00e9dia de 1,86% ao m\u00eas permitida para a antecipa\u00e7\u00e3o do saque-anivers\u00e1rio em agosto.<\/p>\n\n\n\n<h2 class=\"wp-block-heading\">O governo queria acabar com o saque-anivers\u00e1rio?<\/h2>\n\n\n\n<p>Sim, mas desistiu em fevereiro, por falta de apoio no Congresso. Segundo o ministro Luiz Marinho, \u201cn\u00e3o tem chance de prosperar\u201d hoje, embora o tema possa ser rediscutido no futuro.<\/p>\n\n\n\n<p class=\"bs-intro\">FONTE: G1<\/p>\n\n\n\n<ul class=\"wp-block-social-links has-icon-color is-style-logos-only is-vertical is-layout-flex wp-container-core-social-links-is-layout-8cf370e7 wp-block-social-links-is-layout-flex\"><li style=\"color:#0693e3;\" class=\"wp-social-link wp-social-link-whatsapp has-vivid-cyan-blue-color wp-block-social-link\"><a href=\"https:\/\/wa.me\/\/75991238048\" class=\"wp-block-social-link-anchor\"><svg width=\"24\" height=\"24\" viewBox=\"0 0 24 24\" version=\"1.1\" xmlns=\"http:\/\/www.w3.org\/2000\/svg\" aria-hidden=\"true\" focusable=\"false\"><path d=\"M 12.011719 2 C 6.5057187 2 2.0234844 6.478375 2.0214844 11.984375 C 2.0204844 13.744375 2.4814687 15.462563 3.3554688 16.976562 L 2 22 L 7.2324219 20.763672 C 8.6914219 21.559672 10.333859 21.977516 12.005859 21.978516 L 12.009766 21.978516 C 17.514766 21.978516 21.995047 17.499141 21.998047 11.994141 C 22.000047 9.3251406 20.962172 6.8157344 19.076172 4.9277344 C 17.190172 3.0407344 14.683719 2.001 12.011719 2 z M 12.009766 4 C 14.145766 4.001 16.153109 4.8337969 17.662109 6.3417969 C 19.171109 7.8517969 20.000047 9.8581875 19.998047 11.992188 C 19.996047 16.396187 16.413812 19.978516 12.007812 19.978516 C 10.674812 19.977516 9.3544062 19.642812 8.1914062 19.007812 L 7.5175781 18.640625 L 6.7734375 18.816406 L 4.8046875 19.28125 L 5.2851562 17.496094 L 5.5019531 16.695312 L 5.0878906 15.976562 C 4.3898906 14.768562 4.0204844 13.387375 4.0214844 11.984375 C 4.0234844 7.582375 7.6067656 4 12.009766 4 z M 8.4765625 7.375 C 8.3095625 7.375 8.0395469 7.4375 7.8105469 7.6875 C 7.5815469 7.9365 6.9355469 8.5395781 6.9355469 9.7675781 C 6.9355469 10.995578 7.8300781 12.182609 7.9550781 12.349609 C 8.0790781 12.515609 9.68175 15.115234 12.21875 16.115234 C 14.32675 16.946234 14.754891 16.782234 15.212891 16.740234 C 15.670891 16.699234 16.690438 16.137687 16.898438 15.554688 C 17.106437 14.971687 17.106922 14.470187 17.044922 14.367188 C 16.982922 14.263188 16.816406 14.201172 16.566406 14.076172 C 16.317406 13.951172 15.090328 13.348625 14.861328 13.265625 C 14.632328 13.182625 14.464828 13.140625 14.298828 13.390625 C 14.132828 13.640625 13.655766 14.201187 13.509766 14.367188 C 13.363766 14.534188 13.21875 14.556641 12.96875 14.431641 C 12.71875 14.305641 11.914938 14.041406 10.960938 13.191406 C 10.218937 12.530406 9.7182656 11.714844 9.5722656 11.464844 C 9.4272656 11.215844 9.5585938 11.079078 9.6835938 10.955078 C 9.7955938 10.843078 9.9316406 10.663578 10.056641 10.517578 C 10.180641 10.371578 10.223641 10.267562 10.306641 10.101562 C 10.389641 9.9355625 10.347156 9.7890625 10.285156 9.6640625 C 10.223156 9.5390625 9.737625 8.3065 9.515625 7.8125 C 9.328625 7.3975 9.131125 7.3878594 8.953125 7.3808594 C 8.808125 7.3748594 8.6425625 7.375 8.4765625 7.375 z\"><\/path><\/svg><span class=\"wp-block-social-link-label screen-reader-text\">WhatsApp<\/span><\/a><\/li>\n\n<li style=\"color:#0693e3;\" class=\"wp-social-link wp-social-link-instagram has-vivid-cyan-blue-color wp-block-social-link\"><a href=\"https:\/\/www.instagram.com\/radiosisal97.3\/profilecard\/?igsh=MWo1azd5aXNvN2hmcQ==\" class=\"wp-block-social-link-anchor\"><svg width=\"24\" height=\"24\" viewBox=\"0 0 24 24\" version=\"1.1\" xmlns=\"http:\/\/www.w3.org\/2000\/svg\" aria-hidden=\"true\" focusable=\"false\"><path d=\"M12,4.622c2.403,0,2.688,0.009,3.637,0.052c0.877,0.04,1.354,0.187,1.671,0.31c0.42,0.163,0.72,0.358,1.035,0.673 c0.315,0.315,0.51,0.615,0.673,1.035c0.123,0.317,0.27,0.794,0.31,1.671c0.043,0.949,0.052,1.234,0.052,3.637 s-0.009,2.688-0.052,3.637c-0.04,0.877-0.187,1.354-0.31,1.671c-0.163,0.42-0.358,0.72-0.673,1.035 c-0.315,0.315-0.615,0.51-1.035,0.673c-0.317,0.123-0.794,0.27-1.671,0.31c-0.949,0.043-1.233,0.052-3.637,0.052 s-2.688-0.009-3.637-0.052c-0.877-0.04-1.354-0.187-1.671-0.31c-0.42-0.163-0.72-0.358-1.035-0.673 c-0.315-0.315-0.51-0.615-0.673-1.035c-0.123-0.317-0.27-0.794-0.31-1.671C4.631,14.688,4.622,14.403,4.622,12 s0.009-2.688,0.052-3.637c0.04-0.877,0.187-1.354,0.31-1.671c0.163-0.42,0.358-0.72,0.673-1.035 c0.315-0.315,0.615-0.51,1.035-0.673c0.317-0.123,0.794-0.27,1.671-0.31C9.312,4.631,9.597,4.622,12,4.622 M12,3 C9.556,3,9.249,3.01,8.289,3.054C7.331,3.098,6.677,3.25,6.105,3.472C5.513,3.702,5.011,4.01,4.511,4.511 c-0.5,0.5-0.808,1.002-1.038,1.594C3.25,6.677,3.098,7.331,3.054,8.289C3.01,9.249,3,9.556,3,12c0,2.444,0.01,2.751,0.054,3.711 c0.044,0.958,0.196,1.612,0.418,2.185c0.23,0.592,0.538,1.094,1.038,1.594c0.5,0.5,1.002,0.808,1.594,1.038 c0.572,0.222,1.227,0.375,2.185,0.418C9.249,20.99,9.556,21,12,21s2.751-0.01,3.711-0.054c0.958-0.044,1.612-0.196,2.185-0.418 c0.592-0.23,1.094-0.538,1.594-1.038c0.5-0.5,0.808-1.002,1.038-1.594c0.222-0.572,0.375-1.227,0.418-2.185 C20.99,14.751,21,14.444,21,12s-0.01-2.751-0.054-3.711c-0.044-0.958-0.196-1.612-0.418-2.185c-0.23-0.592-0.538-1.094-1.038-1.594 c-0.5-0.5-1.002-0.808-1.594-1.038c-0.572-0.222-1.227-0.375-2.185-0.418C14.751,3.01,14.444,3,12,3L12,3z M12,7.378 c-2.552,0-4.622,2.069-4.622,4.622S9.448,16.622,12,16.622s4.622-2.069,4.622-4.622S14.552,7.378,12,7.378z M12,15 c-1.657,0-3-1.343-3-3s1.343-3,3-3s3,1.343,3,3S13.657,15,12,15z M16.804,6.116c-0.596,0-1.08,0.484-1.08,1.08 s0.484,1.08,1.08,1.08c0.596,0,1.08-0.484,1.08-1.08S17.401,6.116,16.804,6.116z\"><\/path><\/svg><span class=\"wp-block-social-link-label screen-reader-text\">Instagram<\/span><\/a><\/li>\n\n<li style=\"color:#0693e3;\" class=\"wp-social-link wp-social-link-facebook has-vivid-cyan-blue-color wp-block-social-link\"><a href=\"https:\/\/www.instagram.com\/radiosisal97.3\/profilecard\/?igsh=MWo1azd5aXNvN2hmcQ==\" class=\"wp-block-social-link-anchor\"><svg width=\"24\" height=\"24\" viewBox=\"0 0 24 24\" version=\"1.1\" xmlns=\"http:\/\/www.w3.org\/2000\/svg\" aria-hidden=\"true\" focusable=\"false\"><path d=\"M12 2C6.5 2 2 6.5 2 12c0 5 3.7 9.1 8.4 9.9v-7H7.9V12h2.5V9.8c0-2.5 1.5-3.9 3.8-3.9 1.1 0 2.2.2 2.2.2v2.5h-1.3c-1.2 0-1.6.8-1.6 1.6V12h2.8l-.4 2.9h-2.3v7C18.3 21.1 22 17 22 12c0-5.5-4.5-10-10-10z\"><\/path><\/svg><span class=\"wp-block-social-link-label screen-reader-text\">Facebook<\/span><\/a><\/li><\/ul>\n","protected":false},"excerpt":{"rendered":"<p>Conselho Curador do FGTS anunciou a mudan\u00e7a nesta ter\u00e7a-feira (7). Limite ser\u00e1 de R$ 500 por parcela, com at\u00e9 cinco antecipa\u00e7\u00f5es no primeiro ano, totalizando R$ 2,5 mil. O Conselho Curador do FGTS anunciou nesta ter\u00e7a-feira (7) uma mudan\u00e7a na&nbsp;antecipa\u00e7\u00e3o do saque-anivers\u00e1rio. \ud83d\udd0d Por meio do saque-anivers\u00e1rio, criado em 2019 na gest\u00e3o do ex-presidente Jair [&hellip;]<\/p>\n","protected":false},"author":2,"featured_media":9903,"comment_status":"open","ping_status":"open","sticky":false,"template":"","format":"standard","meta":{"footnotes":""},"categories":[1],"tags":[],"class_list":["post-9902","post","type-post","status-publish","format-standard","has-post-thumbnail","hentry","category-geral"],"jetpack_sharing_enabled":true,"jetpack_featured_media_url":"https:\/\/i0.wp.com\/radiosisal.com\/br\/wp-content\/uploads\/2025\/10\/Imagem-do-WhatsApp-de-2025-10-08-as-08.20.35_6578d39c.jpg?fit=1080%2C608&ssl=1","_links":{"self":[{"href":"https:\/\/radiosisal.com\/br\/wp-json\/wp\/v2\/posts\/9902","targetHints":{"allow":["GET"]}}],"collection":[{"href":"https:\/\/radiosisal.com\/br\/wp-json\/wp\/v2\/posts"}],"about":[{"href":"https:\/\/radiosisal.com\/br\/wp-json\/wp\/v2\/types\/post"}],"author":[{"embeddable":true,"href":"https:\/\/radiosisal.com\/br\/wp-json\/wp\/v2\/users\/2"}],"replies":[{"embeddable":true,"href":"https:\/\/radiosisal.com\/br\/wp-json\/wp\/v2\/comments?post=9902"}],"version-history":[{"count":1,"href":"https:\/\/radiosisal.com\/br\/wp-json\/wp\/v2\/posts\/9902\/revisions"}],"predecessor-version":[{"id":9904,"href":"https:\/\/radiosisal.com\/br\/wp-json\/wp\/v2\/posts\/9902\/revisions\/9904"}],"wp:featuredmedia":[{"embeddable":true,"href":"https:\/\/radiosisal.com\/br\/wp-json\/wp\/v2\/media\/9903"}],"wp:attachment":[{"href":"https:\/\/radiosisal.com\/br\/wp-json\/wp\/v2\/media?parent=9902"}],"wp:term":[{"taxonomy":"category","embeddable":true,"href":"https:\/\/radiosisal.com\/br\/wp-json\/wp\/v2\/categories?post=9902"},{"taxonomy":"post_tag","embeddable":true,"href":"https:\/\/radiosisal.com\/br\/wp-json\/wp\/v2\/tags?post=9902"}],"curies":[{"name":"wp","href":"https:\/\/api.w.org\/{rel}","templated":true}]}}