{"id":9905,"date":"2025-10-08T11:29:13","date_gmt":"2025-10-08T11:29:13","guid":{"rendered":"https:\/\/radiosisal.com\/br\/?p=9905"},"modified":"2025-10-08T11:29:15","modified_gmt":"2025-10-08T11:29:15","slug":"cnu-2025-prazo-para-contestar-questoes-e-gabarito-termina-nesta-quarta-veja-como-fazer","status":"publish","type":"post","link":"https:\/\/radiosisal.com\/br\/2025\/10\/08\/cnu-2025-prazo-para-contestar-questoes-e-gabarito-termina-nesta-quarta-veja-como-fazer\/","title":{"rendered":"CNU 2025: PRAZO PARA CONTESTAR QUEST\u00d5ES E GABARITO TERMINA NESTA QUARTA; VEJA COMO FAZER"},"content":{"rendered":"\n<p><\/p>\n\n\n\n<p>Candidatos precisam encaminhar o pedido \u00e0 Funda\u00e7\u00e3o Getulio Vargas (FGV), por meio do site de inscri\u00e7\u00e3o. Em caso de quest\u00f5es anuladas, os pontos ser\u00e3o atribu\u00eddos a todos que fizeram as provas.<\/p>\n\n\n\n<p>Os candidatos do Concurso Nacional Unificado (CNU)&nbsp;<strong>t\u00eam at\u00e9 esta quarta-feira (8) para apresentar recursos&nbsp;<\/strong>contra quest\u00f5es das provas objetivas ou gabaritos preliminares, divulgados na segunda-feira (6).<\/p>\n\n\n\n<p>O&nbsp;<a class=\"\" href=\"https:\/\/g1.globo.com\/trabalho-e-carreira\/concursos\/noticia\/2025\/06\/30\/edital-cnu-2025-publicado.ghtml\">edital do concurso<\/a>&nbsp;re\u00fane todas as orienta\u00e7\u00f5es sobre o procedimento, incluindo prazos e o canal oficial para envio dos pedidos.<\/p>\n\n\n\n<p>De acordo com o edital, o candidato deve encaminhar a solicita\u00e7\u00e3o de recurso \u00e0 Funda\u00e7\u00e3o Getulio Vargas (<a class=\"\" href=\"https:\/\/g1.globo.com\/educacao\/universidade\/fgv\/\">FGV<\/a>), banca organizadora do processo seletivo.<\/p>\n\n\n\n<p>A solicita\u00e7\u00e3o deve ser realizada na mesma p\u00e1gina em que o candidato fez a inscri\u00e7\u00e3o. \u00c9 necess\u00e1rio fazer login em&nbsp;<a class=\"\" href=\"https:\/\/conhecimento.fgv.br\/cpnu2\" target=\"_blank\" rel=\"noreferrer noopener\">https:\/\/conhecimento.fgv.br\/cpnu2<\/a>&nbsp;com os dados da conta&nbsp;<strong>gov.br&nbsp;<\/strong>e clicar na&nbsp;<strong>\u00c1rea do Candidato<\/strong>.<\/p>\n\n\n\n<ul class=\"wp-block-list\">\n<li>O candidato deve acessar o campo de\u00a0<strong>Interposi\u00e7\u00e3o de Recursos<\/strong>\u00a0e enviar uma peti\u00e7\u00e3o formal \u00e0 FGV, narrando os fatos e solicitando provid\u00eancias.<\/li>\n\n\n\n<li>Os recursos devem ser apresentados\u00a0<strong>individualmente<\/strong>, dentro do prazo estabelecido, com argumenta\u00e7\u00e3o clara, objetiva e consistente.\u00a0<em>(veja o cronograma abaixo)<\/em><\/li>\n<\/ul>\n\n\n\n<p>\ud83d\udd0e A identifica\u00e7\u00e3o do candidato no campo destinado \u00e0s justificativas \u00e9&nbsp;<strong>proibida<\/strong>&nbsp;e pode resultar no indeferimento do recurso.<\/p>\n\n\n\n<p>Caso o candidato deixe qualquer elemento que possibilite sua identifica\u00e7\u00e3o, o recurso ser\u00e1 negado, independentemente da proced\u00eancia.<\/p>\n\n\n\n<p>Al\u00e9m disso, n\u00e3o ser\u00e3o aceitos recursos com teor desrespeitoso, enviados fora do prazo ou em formato diferente do previsto.<\/p>\n\n\n\n<p>Tamb\u00e9m n\u00e3o \u00e9 permitido enviar recursos por fax, e-mail, correio ou entrega presencial, e documentos anexados ap\u00f3s o per\u00edodo recursal n\u00e3o ser\u00e3o considerados.<\/p>\n\n\n\n<p>As respostas ser\u00e3o disponibilizadas exclusivamente na&nbsp;<strong>\u00c1rea do Candidato<\/strong>, no site oficial, sem envio por telefone, e-mail ou mensagens individuais.<\/p>\n\n\n\n<p>Ap\u00f3s a an\u00e1lise dos recursos, a FGV poder\u00e1 manter as respostas, alter\u00e1-las ou anular quest\u00f5es.<\/p>\n\n\n\n<p>Se alguma quest\u00e3o for anulada, a pontua\u00e7\u00e3o ser\u00e1 atribu\u00edda a todos os candidatos. A mudan\u00e7a valer\u00e1 para todos, inclusive para aqueles que n\u00e3o apresentaram recurso.<\/p>\n\n\n\n<p>Segundo o edital, todos os recursos enviados dentro do prazo ser\u00e3o avaliados, e as respostas ficar\u00e3o dispon\u00edveis na&nbsp;<strong>\u00c1rea do Candidato<\/strong>, no&nbsp;<a class=\"\" href=\"https:\/\/conhecimento.fgv.br\/cpnu2\" target=\"_blank\" rel=\"noreferrer noopener\"><strong>site oficial da sele\u00e7\u00e3o<\/strong><\/a>.<\/p>\n\n\n\n<p>Se houver revis\u00e3o de pontua\u00e7\u00e3o, o novo resultado ser\u00e1 aplicado para fins de classifica\u00e7\u00e3o e ter\u00e1 validade legal.<\/p>\n\n\n\n<p>O gabarito definitivo e o resultado final da prova objetiva ser\u00e3o publicados ap\u00f3s a an\u00e1lise dos recursos.&nbsp;As decis\u00f5es ser\u00e3o finais, sem possibilidade de novos pedidos de revis\u00e3o.<\/p>\n\n\n\n<h2 class=\"wp-block-heading\"><strong>\ud83d\udccc Outros tipos de recurso<\/strong><\/h2>\n\n\n\n<p>Al\u00e9m de contestar enunciados e gabaritos das provas de m\u00faltipla escolha, os candidatos podem recorrer se n\u00e3o concordarem com a nota da prova escrita, da avalia\u00e7\u00e3o de t\u00edtulos ou do resultado do procedimento de verifica\u00e7\u00e3o, no caso de vagas por cotas.<\/p>\n\n\n\n<p>Nesses casos, os prazos s\u00e3o diferentes e variam conforme a divulga\u00e7\u00e3o dos resultados.<\/p>\n\n\n\n<p><strong>Veja o cronograma:<\/strong><\/p>\n\n\n\n<ul class=\"wp-block-list\">\n<li><strong>Recursos contra quest\u00f5es das provas objetivas e\/ou gabaritos preliminares:\u00a0<\/strong>7 e 8\/10\/2025<\/li>\n\n\n\n<li><strong>Pedidos de revis\u00e3o das notas da prova discursiva:\u00a0<\/strong>7 e 8\/1\/2026<\/li>\n\n\n\n<li><strong>Recursos contra o resultado preliminar da avalia\u00e7\u00e3o de t\u00edtulos:\u00a0<\/strong>de 5 a 6\/1\/2025<\/li>\n\n\n\n<li><strong>Recursos contra os resultados preliminares da verifica\u00e7\u00e3o da autodeclara\u00e7\u00e3o (pessoas negras, ind\u00edgenas e quilombolas) e do procedimento de caracteriza\u00e7\u00e3o da defici\u00eancia:\u00a0<\/strong>de 5 a 6\/1\/2025<\/li>\n<\/ul>\n\n\n<div class=\"wp-block-image\">\n<figure class=\"aligncenter is-resized\"><img decoding=\"async\" src=\"https:\/\/i0.wp.com\/s2-g1.glbimg.com\/nf4tChabMDMs8dYQ13DYX0PTMDw=\/0x0:4682x3121\/984x0\/smart\/filters:strip_icc()\/i.s3.glbimg.com\/v1\/AUTH_59edd422c0c84a879bd37670ae4f538a\/internal_photos\/bs\/2025\/q\/i\/HXgaBdQp2YBdjaYfrMbA\/0d7a9415-1.jpg?w=1170&#038;ssl=1\" alt=\"A ministra da Gest\u00e3o e da Inova\u00e7\u00e3o em Servi\u00e7os P\u00fablicos, Esther Dweck, apresenta os detalhes do edital da 2\u00aa edi\u00e7\u00e3o do Concurso Nacional Unificado (CNU). \u2014 Foto: Valter Campanato\/Ag\u00eancia Brasil\" style=\"width:518px;height:auto\" data-recalc-dims=\"1\"\/><figcaption class=\"wp-element-caption\">A ministra da Gest\u00e3o e da Inova\u00e7\u00e3o em Servi\u00e7os P\u00fablicos, Esther Dweck, apresenta os detalhes do edital da 2\u00aa edi\u00e7\u00e3o do Concurso Nacional Unificado (CNU). \u2014 Foto: Valter Campanato\/Ag\u00eancia Brasil<\/figcaption><\/figure>\n<\/div>\n\n\n<p><\/p>\n\n\n\n<h2 class=\"wp-block-heading\">\ud83d\udcbc Vagas, \u00f3rg\u00e3os participantes e distribui\u00e7\u00e3o por cidades<\/h2>\n\n\n\n<p><strong>\ud83d\udd0d Diferentemente da edi\u00e7\u00e3o anterior, que contou com oito editais, um para cada bloco tem\u00e1tico, o processo seletivo ser\u00e1 regido por um \u00fanico edital.<\/strong>&nbsp;O documento traz informa\u00e7\u00f5es detalhadas sobre as vagas, sal\u00e1rios, conte\u00fado program\u00e1tico das provas, crit\u00e9rios de classifica\u00e7\u00e3o e composi\u00e7\u00e3o das notas finais.<\/p>\n\n\n\n<p><strong>Nesta edi\u00e7\u00e3o, os cargos est\u00e3o distribu\u00eddos em nove blocos tem\u00e1ticos<\/strong>, que agrupam as vagas por \u00e1reas de atua\u00e7\u00e3o semelhantes. S\u00e3o eles:<\/p>\n\n\n\n<ul class=\"wp-block-list\">\n<li><strong>Bloco 1:<\/strong>\u00a0Seguridade Social (Sa\u00fade, Assist\u00eancia Social e Previd\u00eancia Social)<\/li>\n\n\n\n<li><strong>Bloco 2<\/strong>: Cultura e Educa\u00e7\u00e3o<\/li>\n\n\n\n<li><strong>Bloco 3:\u00a0<\/strong>Ci\u00eancias, Dados e Tecnologia<\/li>\n\n\n\n<li><strong>Bloco 4:<\/strong>\u00a0Engenharias e Arquitetura<\/li>\n\n\n\n<li><strong>Bloco 5:<\/strong>\u00a0Administra\u00e7\u00e3o<\/li>\n\n\n\n<li><strong>Bloco 6:<\/strong>\u00a0Desenvolvimento Socioecon\u00f4mico<\/li>\n\n\n\n<li><strong>Bloco 7:\u00a0<\/strong>Justi\u00e7a e Defesa<\/li>\n\n\n\n<li><strong>Bloco 8:\u00a0<\/strong>Intermedi\u00e1rio \u2013 Sa\u00fade<\/li>\n\n\n\n<li><strong>Bloco 9:<\/strong>\u00a0Intermedi\u00e1rio \u2013 Regula\u00e7\u00e3o<\/li>\n<\/ul>\n\n\n\n<p>Esse formato permite que o candidato concorra a v\u00e1rias vagas dentro de um mesmo bloco, com apenas uma inscri\u00e7\u00e3o.<\/p>\n\n\n\n<p>Embora a maior parte das vagas esteja concentrada em \u00f3rg\u00e3os com sede em Bras\u00edlia (DF), tamb\u00e9m h\u00e1 postos dispon\u00edveis em diversos estados do pa\u00eds.<\/p>\n\n\n\n<h2 class=\"wp-block-heading\">\ud83d\udcb0 Sal\u00e1rios<\/h2>\n\n\n\n<p><strong>Os sal\u00e1rios iniciais no CNU 2025 variam de R$ 4 mil a R$ 16 mil<\/strong>, dependendo do cargo e do n\u00edvel de escolaridade exigido.<\/p>\n\n\n\n<p>Consulte as remunera\u00e7\u00f5es iniciais previstas na tabela abaixo.<\/p>\n\n\n\n<p><a href=\"https:\/\/flo.uri.sh\/visualisation\/23075510\/embed?auto=1\">https:\/\/flo.uri.sh\/visualisation\/23075510\/embed?auto=1<\/a><\/p>\n\n\n\n<h2 class=\"wp-block-heading\">\ud83e\uddee Pol\u00edtica de cotas<\/h2>\n\n\n\n<p>A nova edi\u00e7\u00e3o estabelece regras mais rigorosas para assegurar a reserva de vagas destinadas a pessoas negras, ind\u00edgenas, com defici\u00eancia e a candidatos quilombolas.<\/p>\n\n\n\n<p>De acordo com o governo, a iniciativa refor\u00e7a o compromisso com a promo\u00e7\u00e3o da equidade no acesso ao servi\u00e7o p\u00fablico federal.<\/p>\n\n\n\n<p><strong>Com isso, a distribui\u00e7\u00e3o das cotas ficou definida da seguinte maneira:<\/strong><\/p>\n\n\n\n<ul class=\"wp-block-list\">\n<li><strong>25%<\/strong>\u00a0para pessoas negras;<\/li>\n\n\n\n<li><strong>3%<\/strong>\u00a0para pessoas ind\u00edgenas;<\/li>\n\n\n\n<li><strong>2%<\/strong>\u00a0para pessoas quilombolas;<\/li>\n\n\n\n<li><strong>5%<\/strong>\u00a0para pessoas com defici\u00eancia (PcD).<\/li>\n<\/ul>\n\n\n\n<p>Nos casos em que o n\u00famero de vagas \u00e9 inferior ao m\u00ednimo exigido para aplica\u00e7\u00e3o das cotas,&nbsp;o MGI realizou um sorteio para definir a reserva proporcional, conforme previsto na norma.<\/p>\n\n\n\n<h2 class=\"wp-block-heading\">\u2640\ufe0f Reserva de vagas para mulheres na 2\u00aa fase<\/h2>\n\n\n\n<p>Outro ponto de destaque \u00e9&nbsp;<a class=\"\" href=\"https:\/\/g1.globo.com\/trabalho-e-carreira\/concursos\/noticia\/2025\/06\/30\/coletiva-cnu-2025.ghtml\">a ado\u00e7\u00e3o de uma a\u00e7\u00e3o afirmativa in\u00e9dita voltada \u00e0s mulheres<\/a>: caso o percentual de candidatas classificadas para a segunda fase do concurso seja inferior a 50%, ser\u00e1 feita uma equipara\u00e7\u00e3o para promover maior equil\u00edbrio de g\u00eanero nessa etapa.<\/p>\n\n\n\n<blockquote class=\"wp-block-quote is-layout-flow wp-block-quote-is-layout-flow\">\n<p>&#8220;N\u00e3o \u00e9 uma reserva de vaga para mulheres, como \u00e9 o caso de pessoas negras, com defici\u00eancia, ind\u00edgenas e quilombolas. Mas vamos fazer uma equipara\u00e7\u00e3o do percentual de mulheres que passam da primeira para a segunda etapa&#8221;, diz a ministra da Gest\u00e3o, Esther Dweck.<\/p>\n<\/blockquote>\n\n\n\n<ul class=\"wp-block-list\">\n<li><strong><em>\ud83d\udd0e Na primeira edi\u00e7\u00e3o do CNU, aproximadamente 63% dos aprovados eram homens e 37% mulheres.<\/em><\/strong><em>\u00a0Esse resultado foi o oposto da propor\u00e7\u00e3o entre os inscritos confirmados, composta por 56% de mulheres e 44% de homens.<\/em><\/li>\n<\/ul>\n\n\n\n<h2 class=\"wp-block-heading\">\ud83d\udcdd Como foram as provas?<\/h2>\n\n\n\n<p>Diferentemente da primeira edi\u00e7\u00e3o, que teve provas aplicadas em um \u00fanico dia, o CNU 2025 ser\u00e1 dividido em duas etapas eliminat\u00f3rias: a primeira foi a prova objetiva neste domingo (5).<\/p>\n\n\n\n<p><strong>A prova discursiva ser\u00e1 aplicada em 7 de dezembro de 2025<\/strong>, exclusivamente para os candidatos aprovados na primeira fase. O conte\u00fado e o formato da reda\u00e7\u00e3o variar\u00e3o de acordo com a \u00e1rea de atua\u00e7\u00e3o.<\/p>\n\n\n\n<p><strong>\u25b6\ufe0f PROVA DISCURSIVA<\/strong><\/p>\n\n\n\n<p>Na etapa discursiva, os candidatos dever\u00e3o elaborar textos conforme o n\u00edvel de escolaridade exigido para o cargo:<\/p>\n\n\n\n<ul class=\"wp-block-list\">\n<li><strong>N\u00edvel Superior:<\/strong>\u00a02 quest\u00f5es discursivas, com aplica\u00e7\u00e3o das 13h \u00e0s 16h.<\/li>\n\n\n\n<li><strong>N\u00edvel Intermedi\u00e1rio:<\/strong>\u00a01 reda\u00e7\u00e3o dissertativa-argumentativa, das 13h \u00e0s 15h.<\/li>\n<\/ul>\n\n\n\n<p><strong>O tempo de prova tamb\u00e9m \u00e9 diferente:<\/strong><\/p>\n\n\n\n<ul class=\"wp-block-list\">\n<li><strong>N\u00edvel Superior:<\/strong>\u00a0das 13h \u00e0s 18h (5 horas de dura\u00e7\u00e3o).<\/li>\n\n\n\n<li><strong>N\u00edvel Intermedi\u00e1rio:\u00a0<\/strong>das 13h \u00e0s 16h30 (3h30 de dura\u00e7\u00e3o).<\/li>\n<\/ul>\n\n\n\n<h2 class=\"wp-block-heading\">\ud83d\udcc6 Confira o cronograma oficial<\/h2>\n\n\n\n<ul class=\"wp-block-list\">\n<li><strong>Inscri\u00e7\u00f5es:\u00a0<\/strong>de 2 a 20\/7\/2025 (com pagamento at\u00e9 21\/7)<\/li>\n\n\n\n<li><strong>Solicita\u00e7\u00e3o de isen\u00e7\u00e3o da taxa de inscri\u00e7\u00e3o:\u00a0<\/strong>de 2 a 8\/7\/2025<\/li>\n\n\n\n<li><strong>Prova objetiva:\u00a0<\/strong>5\/10\/2025, das 13h \u00e0s 18h<\/li>\n\n\n\n<li><strong>Disponibiliza\u00e7\u00e3o da imagem do cart\u00e3o de respostas:\u00a0<\/strong>12\/11\/2025<\/li>\n\n\n\n<li><strong>Convoca\u00e7\u00e3o para prova discursiva:\u00a0<\/strong>12\/11\/2025<\/li>\n\n\n\n<li><strong>Convoca\u00e7\u00e3o para confirma\u00e7\u00e3o de cotas e PcD:\u00a0<\/strong>12\/11\/2025<\/li>\n\n\n\n<li><strong>Convoca\u00e7\u00e3o para a avalia\u00e7\u00e3o de t\u00edtulos:\u00a0<\/strong>12\/11\/2025<\/li>\n\n\n\n<li><strong>Envio de t\u00edtulos:\u00a0<\/strong>de 13 a 19\/11\/2025<\/li>\n\n\n\n<li><strong>Cart\u00e3o de confirma\u00e7\u00e3o de inscri\u00e7\u00e3o para prova discursiva:\u00a0<\/strong>1\/12\/2025<\/li>\n\n\n\n<li><strong>Prova discursiva (para habilitados na 1\u00aa fase):\u00a0<\/strong>7\/12\/2025<\/li>\n\n\n\n<li><strong>Procedimentos de confirma\u00e7\u00e3o de cotas:\u00a0<\/strong>de 8 a 17\/12\/2025<\/li>\n\n\n\n<li><strong>Resultado preliminar da avalia\u00e7\u00e3o de t\u00edtulos:\u00a0<\/strong>2\/1\/2026<\/li>\n\n\n\n<li><strong>Divulga\u00e7\u00e3o da nota preliminar da prova discursiva:\u00a0<\/strong>6\/1\/2026<\/li>\n\n\n\n<li><strong>Pedidos de revis\u00e3o das notas da discursiva:\u00a0<\/strong>de 7 a 8\/1\/2026<\/li>\n\n\n\n<li><strong>Divulga\u00e7\u00e3o da 1\u00aa lista de classifica\u00e7\u00e3o:\u00a0<\/strong>30\/1\/2026<\/li>\n<\/ul>\n\n\n\n<p class=\"bs-intro\">FONTE: G1<\/p>\n\n\n\n<ul class=\"wp-block-social-links has-icon-color is-style-logos-only is-vertical is-layout-flex wp-container-core-social-links-is-layout-8cf370e7 wp-block-social-links-is-layout-flex\"><li style=\"color:#0693e3;\" class=\"wp-social-link wp-social-link-whatsapp has-vivid-cyan-blue-color wp-block-social-link\"><a href=\"https:\/\/wa.me\/\/75991238048\" class=\"wp-block-social-link-anchor\"><svg width=\"24\" height=\"24\" viewBox=\"0 0 24 24\" version=\"1.1\" xmlns=\"http:\/\/www.w3.org\/2000\/svg\" aria-hidden=\"true\" focusable=\"false\"><path d=\"M 12.011719 2 C 6.5057187 2 2.0234844 6.478375 2.0214844 11.984375 C 2.0204844 13.744375 2.4814687 15.462563 3.3554688 16.976562 L 2 22 L 7.2324219 20.763672 C 8.6914219 21.559672 10.333859 21.977516 12.005859 21.978516 L 12.009766 21.978516 C 17.514766 21.978516 21.995047 17.499141 21.998047 11.994141 C 22.000047 9.3251406 20.962172 6.8157344 19.076172 4.9277344 C 17.190172 3.0407344 14.683719 2.001 12.011719 2 z M 12.009766 4 C 14.145766 4.001 16.153109 4.8337969 17.662109 6.3417969 C 19.171109 7.8517969 20.000047 9.8581875 19.998047 11.992188 C 19.996047 16.396187 16.413812 19.978516 12.007812 19.978516 C 10.674812 19.977516 9.3544062 19.642812 8.1914062 19.007812 L 7.5175781 18.640625 L 6.7734375 18.816406 L 4.8046875 19.28125 L 5.2851562 17.496094 L 5.5019531 16.695312 L 5.0878906 15.976562 C 4.3898906 14.768562 4.0204844 13.387375 4.0214844 11.984375 C 4.0234844 7.582375 7.6067656 4 12.009766 4 z M 8.4765625 7.375 C 8.3095625 7.375 8.0395469 7.4375 7.8105469 7.6875 C 7.5815469 7.9365 6.9355469 8.5395781 6.9355469 9.7675781 C 6.9355469 10.995578 7.8300781 12.182609 7.9550781 12.349609 C 8.0790781 12.515609 9.68175 15.115234 12.21875 16.115234 C 14.32675 16.946234 14.754891 16.782234 15.212891 16.740234 C 15.670891 16.699234 16.690438 16.137687 16.898438 15.554688 C 17.106437 14.971687 17.106922 14.470187 17.044922 14.367188 C 16.982922 14.263188 16.816406 14.201172 16.566406 14.076172 C 16.317406 13.951172 15.090328 13.348625 14.861328 13.265625 C 14.632328 13.182625 14.464828 13.140625 14.298828 13.390625 C 14.132828 13.640625 13.655766 14.201187 13.509766 14.367188 C 13.363766 14.534188 13.21875 14.556641 12.96875 14.431641 C 12.71875 14.305641 11.914938 14.041406 10.960938 13.191406 C 10.218937 12.530406 9.7182656 11.714844 9.5722656 11.464844 C 9.4272656 11.215844 9.5585938 11.079078 9.6835938 10.955078 C 9.7955938 10.843078 9.9316406 10.663578 10.056641 10.517578 C 10.180641 10.371578 10.223641 10.267562 10.306641 10.101562 C 10.389641 9.9355625 10.347156 9.7890625 10.285156 9.6640625 C 10.223156 9.5390625 9.737625 8.3065 9.515625 7.8125 C 9.328625 7.3975 9.131125 7.3878594 8.953125 7.3808594 C 8.808125 7.3748594 8.6425625 7.375 8.4765625 7.375 z\"><\/path><\/svg><span class=\"wp-block-social-link-label screen-reader-text\">WhatsApp<\/span><\/a><\/li>\n\n<li style=\"color:#0693e3;\" class=\"wp-social-link wp-social-link-instagram has-vivid-cyan-blue-color wp-block-social-link\"><a href=\"https:\/\/www.instagram.com\/radiosisal97.3\/profilecard\/?igsh=MWo1azd5aXNvN2hmcQ==\" class=\"wp-block-social-link-anchor\"><svg width=\"24\" height=\"24\" viewBox=\"0 0 24 24\" version=\"1.1\" xmlns=\"http:\/\/www.w3.org\/2000\/svg\" aria-hidden=\"true\" focusable=\"false\"><path d=\"M12,4.622c2.403,0,2.688,0.009,3.637,0.052c0.877,0.04,1.354,0.187,1.671,0.31c0.42,0.163,0.72,0.358,1.035,0.673 c0.315,0.315,0.51,0.615,0.673,1.035c0.123,0.317,0.27,0.794,0.31,1.671c0.043,0.949,0.052,1.234,0.052,3.637 s-0.009,2.688-0.052,3.637c-0.04,0.877-0.187,1.354-0.31,1.671c-0.163,0.42-0.358,0.72-0.673,1.035 c-0.315,0.315-0.615,0.51-1.035,0.673c-0.317,0.123-0.794,0.27-1.671,0.31c-0.949,0.043-1.233,0.052-3.637,0.052 s-2.688-0.009-3.637-0.052c-0.877-0.04-1.354-0.187-1.671-0.31c-0.42-0.163-0.72-0.358-1.035-0.673 c-0.315-0.315-0.51-0.615-0.673-1.035c-0.123-0.317-0.27-0.794-0.31-1.671C4.631,14.688,4.622,14.403,4.622,12 s0.009-2.688,0.052-3.637c0.04-0.877,0.187-1.354,0.31-1.671c0.163-0.42,0.358-0.72,0.673-1.035 c0.315-0.315,0.615-0.51,1.035-0.673c0.317-0.123,0.794-0.27,1.671-0.31C9.312,4.631,9.597,4.622,12,4.622 M12,3 C9.556,3,9.249,3.01,8.289,3.054C7.331,3.098,6.677,3.25,6.105,3.472C5.513,3.702,5.011,4.01,4.511,4.511 c-0.5,0.5-0.808,1.002-1.038,1.594C3.25,6.677,3.098,7.331,3.054,8.289C3.01,9.249,3,9.556,3,12c0,2.444,0.01,2.751,0.054,3.711 c0.044,0.958,0.196,1.612,0.418,2.185c0.23,0.592,0.538,1.094,1.038,1.594c0.5,0.5,1.002,0.808,1.594,1.038 c0.572,0.222,1.227,0.375,2.185,0.418C9.249,20.99,9.556,21,12,21s2.751-0.01,3.711-0.054c0.958-0.044,1.612-0.196,2.185-0.418 c0.592-0.23,1.094-0.538,1.594-1.038c0.5-0.5,0.808-1.002,1.038-1.594c0.222-0.572,0.375-1.227,0.418-2.185 C20.99,14.751,21,14.444,21,12s-0.01-2.751-0.054-3.711c-0.044-0.958-0.196-1.612-0.418-2.185c-0.23-0.592-0.538-1.094-1.038-1.594 c-0.5-0.5-1.002-0.808-1.594-1.038c-0.572-0.222-1.227-0.375-2.185-0.418C14.751,3.01,14.444,3,12,3L12,3z M12,7.378 c-2.552,0-4.622,2.069-4.622,4.622S9.448,16.622,12,16.622s4.622-2.069,4.622-4.622S14.552,7.378,12,7.378z M12,15 c-1.657,0-3-1.343-3-3s1.343-3,3-3s3,1.343,3,3S13.657,15,12,15z M16.804,6.116c-0.596,0-1.08,0.484-1.08,1.08 s0.484,1.08,1.08,1.08c0.596,0,1.08-0.484,1.08-1.08S17.401,6.116,16.804,6.116z\"><\/path><\/svg><span class=\"wp-block-social-link-label screen-reader-text\">Instagram<\/span><\/a><\/li>\n\n<li style=\"color:#0693e3;\" class=\"wp-social-link wp-social-link-facebook has-vivid-cyan-blue-color wp-block-social-link\"><a href=\"https:\/\/www.facebook.com\/share\/1A7WveK9ft\/?mibextid=wwXIfr\" class=\"wp-block-social-link-anchor\"><svg width=\"24\" height=\"24\" viewBox=\"0 0 24 24\" version=\"1.1\" xmlns=\"http:\/\/www.w3.org\/2000\/svg\" aria-hidden=\"true\" focusable=\"false\"><path d=\"M12 2C6.5 2 2 6.5 2 12c0 5 3.7 9.1 8.4 9.9v-7H7.9V12h2.5V9.8c0-2.5 1.5-3.9 3.8-3.9 1.1 0 2.2.2 2.2.2v2.5h-1.3c-1.2 0-1.6.8-1.6 1.6V12h2.8l-.4 2.9h-2.3v7C18.3 21.1 22 17 22 12c0-5.5-4.5-10-10-10z\"><\/path><\/svg><span class=\"wp-block-social-link-label screen-reader-text\">Facebook<\/span><\/a><\/li><\/ul>\n\n\n\n<p><\/p>\n","protected":false},"excerpt":{"rendered":"<p>Candidatos precisam encaminhar o pedido \u00e0 Funda\u00e7\u00e3o Getulio Vargas (FGV), por meio do site de inscri\u00e7\u00e3o. Em caso de quest\u00f5es anuladas, os pontos ser\u00e3o atribu\u00eddos a todos que fizeram as provas. Os candidatos do Concurso Nacional Unificado (CNU)&nbsp;t\u00eam at\u00e9 esta quarta-feira (8) para apresentar recursos&nbsp;contra quest\u00f5es das provas objetivas ou gabaritos preliminares, divulgados na segunda-feira [&hellip;]<\/p>\n","protected":false},"author":2,"featured_media":9906,"comment_status":"open","ping_status":"open","sticky":false,"template":"","format":"standard","meta":{"footnotes":""},"categories":[1],"tags":[],"class_list":["post-9905","post","type-post","status-publish","format-standard","has-post-thumbnail","hentry","category-geral"],"jetpack_sharing_enabled":true,"jetpack_featured_media_url":"https:\/\/i0.wp.com\/radiosisal.com\/br\/wp-content\/uploads\/2025\/10\/Imagem-do-WhatsApp-de-2025-10-08-as-08.25.53_f25e9065.jpg?fit=984%2C555&ssl=1","_links":{"self":[{"href":"https:\/\/radiosisal.com\/br\/wp-json\/wp\/v2\/posts\/9905","targetHints":{"allow":["GET"]}}],"collection":[{"href":"https:\/\/radiosisal.com\/br\/wp-json\/wp\/v2\/posts"}],"about":[{"href":"https:\/\/radiosisal.com\/br\/wp-json\/wp\/v2\/types\/post"}],"author":[{"embeddable":true,"href":"https:\/\/radiosisal.com\/br\/wp-json\/wp\/v2\/users\/2"}],"replies":[{"embeddable":true,"href":"https:\/\/radiosisal.com\/br\/wp-json\/wp\/v2\/comments?post=9905"}],"version-history":[{"count":1,"href":"https:\/\/radiosisal.com\/br\/wp-json\/wp\/v2\/posts\/9905\/revisions"}],"predecessor-version":[{"id":9907,"href":"https:\/\/radiosisal.com\/br\/wp-json\/wp\/v2\/posts\/9905\/revisions\/9907"}],"wp:featuredmedia":[{"embeddable":true,"href":"https:\/\/radiosisal.com\/br\/wp-json\/wp\/v2\/media\/9906"}],"wp:attachment":[{"href":"https:\/\/radiosisal.com\/br\/wp-json\/wp\/v2\/media?parent=9905"}],"wp:term":[{"taxonomy":"category","embeddable":true,"href":"https:\/\/radiosisal.com\/br\/wp-json\/wp\/v2\/categories?post=9905"},{"taxonomy":"post_tag","embeddable":true,"href":"https:\/\/radiosisal.com\/br\/wp-json\/wp\/v2\/tags?post=9905"}],"curies":[{"name":"wp","href":"https:\/\/api.w.org\/{rel}","templated":true}]}}