{"id":9963,"date":"2025-10-15T09:52:45","date_gmt":"2025-10-15T09:52:45","guid":{"rendered":"https:\/\/radiosisal.com\/br\/?p=9963"},"modified":"2025-10-15T09:52:47","modified_gmt":"2025-10-15T09:52:47","slug":"conceicao-do-coite-promete-maior-natal-da-bahia-confira-programacao","status":"publish","type":"post","link":"https:\/\/radiosisal.com\/br\/2025\/10\/15\/conceicao-do-coite-promete-maior-natal-da-bahia-confira-programacao\/","title":{"rendered":"CONCEI\u00c7\u00c3O DO COIT\u00c9 PROMETE MAIOR NATAL DA BAHIA; CONFIRA PROGRAMA\u00c7\u00c3O"},"content":{"rendered":"\n<p><\/p>\n\n\n\n<p>Hot\u00e9is e pousadas j\u00e1 registram 100% de ocupa\u00e7\u00e3o para a abertura do evento.<\/p>\n\n\n\n<p><a href=\"https:\/\/atarde.com.br\/?q=Concei%C3%A7%C3%A3o+do+Coit%C3%A9&amp;d=1\" target=\"_blank\" rel=\"noreferrer noopener\">Concei\u00e7\u00e3o do Coit\u00e9<\/a>\u00a0se prepara para viver o maior\u00a0<a href=\"https:\/\/atarde.com.br\/?q=Natal&amp;d=1\" target=\"_blank\" rel=\"noreferrer noopener\">Natal\u00a0<\/a>da Bahia, \u00e9 o que projeta os organizadores. De 14 de novembro a 4 de janeiro, o munic\u00edpio, distante 224 km de Salvador, j\u00e1 est\u00e1 com\u00a0<strong>100% de ocupa\u00e7\u00e3o na rede hoteleira para o dia da abertura<\/strong>.<\/p>\n\n\n\n<p>A expectativa do prefeito Marcelo Ara\u00fajo \u00e9 que o evento supere todas as edi\u00e7\u00f5es anteriores em p\u00fablico,\u00a0<strong>reunindo mais de 300 mil visitantes<\/strong>\u00a0ao longo de 54 dias de programa\u00e7\u00e3o cultural.<\/p>\n\n\n\n<p>A abertura oficial promete emocionar o p\u00fablico com as apresenta\u00e7\u00f5es da Orquestra Santo Ant\u00f4nio, do Coral da Regi\u00e3o Sisaleira, proje\u00e7\u00e3o mapeada na Igreja Matriz, um grande espet\u00e1culo de luzes com o show piromusical, espet\u00e1culo a c\u00e9u aberto com a Trupe de Natal e personagens ic\u00f4nicos, marcando o in\u00edcio de uma temporada de encanto que vai colorir ruas, pra\u00e7as e avenidas.<\/p>\n\n\n<div class=\"wp-block-image\">\n<figure class=\"aligncenter size-full is-resized\"><img loading=\"lazy\" decoding=\"async\" width=\"724\" height=\"452\" src=\"https:\/\/i0.wp.com\/radiosisal.com\/br\/wp-content\/uploads\/2025\/10\/image-5.png?resize=724%2C452&#038;ssl=1\" alt=\"\" class=\"wp-image-9964\" style=\"width:588px;height:auto\" srcset=\"https:\/\/i0.wp.com\/radiosisal.com\/br\/wp-content\/uploads\/2025\/10\/image-5.png?w=724&amp;ssl=1 724w, https:\/\/i0.wp.com\/radiosisal.com\/br\/wp-content\/uploads\/2025\/10\/image-5.png?resize=300%2C187&amp;ssl=1 300w\" sizes=\"auto, (max-width: 724px) 100vw, 724px\" data-recalc-dims=\"1\" \/><figcaption class=\"wp-element-caption\"> Foto: Val Pinto<\/figcaption><\/figure>\n<\/div>\n\n\n<p>Com cen\u00e1rios inspirados em personagens inesquec\u00edveis e em hist\u00f3rias m\u00e1gicas cl\u00e1ssicas que permeiam o imagin\u00e1rio popular, a cidade promete se transformar em um universo de magia e nostalgia.<\/p>\n\n\n\n<p>O&nbsp;<strong>Mercado Municipal ganhar\u00e1 vida como um grande castelo iluminado<\/strong>, e as ruas e pra\u00e7as receber\u00e3o 865 pe\u00e7as decorativas e 1.982 pontos de ilumina\u00e7\u00e3o.<\/p>\n\n\n\n<p>Um dos grandes destaques desta edi\u00e7\u00e3o \u00e9 o elenco formado integralmente por artistas coiteenses. Mais de 100 artistas locais foram selecionados por meio de audi\u00e7\u00e3o para compor o espet\u00e1culo, que ser\u00e1 apresentado em diferentes formatos ao longo da programa\u00e7\u00e3o.<\/p>\n\n\n<div class=\"wp-block-image\">\n<figure class=\"aligncenter is-resized\"><img loading=\"lazy\" decoding=\"async\" width=\"723\" height=\"452\" src=\"https:\/\/i0.wp.com\/radiosisal.com\/br\/wp-content\/uploads\/2025\/10\/Conceicao-do-Coite-promete-maior-Natal-da-Bahia-co0136444501202510141152-1.webp?resize=723%2C452&#038;ssl=1\" alt=\"Imagem ilustrativa da imagem Concei\u00e7\u00e3o do Coit\u00e9 promete maior Natal da Bahia; confira programa\u00e7\u00e3o\" class=\"wp-image-9966\" style=\"width:573px;height:auto\" srcset=\"https:\/\/i0.wp.com\/radiosisal.com\/br\/wp-content\/uploads\/2025\/10\/Conceicao-do-Coite-promete-maior-Natal-da-Bahia-co0136444501202510141152-1.webp?w=723&amp;ssl=1 723w, https:\/\/i0.wp.com\/radiosisal.com\/br\/wp-content\/uploads\/2025\/10\/Conceicao-do-Coite-promete-maior-Natal-da-Bahia-co0136444501202510141152-1.webp?resize=300%2C188&amp;ssl=1 300w\" sizes=\"auto, (max-width: 723px) 100vw, 723px\" data-recalc-dims=\"1\" \/><figcaption class=\"wp-element-caption\">Foto: Divulga\u00e7\u00e3o<\/figcaption><\/figure>\n<\/div>\n\n\n<p><\/p>\n\n\n\n<p>Toda a produ\u00e7\u00e3o c\u00eanica e de figurinos tamb\u00e9m \u00e9 feita na cidade, com costureiras coiteenses respons\u00e1veis pelas roupas dos personagens e profissionais locais envolvidos na cria\u00e7\u00e3o e montagem dos carros aleg\u00f3ricos. O resultado \u00e9 um grande movimento de valoriza\u00e7\u00e3o da arte, da m\u00e3o de obra e do talento do povo de Coit\u00e9.<\/p>\n\n\n\n<p>Com foco na inclus\u00e3o e acessibilidade, o prefeito destaca o Projeto Caravana da Magia, que garante transporte gratuito semanal da zona rural para a sede, permitindo que fam\u00edlias inteiras possam vivenciar o Natal Luz.<\/p>\n\n\n\n<p>Al\u00e9m disso, o evento conta com espa\u00e7os voltados para diferentes p\u00fablicos, como o Carrinho do Vov\u00f4 e da Vov\u00f3, destinado para pessoas com baixa mobilidade poderem contemplar a ornamenta\u00e7\u00e3o, o Trenzinho da Magia e o Cantinho da Mam\u00e3e, que funcionar\u00e1 como frald\u00e1rio e ponto de apoio para fam\u00edlias com crian\u00e7as pequenas.<\/p>\n\n\n\n<p>Segundo Marcelo Ara\u00fajo, a expectativa \u00e9 de que o evento gere mais de 500 empregos diretos e indiretos, impulsionando o com\u00e9rcio e o setor de hospedagem.<\/p>\n\n\n\n<p>\u201cHot\u00e9is e pousadas j\u00e1 registram 100% de ocupa\u00e7\u00e3o para a abertura do evento, as lojas locais ampliaram suas vendas de artigos natalinos e empresas de turismo t\u00eam inclu\u00eddo Coit\u00e9 em pacotes especiais de caravanas\u201d, afirma o prefeito.<\/p>\n\n\n\n<p>A tradicional Vila Natalina tamb\u00e9m ser\u00e1 destaque, reunindo artes\u00e3os e pequenos empreendedores locais, promovendo a economia solid\u00e1ria e fortalecendo a identidade cultural da cidade.<\/p>\n\n\n\n<p>A estimativa \u00e9 de um crescimento de 20% nas vendas em rela\u00e7\u00e3o ao ano passado, reflexo direto do aumento de p\u00fablico e da visibilidade do evento.<\/p>\n\n\n\n<p>Ainda segundo Ara\u00fajo, o&nbsp;<strong>Natal Luz Coit\u00e9 2025<\/strong>&nbsp;representa mais do que um evento cultural: \u00e9 um s\u00edmbolo de desenvolvimento e orgulho para o munic\u00edpio.<\/p>\n\n\n\n<p>\u201cMais do que uma festa, o Natal Luz \u00e9 um legado de encantamento e crescimento. Coit\u00e9 se consolida como destino de turismo natalino e refer\u00eancia em economia criativa na Bahia\u201d, afirma.<\/p>\n\n\n\n<p class=\"bs-intro\">FONTE: <a href=\"https:\/\/atarde.com.br\/\">https:\/\/atarde.com.br\/<\/a><\/p>\n\n\n\n<ul class=\"wp-block-social-links has-icon-color is-style-logos-only is-vertical is-layout-flex wp-container-core-social-links-is-layout-8cf370e7 wp-block-social-links-is-layout-flex\"><li style=\"color:#0693e3;\" class=\"wp-social-link wp-social-link-whatsapp has-vivid-cyan-blue-color wp-block-social-link\"><a href=\"https:\/\/wa.me\/\/75991238048\" class=\"wp-block-social-link-anchor\"><svg width=\"24\" height=\"24\" viewBox=\"0 0 24 24\" version=\"1.1\" xmlns=\"http:\/\/www.w3.org\/2000\/svg\" aria-hidden=\"true\" focusable=\"false\"><path d=\"M 12.011719 2 C 6.5057187 2 2.0234844 6.478375 2.0214844 11.984375 C 2.0204844 13.744375 2.4814687 15.462563 3.3554688 16.976562 L 2 22 L 7.2324219 20.763672 C 8.6914219 21.559672 10.333859 21.977516 12.005859 21.978516 L 12.009766 21.978516 C 17.514766 21.978516 21.995047 17.499141 21.998047 11.994141 C 22.000047 9.3251406 20.962172 6.8157344 19.076172 4.9277344 C 17.190172 3.0407344 14.683719 2.001 12.011719 2 z M 12.009766 4 C 14.145766 4.001 16.153109 4.8337969 17.662109 6.3417969 C 19.171109 7.8517969 20.000047 9.8581875 19.998047 11.992188 C 19.996047 16.396187 16.413812 19.978516 12.007812 19.978516 C 10.674812 19.977516 9.3544062 19.642812 8.1914062 19.007812 L 7.5175781 18.640625 L 6.7734375 18.816406 L 4.8046875 19.28125 L 5.2851562 17.496094 L 5.5019531 16.695312 L 5.0878906 15.976562 C 4.3898906 14.768562 4.0204844 13.387375 4.0214844 11.984375 C 4.0234844 7.582375 7.6067656 4 12.009766 4 z M 8.4765625 7.375 C 8.3095625 7.375 8.0395469 7.4375 7.8105469 7.6875 C 7.5815469 7.9365 6.9355469 8.5395781 6.9355469 9.7675781 C 6.9355469 10.995578 7.8300781 12.182609 7.9550781 12.349609 C 8.0790781 12.515609 9.68175 15.115234 12.21875 16.115234 C 14.32675 16.946234 14.754891 16.782234 15.212891 16.740234 C 15.670891 16.699234 16.690438 16.137687 16.898438 15.554688 C 17.106437 14.971687 17.106922 14.470187 17.044922 14.367188 C 16.982922 14.263188 16.816406 14.201172 16.566406 14.076172 C 16.317406 13.951172 15.090328 13.348625 14.861328 13.265625 C 14.632328 13.182625 14.464828 13.140625 14.298828 13.390625 C 14.132828 13.640625 13.655766 14.201187 13.509766 14.367188 C 13.363766 14.534188 13.21875 14.556641 12.96875 14.431641 C 12.71875 14.305641 11.914938 14.041406 10.960938 13.191406 C 10.218937 12.530406 9.7182656 11.714844 9.5722656 11.464844 C 9.4272656 11.215844 9.5585938 11.079078 9.6835938 10.955078 C 9.7955938 10.843078 9.9316406 10.663578 10.056641 10.517578 C 10.180641 10.371578 10.223641 10.267562 10.306641 10.101562 C 10.389641 9.9355625 10.347156 9.7890625 10.285156 9.6640625 C 10.223156 9.5390625 9.737625 8.3065 9.515625 7.8125 C 9.328625 7.3975 9.131125 7.3878594 8.953125 7.3808594 C 8.808125 7.3748594 8.6425625 7.375 8.4765625 7.375 z\"><\/path><\/svg><span class=\"wp-block-social-link-label screen-reader-text\">WhatsApp<\/span><\/a><\/li>\n\n<li style=\"color:#0693e3;\" class=\"wp-social-link wp-social-link-instagram has-vivid-cyan-blue-color wp-block-social-link\"><a href=\"https:\/\/www.instagram.com\/radiosisal97.3\/profilecard\/?igsh=MWo1azd5aXNvN2hmcQ==\" class=\"wp-block-social-link-anchor\"><svg width=\"24\" height=\"24\" viewBox=\"0 0 24 24\" version=\"1.1\" xmlns=\"http:\/\/www.w3.org\/2000\/svg\" aria-hidden=\"true\" focusable=\"false\"><path d=\"M12,4.622c2.403,0,2.688,0.009,3.637,0.052c0.877,0.04,1.354,0.187,1.671,0.31c0.42,0.163,0.72,0.358,1.035,0.673 c0.315,0.315,0.51,0.615,0.673,1.035c0.123,0.317,0.27,0.794,0.31,1.671c0.043,0.949,0.052,1.234,0.052,3.637 s-0.009,2.688-0.052,3.637c-0.04,0.877-0.187,1.354-0.31,1.671c-0.163,0.42-0.358,0.72-0.673,1.035 c-0.315,0.315-0.615,0.51-1.035,0.673c-0.317,0.123-0.794,0.27-1.671,0.31c-0.949,0.043-1.233,0.052-3.637,0.052 s-2.688-0.009-3.637-0.052c-0.877-0.04-1.354-0.187-1.671-0.31c-0.42-0.163-0.72-0.358-1.035-0.673 c-0.315-0.315-0.51-0.615-0.673-1.035c-0.123-0.317-0.27-0.794-0.31-1.671C4.631,14.688,4.622,14.403,4.622,12 s0.009-2.688,0.052-3.637c0.04-0.877,0.187-1.354,0.31-1.671c0.163-0.42,0.358-0.72,0.673-1.035 c0.315-0.315,0.615-0.51,1.035-0.673c0.317-0.123,0.794-0.27,1.671-0.31C9.312,4.631,9.597,4.622,12,4.622 M12,3 C9.556,3,9.249,3.01,8.289,3.054C7.331,3.098,6.677,3.25,6.105,3.472C5.513,3.702,5.011,4.01,4.511,4.511 c-0.5,0.5-0.808,1.002-1.038,1.594C3.25,6.677,3.098,7.331,3.054,8.289C3.01,9.249,3,9.556,3,12c0,2.444,0.01,2.751,0.054,3.711 c0.044,0.958,0.196,1.612,0.418,2.185c0.23,0.592,0.538,1.094,1.038,1.594c0.5,0.5,1.002,0.808,1.594,1.038 c0.572,0.222,1.227,0.375,2.185,0.418C9.249,20.99,9.556,21,12,21s2.751-0.01,3.711-0.054c0.958-0.044,1.612-0.196,2.185-0.418 c0.592-0.23,1.094-0.538,1.594-1.038c0.5-0.5,0.808-1.002,1.038-1.594c0.222-0.572,0.375-1.227,0.418-2.185 C20.99,14.751,21,14.444,21,12s-0.01-2.751-0.054-3.711c-0.044-0.958-0.196-1.612-0.418-2.185c-0.23-0.592-0.538-1.094-1.038-1.594 c-0.5-0.5-1.002-0.808-1.594-1.038c-0.572-0.222-1.227-0.375-2.185-0.418C14.751,3.01,14.444,3,12,3L12,3z M12,7.378 c-2.552,0-4.622,2.069-4.622,4.622S9.448,16.622,12,16.622s4.622-2.069,4.622-4.622S14.552,7.378,12,7.378z M12,15 c-1.657,0-3-1.343-3-3s1.343-3,3-3s3,1.343,3,3S13.657,15,12,15z M16.804,6.116c-0.596,0-1.08,0.484-1.08,1.08 s0.484,1.08,1.08,1.08c0.596,0,1.08-0.484,1.08-1.08S17.401,6.116,16.804,6.116z\"><\/path><\/svg><span class=\"wp-block-social-link-label screen-reader-text\">Instagram<\/span><\/a><\/li>\n\n<li style=\"color:#0693e3;\" class=\"wp-social-link wp-social-link-facebook has-vivid-cyan-blue-color wp-block-social-link\"><a href=\"https:\/\/www.facebook.com\/share\/1A7WveK9ft\/?mibextid=wwXIfr\" class=\"wp-block-social-link-anchor\"><svg width=\"24\" height=\"24\" viewBox=\"0 0 24 24\" version=\"1.1\" xmlns=\"http:\/\/www.w3.org\/2000\/svg\" aria-hidden=\"true\" focusable=\"false\"><path d=\"M12 2C6.5 2 2 6.5 2 12c0 5 3.7 9.1 8.4 9.9v-7H7.9V12h2.5V9.8c0-2.5 1.5-3.9 3.8-3.9 1.1 0 2.2.2 2.2.2v2.5h-1.3c-1.2 0-1.6.8-1.6 1.6V12h2.8l-.4 2.9h-2.3v7C18.3 21.1 22 17 22 12c0-5.5-4.5-10-10-10z\"><\/path><\/svg><span class=\"wp-block-social-link-label screen-reader-text\">Facebook<\/span><\/a><\/li><\/ul>\n","protected":false},"excerpt":{"rendered":"<p>Hot\u00e9is e pousadas j\u00e1 registram 100% de ocupa\u00e7\u00e3o para a abertura do evento. Concei\u00e7\u00e3o do Coit\u00e9\u00a0se prepara para viver o maior\u00a0Natal\u00a0da Bahia, \u00e9 o que projeta os organizadores. De 14 de novembro a 4 de janeiro, o munic\u00edpio, distante 224 km de Salvador, j\u00e1 est\u00e1 com\u00a0100% de ocupa\u00e7\u00e3o na rede hoteleira para o dia da [&hellip;]<\/p>\n","protected":false},"author":2,"featured_media":9965,"comment_status":"open","ping_status":"open","sticky":false,"template":"","format":"standard","meta":{"footnotes":""},"categories":[1],"tags":[],"class_list":["post-9963","post","type-post","status-publish","format-standard","has-post-thumbnail","hentry","category-geral"],"jetpack_sharing_enabled":true,"jetpack_featured_media_url":"https:\/\/i0.wp.com\/radiosisal.com\/br\/wp-content\/uploads\/2025\/10\/Conceicao-do-Coite-promete-maior-Natal-da-Bahia-co0136444500202510141151-ScaleDownProportional.webp?fit=900%2C720&ssl=1","_links":{"self":[{"href":"https:\/\/radiosisal.com\/br\/wp-json\/wp\/v2\/posts\/9963","targetHints":{"allow":["GET"]}}],"collection":[{"href":"https:\/\/radiosisal.com\/br\/wp-json\/wp\/v2\/posts"}],"about":[{"href":"https:\/\/radiosisal.com\/br\/wp-json\/wp\/v2\/types\/post"}],"author":[{"embeddable":true,"href":"https:\/\/radiosisal.com\/br\/wp-json\/wp\/v2\/users\/2"}],"replies":[{"embeddable":true,"href":"https:\/\/radiosisal.com\/br\/wp-json\/wp\/v2\/comments?post=9963"}],"version-history":[{"count":1,"href":"https:\/\/radiosisal.com\/br\/wp-json\/wp\/v2\/posts\/9963\/revisions"}],"predecessor-version":[{"id":9967,"href":"https:\/\/radiosisal.com\/br\/wp-json\/wp\/v2\/posts\/9963\/revisions\/9967"}],"wp:featuredmedia":[{"embeddable":true,"href":"https:\/\/radiosisal.com\/br\/wp-json\/wp\/v2\/media\/9965"}],"wp:attachment":[{"href":"https:\/\/radiosisal.com\/br\/wp-json\/wp\/v2\/media?parent=9963"}],"wp:term":[{"taxonomy":"category","embeddable":true,"href":"https:\/\/radiosisal.com\/br\/wp-json\/wp\/v2\/categories?post=9963"},{"taxonomy":"post_tag","embeddable":true,"href":"https:\/\/radiosisal.com\/br\/wp-json\/wp\/v2\/tags?post=9963"}],"curies":[{"name":"wp","href":"https:\/\/api.w.org\/{rel}","templated":true}]}}