{"id":9971,"date":"2025-10-16T11:22:20","date_gmt":"2025-10-16T11:22:20","guid":{"rendered":"https:\/\/radiosisal.com\/br\/?p=9971"},"modified":"2025-10-16T11:22:22","modified_gmt":"2025-10-16T11:22:22","slug":"pesquisas-brasileiras-avancam-no-diagnostico-de-alzheimer","status":"publish","type":"post","link":"https:\/\/radiosisal.com\/br\/2025\/10\/16\/pesquisas-brasileiras-avancam-no-diagnostico-de-alzheimer\/","title":{"rendered":"PESQUISAS BRASILEIRAS AVAN\u00c7AM NO DIAGN\u00d3STICO DE ALZHEIMER"},"content":{"rendered":"\n<p><\/p>\n\n\n\n<p>Doen\u00e7a pode ser diagnosticada por exames de sangue.<\/p>\n\n\n\n<p>Estudos recentes feito por cientistas brasileiros confirmaram o potencial de um exame de sangue para o diagn\u00f3stico do Alzheimer.&nbsp;<strong>As an\u00e1lises apontam o bom&nbsp;desempenho da prote\u00edna p-tau217 como o principal biomarcador para distinguir, por meio desse exame, indiv\u00edduos saud\u00e1veis de pessoas com a doen\u00e7a.<\/strong>&nbsp;O objetivo das pesquisas, apoiadas pelo Instituto Serrapilheira, \u00e9 levar os&nbsp;estudos para o Sistema \u00danico de Sa\u00fade (SUS) para uso em larga escala.<img decoding=\"async\" src=\"https:\/\/i0.wp.com\/agenciabrasil.ebc.com.br\/ebc.png?w=1170&#038;ssl=1\" data-recalc-dims=\"1\"><img decoding=\"async\" src=\"https:\/\/i0.wp.com\/agenciabrasil.ebc.com.br\/ebc.gif?w=1170&#038;ssl=1\" data-recalc-dims=\"1\"><\/p>\n\n\n\n<p>Segundo Eduardo Zimmer, pesquisador da Universidade Federal do Rio Grande do Sul (UFRGS), apoiado pelo instituto, atualmente no Brasil existem dois exames capazes de identificar o Alzheimer: o exame de l\u00edquor, um procedimento invasivo&nbsp;no qual \u00e9 feita uma pun\u00e7\u00e3o lombar utilizando uma agulha bem fina; e o exame de imagem (tomografia). Antes disso, a \u00fanica forma de detectar a possibilidade da doen\u00e7a era o exame cl\u00ednico, normalmente feito por um neurologista que fazia diagn\u00f3stico baseado nos sintomas do paciente.<\/p>\n\n\n\n<blockquote class=\"wp-block-quote is-layout-flow wp-block-quote-is-layout-flow\">\n<p>\u201cTanto o exame de l\u00edquor quanto a tomografia podem ser solicitados pelo m\u00e9dico para o diagn\u00f3stico da doen\u00e7a de Alzheimer assistido por biomarcadores. O problema \u00e9 que quando pensamos num pa\u00eds como o Brasil, continental, com 160 milh\u00f5es de pessoas que dependem do SUS, como vamos fazer esses exames em larga escala? Uma pun\u00e7\u00e3o lombar necessita de infraestrutura, experi\u00eancia e&nbsp;normalmente \u00e9 o neurologista que faz. J\u00e1 o exame de imagem \u00e9 muito caro para usar no SUS em todo o pa\u00eds\u201d, afirmou.<\/p>\n<\/blockquote>\n\n\n\n<p><strong>A pesquisa, assinada por 23 pesquisadores, incluindo oito brasileiros, analisou mais de 110 estudos sobre o tema com cerca de 30 mil pessoas, confirmando que o p-tau217 no sangue \u00e9 o biomarcador mais promissor para identificar a doen\u00e7a de Alzheimer.<\/strong>&nbsp;Al\u00e9m de Zimmer, o estudo conta com Wagner Brum, aluno de doutorado e membro do grupo de pesquisa&nbsp;na UFRGS, como coautores.<\/p>\n\n\n<div class=\"wp-block-image\">\n<figure class=\"aligncenter is-resized\"><img loading=\"lazy\" decoding=\"async\" width=\"754\" height=\"503\" src=\"https:\/\/i0.wp.com\/radiosisal.com\/br\/wp-content\/uploads\/2025\/10\/eduardo-zimmer-scaled-e1732217976884.webp?resize=754%2C503&#038;ssl=1\" alt=\"Bras\u00edlia (DF), 16\/10\/2025 - Eduardo Zimmer. Foto: Instituto Serrapilheira\/Divulga\u00e7\u00e3o\" class=\"wp-image-9973\" style=\"width:548px;height:auto\" title=\"Instituto Serrapilheira\/Divulga\u00e7\u00e3o\" srcset=\"https:\/\/i0.wp.com\/radiosisal.com\/br\/wp-content\/uploads\/2025\/10\/eduardo-zimmer-scaled-e1732217976884.webp?w=754&amp;ssl=1 754w, https:\/\/i0.wp.com\/radiosisal.com\/br\/wp-content\/uploads\/2025\/10\/eduardo-zimmer-scaled-e1732217976884.webp?resize=300%2C200&amp;ssl=1 300w\" sizes=\"auto, (max-width: 754px) 100vw, 754px\" data-recalc-dims=\"1\" \/><\/figure>\n<\/div>\n\n\n<h6 class=\"wp-block-heading\">Pesquisador brasileiro Eduardo Zimmer, da UFRGS, participa de estudo sobre diagn\u00f3stico do Alzheimer&nbsp;&#8211; Foto&nbsp;<strong>Instituto Serrapilheira\/Divulga\u00e7\u00e3o<\/strong><\/h6>\n\n\n\n<p><strong>Os resultados foram obtidos em an\u00e1lises de 59 pacientes e os testes foram comparados com o \u201cpadr\u00e3o ouro\u201d, o exame de l\u00edquor, apresentando alto n\u00edvel de confiabilidade, acima de 90%, padr\u00e3o recomendado pela Organiza\u00e7\u00e3o Mundial da Sa\u00fade (OMS)<\/strong>. Segundo Zimmer, ao mesmo tempo um grupo de pesquisadores do Instituto D\u2019Or, no Rio de Janeiro, e da UFRJ (Universidade Federal do Rio de Janeiro), os professores S\u00e9rgio Ferreira, Fernanda De Felice e Fernanda Tovar-Moll, devolveram um estudo praticamente igual e com os mesmos resultados.<\/p>\n\n\n\n<blockquote class=\"wp-block-quote is-layout-flow wp-block-quote-is-layout-flow\">\n<p>\u201cS\u00e3o duas regi\u00f5es diferentes do pa\u00eds, com gen\u00e9tica e caracter\u00edsticas socioculturais completamente diferente e o exame funcionou muito bem\u201d, destacou.<\/p>\n<\/blockquote>\n\n\n\n<p><strong>Atualmente, o diagn\u00f3stico precoce da doen\u00e7a de Alzheimer \u00e9 considerado um dos principais desafios de sa\u00fade p\u00fablica no mundo.<\/strong>&nbsp;De acordo com a OMS, aproximadamente 57 milh\u00f5es de pessoas no mundo vivem com algum tipo de dem\u00eancia \u2014 dessas, pelo menos 60% t\u00eam o diagn\u00f3stico de Alzheimer. No Brasil, o Relat\u00f3rio Nacional sobre Dem\u00eancia, de 2024, estima cerca de 1,8 milh\u00e3o de pessoas com a doen\u00e7a. A previs\u00e3o \u00e9 que o n\u00famero pode triplicar at\u00e9 2050.<\/p>\n\n\n\n<h2 class=\"wp-block-heading\">Baixa escolaridade<\/h2>\n\n\n\n<p><strong>No estudo, os cientistas identificaram que a baixa escolaridade parece acentuar mais a doen\u00e7a, refor\u00e7ando a hip\u00f3tese de que fatores socioecon\u00f4micos e educacionais impactam no envelhecimento do c\u00e9rebro.<\/strong><\/p>\n\n\n\n<p>\u201cA baixa escolaridade \u00e9 um fator de risco muito importante para o decl\u00ednio cognitivo, ficando acima de idade e sexo. Fizemos esse estudo no Brasil e o primeiro lugar disparado \u00e9 a baixa escolaridade. No contexto biol\u00f3gico, a gente entende que o c\u00e9rebro que \u00e9 exposto a educa\u00e7\u00e3o formal cria mais conex\u00f5es. \u00c9 como se a gente exercitasse o c\u00e9rebro que fica mais resistente ao decl\u00ednio cognitivo\u201d, ressaltou o pesquisador.<\/p>\n\n\n\n<h2 class=\"wp-block-heading\">SUS<\/h2>\n\n\n\n<p><strong>O diagn\u00f3stico por exame de sangue j\u00e1 \u00e9 uma realidade na rede privada. Testes realizados no exterior, como o americano PrecivityAD2, s\u00e3o oferecidos no Brasil a um custo que pode chegar a R$ 3,6 mil.<\/strong>&nbsp;Embora apresentem alta precis\u00e3o, seu pre\u00e7o elevado refor\u00e7a a import\u00e2ncia de desenvolver uma alternativa nacional e gratuita.<\/p>\n\n\n\n<p>O pesquisador explicou que, para que o exame chegue ao SUS, primeiro \u00e9 preciso entender se ele vai ter a performance necess\u00e1ria. Em segundo lugar estabelecer a estrat\u00e9gia e a log\u00edstica para a inclus\u00e3o no SUS.<\/p>\n\n\n\n<blockquote class=\"wp-block-quote is-layout-flow wp-block-quote-is-layout-flow\">\n<p>\u201cPrecisamos de v\u00e1rias avalia\u00e7\u00f5es para entender onde as an\u00e1lises ser\u00e3o feitas, quando esses exames v\u00e3o ser utilizados, que popula\u00e7\u00e3o ser\u00e1 beneficiada, se vai acelerar ou n\u00e3o o diagn\u00f3stico no SUS\u201d, disse.<\/p>\n<\/blockquote>\n\n\n\n<p>Entretanto, antes de chegar a essa etapa ainda h\u00e1 um caminho a ser percorrido, o que dificulta colocar uma estimativa dessa disponibilidade.&nbsp;<strong>Os resultados definitivos estar\u00e3o dispon\u00edveis em cerca de dois anos. Apesar de a doen\u00e7a ser mais frequente em pessoas com 65 anos, ser\u00e3o iniciados estudos em pessoas com mais de 55 anos.<\/strong><\/p>\n\n\n\n<blockquote class=\"wp-block-quote is-layout-flow wp-block-quote-is-layout-flow\">\n<p>\u201cVamos come\u00e7ar os estudos com indiv\u00edduos com mais de 55 anos, porque sabemos que existe uma fase que a gente chama de pr\u00e9-cl\u00ednica da doen\u00e7a de Alzheimer, que \u00e9 quando a doen\u00e7a come\u00e7a a se instalar, mas o indiv\u00edduo ainda n\u00e3o tem sintomas. A ideia \u00e9 conseguirmos mapear tamb\u00e9m a preval\u00eancia desses indiv\u00edduos\u201d, acrescentou&nbsp;Zimmer.<br>&nbsp;<\/p>\n<\/blockquote>\n\n\n\n<p>De acordo com o Instituto Serrapilheira, a pesquisa foi publicada na revista Molecular Psychiatry, e os resultados foram refor\u00e7ados em revis\u00e3o internacional publicada em setembro, no peri\u00f3dico Lancet Neurology.<\/p>\n\n\n\n<p class=\"bs-intro\">FONTE: Ag\u00eancia Brasil<\/p>\n\n\n\n<ul class=\"wp-block-social-links has-icon-color is-style-logos-only is-vertical is-layout-flex wp-container-core-social-links-is-layout-8cf370e7 wp-block-social-links-is-layout-flex\"><li style=\"color:#0693e3;\" class=\"wp-social-link wp-social-link-whatsapp has-vivid-cyan-blue-color wp-block-social-link\"><a href=\"https:\/\/wa.me\/\/75991238048\" class=\"wp-block-social-link-anchor\"><svg width=\"24\" height=\"24\" viewBox=\"0 0 24 24\" version=\"1.1\" xmlns=\"http:\/\/www.w3.org\/2000\/svg\" aria-hidden=\"true\" focusable=\"false\"><path d=\"M 12.011719 2 C 6.5057187 2 2.0234844 6.478375 2.0214844 11.984375 C 2.0204844 13.744375 2.4814687 15.462563 3.3554688 16.976562 L 2 22 L 7.2324219 20.763672 C 8.6914219 21.559672 10.333859 21.977516 12.005859 21.978516 L 12.009766 21.978516 C 17.514766 21.978516 21.995047 17.499141 21.998047 11.994141 C 22.000047 9.3251406 20.962172 6.8157344 19.076172 4.9277344 C 17.190172 3.0407344 14.683719 2.001 12.011719 2 z M 12.009766 4 C 14.145766 4.001 16.153109 4.8337969 17.662109 6.3417969 C 19.171109 7.8517969 20.000047 9.8581875 19.998047 11.992188 C 19.996047 16.396187 16.413812 19.978516 12.007812 19.978516 C 10.674812 19.977516 9.3544062 19.642812 8.1914062 19.007812 L 7.5175781 18.640625 L 6.7734375 18.816406 L 4.8046875 19.28125 L 5.2851562 17.496094 L 5.5019531 16.695312 L 5.0878906 15.976562 C 4.3898906 14.768562 4.0204844 13.387375 4.0214844 11.984375 C 4.0234844 7.582375 7.6067656 4 12.009766 4 z M 8.4765625 7.375 C 8.3095625 7.375 8.0395469 7.4375 7.8105469 7.6875 C 7.5815469 7.9365 6.9355469 8.5395781 6.9355469 9.7675781 C 6.9355469 10.995578 7.8300781 12.182609 7.9550781 12.349609 C 8.0790781 12.515609 9.68175 15.115234 12.21875 16.115234 C 14.32675 16.946234 14.754891 16.782234 15.212891 16.740234 C 15.670891 16.699234 16.690438 16.137687 16.898438 15.554688 C 17.106437 14.971687 17.106922 14.470187 17.044922 14.367188 C 16.982922 14.263188 16.816406 14.201172 16.566406 14.076172 C 16.317406 13.951172 15.090328 13.348625 14.861328 13.265625 C 14.632328 13.182625 14.464828 13.140625 14.298828 13.390625 C 14.132828 13.640625 13.655766 14.201187 13.509766 14.367188 C 13.363766 14.534188 13.21875 14.556641 12.96875 14.431641 C 12.71875 14.305641 11.914938 14.041406 10.960938 13.191406 C 10.218937 12.530406 9.7182656 11.714844 9.5722656 11.464844 C 9.4272656 11.215844 9.5585938 11.079078 9.6835938 10.955078 C 9.7955938 10.843078 9.9316406 10.663578 10.056641 10.517578 C 10.180641 10.371578 10.223641 10.267562 10.306641 10.101562 C 10.389641 9.9355625 10.347156 9.7890625 10.285156 9.6640625 C 10.223156 9.5390625 9.737625 8.3065 9.515625 7.8125 C 9.328625 7.3975 9.131125 7.3878594 8.953125 7.3808594 C 8.808125 7.3748594 8.6425625 7.375 8.4765625 7.375 z\"><\/path><\/svg><span class=\"wp-block-social-link-label screen-reader-text\">WhatsApp<\/span><\/a><\/li>\n\n<li style=\"color:#0693e3;\" class=\"wp-social-link wp-social-link-instagram has-vivid-cyan-blue-color wp-block-social-link\"><a href=\"https:\/\/www.instagram.com\/radiosisal97.3\/profilecard\/?igsh=MWo1azd5aXNvN2hmcQ==\" class=\"wp-block-social-link-anchor\"><svg width=\"24\" height=\"24\" viewBox=\"0 0 24 24\" version=\"1.1\" xmlns=\"http:\/\/www.w3.org\/2000\/svg\" aria-hidden=\"true\" focusable=\"false\"><path d=\"M12,4.622c2.403,0,2.688,0.009,3.637,0.052c0.877,0.04,1.354,0.187,1.671,0.31c0.42,0.163,0.72,0.358,1.035,0.673 c0.315,0.315,0.51,0.615,0.673,1.035c0.123,0.317,0.27,0.794,0.31,1.671c0.043,0.949,0.052,1.234,0.052,3.637 s-0.009,2.688-0.052,3.637c-0.04,0.877-0.187,1.354-0.31,1.671c-0.163,0.42-0.358,0.72-0.673,1.035 c-0.315,0.315-0.615,0.51-1.035,0.673c-0.317,0.123-0.794,0.27-1.671,0.31c-0.949,0.043-1.233,0.052-3.637,0.052 s-2.688-0.009-3.637-0.052c-0.877-0.04-1.354-0.187-1.671-0.31c-0.42-0.163-0.72-0.358-1.035-0.673 c-0.315-0.315-0.51-0.615-0.673-1.035c-0.123-0.317-0.27-0.794-0.31-1.671C4.631,14.688,4.622,14.403,4.622,12 s0.009-2.688,0.052-3.637c0.04-0.877,0.187-1.354,0.31-1.671c0.163-0.42,0.358-0.72,0.673-1.035 c0.315-0.315,0.615-0.51,1.035-0.673c0.317-0.123,0.794-0.27,1.671-0.31C9.312,4.631,9.597,4.622,12,4.622 M12,3 C9.556,3,9.249,3.01,8.289,3.054C7.331,3.098,6.677,3.25,6.105,3.472C5.513,3.702,5.011,4.01,4.511,4.511 c-0.5,0.5-0.808,1.002-1.038,1.594C3.25,6.677,3.098,7.331,3.054,8.289C3.01,9.249,3,9.556,3,12c0,2.444,0.01,2.751,0.054,3.711 c0.044,0.958,0.196,1.612,0.418,2.185c0.23,0.592,0.538,1.094,1.038,1.594c0.5,0.5,1.002,0.808,1.594,1.038 c0.572,0.222,1.227,0.375,2.185,0.418C9.249,20.99,9.556,21,12,21s2.751-0.01,3.711-0.054c0.958-0.044,1.612-0.196,2.185-0.418 c0.592-0.23,1.094-0.538,1.594-1.038c0.5-0.5,0.808-1.002,1.038-1.594c0.222-0.572,0.375-1.227,0.418-2.185 C20.99,14.751,21,14.444,21,12s-0.01-2.751-0.054-3.711c-0.044-0.958-0.196-1.612-0.418-2.185c-0.23-0.592-0.538-1.094-1.038-1.594 c-0.5-0.5-1.002-0.808-1.594-1.038c-0.572-0.222-1.227-0.375-2.185-0.418C14.751,3.01,14.444,3,12,3L12,3z M12,7.378 c-2.552,0-4.622,2.069-4.622,4.622S9.448,16.622,12,16.622s4.622-2.069,4.622-4.622S14.552,7.378,12,7.378z M12,15 c-1.657,0-3-1.343-3-3s1.343-3,3-3s3,1.343,3,3S13.657,15,12,15z M16.804,6.116c-0.596,0-1.08,0.484-1.08,1.08 s0.484,1.08,1.08,1.08c0.596,0,1.08-0.484,1.08-1.08S17.401,6.116,16.804,6.116z\"><\/path><\/svg><span class=\"wp-block-social-link-label screen-reader-text\">Instagram<\/span><\/a><\/li>\n\n<li style=\"color:#0693e3;\" class=\"wp-social-link wp-social-link-facebook has-vivid-cyan-blue-color wp-block-social-link\"><a href=\"https:\/\/www.facebook.com\/share\/1A7WveK9ft\/?mibextid=wwXIfr\" class=\"wp-block-social-link-anchor\"><svg width=\"24\" height=\"24\" viewBox=\"0 0 24 24\" version=\"1.1\" xmlns=\"http:\/\/www.w3.org\/2000\/svg\" aria-hidden=\"true\" focusable=\"false\"><path d=\"M12 2C6.5 2 2 6.5 2 12c0 5 3.7 9.1 8.4 9.9v-7H7.9V12h2.5V9.8c0-2.5 1.5-3.9 3.8-3.9 1.1 0 2.2.2 2.2.2v2.5h-1.3c-1.2 0-1.6.8-1.6 1.6V12h2.8l-.4 2.9h-2.3v7C18.3 21.1 22 17 22 12c0-5.5-4.5-10-10-10z\"><\/path><\/svg><span class=\"wp-block-social-link-label screen-reader-text\">Facebook<\/span><\/a><\/li><\/ul>\n","protected":false},"excerpt":{"rendered":"<p>Doen\u00e7a pode ser diagnosticada por exames de sangue. Estudos recentes feito por cientistas brasileiros confirmaram o potencial de um exame de sangue para o diagn\u00f3stico do Alzheimer.&nbsp;As an\u00e1lises apontam o bom&nbsp;desempenho da prote\u00edna p-tau217 como o principal biomarcador para distinguir, por meio desse exame, indiv\u00edduos saud\u00e1veis de pessoas com a doen\u00e7a.&nbsp;O objetivo das pesquisas, apoiadas [&hellip;]<\/p>\n","protected":false},"author":2,"featured_media":9972,"comment_status":"open","ping_status":"open","sticky":false,"template":"","format":"standard","meta":{"footnotes":""},"categories":[1],"tags":[],"class_list":["post-9971","post","type-post","status-publish","format-standard","has-post-thumbnail","hentry","category-geral"],"jetpack_sharing_enabled":true,"jetpack_featured_media_url":"https:\/\/i0.wp.com\/radiosisal.com\/br\/wp-content\/uploads\/2025\/10\/louis-reed-pwckf7l4-no-unsplash.webp?fit=1170%2C700&ssl=1","_links":{"self":[{"href":"https:\/\/radiosisal.com\/br\/wp-json\/wp\/v2\/posts\/9971","targetHints":{"allow":["GET"]}}],"collection":[{"href":"https:\/\/radiosisal.com\/br\/wp-json\/wp\/v2\/posts"}],"about":[{"href":"https:\/\/radiosisal.com\/br\/wp-json\/wp\/v2\/types\/post"}],"author":[{"embeddable":true,"href":"https:\/\/radiosisal.com\/br\/wp-json\/wp\/v2\/users\/2"}],"replies":[{"embeddable":true,"href":"https:\/\/radiosisal.com\/br\/wp-json\/wp\/v2\/comments?post=9971"}],"version-history":[{"count":1,"href":"https:\/\/radiosisal.com\/br\/wp-json\/wp\/v2\/posts\/9971\/revisions"}],"predecessor-version":[{"id":9974,"href":"https:\/\/radiosisal.com\/br\/wp-json\/wp\/v2\/posts\/9971\/revisions\/9974"}],"wp:featuredmedia":[{"embeddable":true,"href":"https:\/\/radiosisal.com\/br\/wp-json\/wp\/v2\/media\/9972"}],"wp:attachment":[{"href":"https:\/\/radiosisal.com\/br\/wp-json\/wp\/v2\/media?parent=9971"}],"wp:term":[{"taxonomy":"category","embeddable":true,"href":"https:\/\/radiosisal.com\/br\/wp-json\/wp\/v2\/categories?post=9971"},{"taxonomy":"post_tag","embeddable":true,"href":"https:\/\/radiosisal.com\/br\/wp-json\/wp\/v2\/tags?post=9971"}],"curies":[{"name":"wp","href":"https:\/\/api.w.org\/{rel}","templated":true}]}}