{"id":9997,"date":"2025-10-17T13:00:59","date_gmt":"2025-10-17T13:00:59","guid":{"rendered":"https:\/\/radiosisal.com\/br\/?p=9997"},"modified":"2025-10-17T13:01:00","modified_gmt":"2025-10-17T13:01:00","slug":"enem-2025-como-reconhecer-as-competencias-avaliadas-na-redacao","status":"publish","type":"post","link":"https:\/\/radiosisal.com\/br\/2025\/10\/17\/enem-2025-como-reconhecer-as-competencias-avaliadas-na-redacao\/","title":{"rendered":"ENEM 2025: COMO RECONHECER AS COMPET\u00caNCIAS AVALIADAS NA REDA\u00c7\u00c3O"},"content":{"rendered":"\n<p><\/p>\n\n\n\n<p>Corre\u00e7\u00e3o do texto \u00e9 feita com base em cinco compet\u00eancias, cada uma valendo at\u00e9 200 pontos. Entenda o que \u00e9 esperado em cada uma para pontuar melhor no exame, que ser\u00e1 em 9 de novembro.<\/p>\n\n\n\n<p>A reda\u00e7\u00e3o do&nbsp;<a class=\"\" href=\"https:\/\/g1.globo.com\/educacao\/enem\/2025\/\"><strong>Exame Nacional do Ensino M\u00e9dio (Enem)&nbsp;<\/strong><\/a>\u00e9 avaliada conforme&nbsp;<strong>cinco compet\u00eancias<\/strong>, estabelecidas na Matriz de Refer\u00eancia, documento que orienta os corretores quanto aos par\u00e2metros que devem verificar no texto de cada candidato.<\/p>\n\n\n\n<p>Por isso, \u00e9 primordial que o aluno bem-preparado saiba exatamente o que \u00e9 cobrado, para identificar o dom\u00ednio das compet\u00eancias no pr\u00f3prio texto e aumentar as chances de alcan\u00e7ar uma boa pontua\u00e7\u00e3o.<\/p>\n\n\n\n<ul class=\"wp-block-list\">\n<li>\ud83d\udcc6 O\u00a0<a class=\"\" href=\"https:\/\/g1.globo.com\/tudo-sobre\/enem\/\"><strong>Enem<\/strong><\/a><strong>\u00a02025\u00a0<\/strong>ser\u00e1 aplicado nos dias 9 e 16 de novembro, sendo a reda\u00e7\u00e3o parte do primeiro dia de exame, em que os participantes tamb\u00e9m encaram 90 quest\u00f5es objetivas de Linguagens e Ci\u00eancias Humanas.<\/li>\n<\/ul>\n\n\n\n<p>Cada compet\u00eancia re\u00fane aspectos espec\u00edficos e recebe&nbsp;nota entre 0 e 200 pontos&nbsp;\u2013 que, somados, resultam na nota m\u00e1xima de 1.000 pontos. S\u00e3o elas:<\/p>\n\n\n\n<ul class=\"wp-block-list\">\n<li><strong>Compet\u00eancia 1:<\/strong>\u00a0Demonstrar dom\u00ednio da modalidade escrita formal da l\u00edngua portuguesa.<\/li>\n\n\n\n<li><strong>Compet\u00eancia 2:<\/strong>\u00a0Compreender a proposta de reda\u00e7\u00e3o e aplicar conceitos das v\u00e1rias \u00e1reas de conhecimento para desenvolver o tema, dentro dos limites estruturais do texto dissertativo-argumentativo em prosa.<\/li>\n\n\n\n<li><strong>Compet\u00eancia 3:\u00a0<\/strong>Selecionar, relacionar, organizar e interpretar informa\u00e7\u00f5es, fatos, opini\u00f5es e argumentos em defesa de um ponto de vista.<\/li>\n\n\n\n<li><strong>Compet\u00eancia 4:<\/strong>\u00a0Demonstrar conhecimento dos mecanismos lingu\u00edsticos necess\u00e1rios para a constru\u00e7\u00e3o da argumenta\u00e7\u00e3o.<\/li>\n\n\n\n<li><strong>Compet\u00eancia 5:\u00a0<\/strong>Elaborar proposta de interven\u00e7\u00e3o para o problema abordado, respeitando os direitos humanos.<\/li>\n<\/ul>\n\n\n\n<p>Os corretores utilizam<strong>&nbsp;n\u00edveis de desempenho<\/strong>&nbsp;(de 0 a 5) que descrevem o grau de atendimento aos crit\u00e9rios. Um texto que demonstra dom\u00ednio pleno da compet\u00eancia, com inadequa\u00e7\u00f5es raras, atinge o n\u00edvel m\u00e1ximo de 200 pontos. Enquanto isso, a reda\u00e7\u00e3o com falhas pontuais \u00e9 classificada em n\u00edveis intermedi\u00e1rios. J\u00e1 aquela com desvios graves recebe notas muito baixas ou at\u00e9 zero na compet\u00eancia.<\/p>\n\n\n\n<p><strong>\u27a1\ufe0f Como funciona a atribui\u00e7\u00e3o de notas?<\/strong>&nbsp;O texto passa pelo crivo de dois avaliadores, e a nota final do participante \u00e9 a m\u00e9dia aritm\u00e9tica das duas notas atribu\u00eddas.<\/p>\n\n\n\n<p>As cinco compet\u00eancias n\u00e3o s\u00e3o avaliadas de forma isolada. Deve haver coer\u00eancia entre elas, o que garante a unidade do texto. Os aspectos exigidos est\u00e3o interligados e se articulam para formar uma reda\u00e7\u00e3o coesa e convincente. Assim, o corretor consegue perceber se o candidato domina o g\u00eanero dissertativo-argumentativo de forma global.<\/p>\n\n\n\n<p class=\"bs-intro\">Compet\u00eancia 1<\/p>\n\n\n\n<p>A primeira compet\u00eancia avaliada \u00e9 o dom\u00ednio da&nbsp;norma formal escrita da l\u00edngua portuguesa. Ou seja, se o candidato sabe usar corretamente a gram\u00e1tica.<\/p>\n\n\n\n<p>Desvios da norma padr\u00e3o, quando frequentes, comprometem a nota nessa compet\u00eancia. A presen\u00e7a de registro informal, marcas de oralidade ou g\u00edrias tamb\u00e9m prejudica a pontua\u00e7\u00e3o.<\/p>\n\n\n\n<p><strong>\ud83d\udea8 Aten\u00e7\u00e3o:<\/strong>&nbsp;escrita formal n\u00e3o \u00e9 sin\u00f4nimo de usar termos dif\u00edceis para impressionar o corretor. Se n\u00e3o tiver seguran\u00e7a sobre o significado de uma palavra que soa bonita, evite us\u00e1-la na reda\u00e7\u00e3o.<\/p>\n\n\n\n<p>Conforme a&nbsp;<a class=\"\" href=\"https:\/\/g1.globo.com\/educacao\/enem\/2025\/noticia\/2025\/10\/03\/inep-divulga-cartilha-de-redacao-do-enem-2025-veja-material.ghtml\"><strong>Cartilha de Reda\u00e7\u00e3o do Enem<\/strong><\/a>, s\u00e3o considerados desvios:<\/p>\n\n\n\n<ul class=\"wp-block-list\">\n<li><strong>conven\u00e7\u00f5es da escrita<\/strong>\u00a0\u2014 acentua\u00e7\u00e3o, ortografia, uso de h\u00edfen, emprego de letras mai\u00fasculas e min\u00fasculas e separa\u00e7\u00e3o sil\u00e1bica (translinea\u00e7\u00e3o);<\/li>\n\n\n\n<li><strong>gramaticais\u00a0<\/strong>\u2014 reg\u00eancia verbal e nominal, concord\u00e2ncia verbal e nominal, tempos e modos verbais, pontua\u00e7\u00e3o, paralelismos sint\u00e1tico, morfol\u00f3gico e sem\u00e2ntico, emprego de pronomes e crase;<\/li>\n\n\n\n<li><strong>escolha de registro<\/strong>\u00a0\u2014 adequa\u00e7\u00e3o \u00e0 modalidade escrita formal, isto \u00e9, aus\u00eancia de uso de registro informal e\/ou de marcas de oralidade;<\/li>\n\n\n\n<li><strong>escolha vocabular<\/strong>\u00a0\u2014 emprego de vocabul\u00e1rio preciso, o que significa que as palavras selecionadas s\u00e3o usadas em seu sentido correto e s\u00e3o apropriadas ao contexto em que aparecem.<\/li>\n<\/ul>\n\n\n\n<p><strong>Veja como a nota da compet\u00eancia 1 \u00e9 composta:<\/strong><\/p>\n\n\n<div class=\"wp-block-image\">\n<figure class=\"aligncenter is-resized\"><img decoding=\"async\" src=\"https:\/\/i0.wp.com\/s2-g1.glbimg.com\/7FzieKveHHNgHn-alA5b2IEIKkE=\/0x0:651x1082\/984x0\/smart\/filters:strip_icc()\/i.s3.glbimg.com\/v1\/AUTH_59edd422c0c84a879bd37670ae4f538a\/internal_photos\/bs\/2022\/o\/A\/dRPlUqTU2cAxowgiAfeQ\/competencia1.png?w=1170&#038;ssl=1\" alt=\"Compet\u00eancia 1 da reda\u00e7\u00e3o do Enem 2022. \u2014 Foto: g1\" style=\"width:432px;height:auto\" data-recalc-dims=\"1\"\/><\/figure>\n<\/div>\n\n\n<p>Compet\u00eancia 1 da reda\u00e7\u00e3o do Enem 2022. \u2014 Foto: g1<\/p>\n\n\n\n<h2 class=\"wp-block-heading\">Compet\u00eancia 2<\/h2>\n\n\n\n<p>Para &#8220;gabaritar&#8221; a segunda compet\u00eancia, \u00e9 preciso estar familiarizado com o formato de texto&nbsp;<strong>dissertativo-argumentativo&nbsp;<\/strong>pedido na prova. Segundo a cartilha, o candidato &#8220;deve evitar elaborar um texto de car\u00e1ter apenas expositivo, devendo assumir claramente um ponto de vista&#8221;.<\/p>\n\n\n\n<p>Esse tipo textual tem dupla natureza: argumentativo porque defende uma opini\u00e3o, e dissertativo porque utiliza explica\u00e7\u00f5es para justific\u00e1-la. Para isso, a estrutura esperada inclui introdu\u00e7\u00e3o, desenvolvimento e conclus\u00e3o.<\/p>\n\n\n\n<p>Al\u00e9m da adequa\u00e7\u00e3o ao g\u00eanero textual, o&nbsp;respeito ao tema apresentado na proposta de reda\u00e7\u00e3o tamb\u00e9m \u00e9 fundamental e \u00e9 avaliado na compet\u00eancia 2. H\u00e1 dois cen\u00e1rios em que os preju\u00edzos podem ser grandes:&nbsp;<strong>fuga total ao tema<\/strong>&nbsp;(quando nem o assunto mais amplo nem o tema espec\u00edfico proposto s\u00e3o desenvolvidos) e&nbsp;<strong>fuga parcial ou tangenciamento ao tema&nbsp;<\/strong>(quando o texto aborda s\u00f3 parcialmente, de forma ampla, o assunto a que o tema est\u00e1 vinculado).<\/p>\n\n\n\n<p>\ud83d\udea8 No primeiro caso, a reda\u00e7\u00e3o recebe&nbsp;<strong>nota zero<\/strong>. Se h\u00e1 tangenciamento, a prova n\u00e3o \u00e9 zerada, mas a&nbsp;<strong>perda de pontos pode ser significativa<\/strong>, j\u00e1 que afeta v\u00e1rias compet\u00eancias \u2013 afinal, o candidato n\u00e3o respondeu ao recorte proposto pela frase-tema.<\/p>\n\n\n\n<p>A compet\u00eancia 2 tamb\u00e9m avalia a presen\u00e7a de&nbsp;repert\u00f3rio sociocultural: uma informa\u00e7\u00e3o, um fato, uma cita\u00e7\u00e3o ou uma experi\u00eancia vivida que, de alguma forma, esteja relacionada ao tema e contribua como argumento para a discuss\u00e3o proposta. Nesse ponto, a cartilha tamb\u00e9m alerta para o uso de &#8220;repert\u00f3rio de bolso&#8221; (<a class=\"\" href=\"https:\/\/g1.globo.com\/educacao\/enem\/2025\/noticia\/2025\/10\/05\/redacao-do-enem-como-usar-repertorio-sociocultural-sem-forcar-ou-cair-em-modelos-prontos.ghtml\">entenda por que isso \u00e9 problem\u00e1tico<\/a>).<\/p>\n\n\n\n<p><strong>Veja como a nota da compet\u00eancia 2 \u00e9 composta:<\/strong><\/p>\n\n\n<div class=\"wp-block-image\">\n<figure class=\"aligncenter is-resized\"><img decoding=\"async\" src=\"https:\/\/i0.wp.com\/s2-g1.glbimg.com\/gp8hpt4pa0LW3rnxx4zDb0QXNCc=\/0x0:651x1097\/984x0\/smart\/filters:strip_icc()\/i.s3.glbimg.com\/v1\/AUTH_59edd422c0c84a879bd37670ae4f538a\/internal_photos\/bs\/2022\/M\/b\/5oG5XUQIS5VjhE6m7pig\/competencia2.png?w=1170&#038;ssl=1\" alt=\"Compet\u00eancia 2 da reda\u00e7\u00e3o do Enem 2022. \u2014 Foto: g1\" style=\"width:353px;height:auto\" data-recalc-dims=\"1\"\/><\/figure>\n<\/div>\n\n\n<p>Compet\u00eancia 2 da reda\u00e7\u00e3o do Enem 2022. \u2014 Foto: g1<\/p>\n\n\n\n<h2 class=\"wp-block-heading\">Compet\u00eancia 3<\/h2>\n\n\n\n<p>A terceira compet\u00eancia da reda\u00e7\u00e3o avalia a capacidade do participante de&nbsp;<strong>selecionar<\/strong>,&nbsp;<strong>relacionar<\/strong>,&nbsp;<strong>organizar<\/strong>&nbsp;e&nbsp;<strong>interpretar fatos<\/strong>,&nbsp;<strong>opini\u00f5es e<\/strong>&nbsp;<strong>argumentos<\/strong>&nbsp;para defender seu ponto de vista acerca da situa\u00e7\u00e3o-problema do tema proposto. Ou seja, como o aluno vai&nbsp;argumentar, com base em dados e informa\u00e7\u00f5es, para refor\u00e7ar sua opini\u00e3o na reda\u00e7\u00e3o.<\/p>\n\n\n\n<p>A argumenta\u00e7\u00e3o sustenta e justifica a tese apresentada na introdu\u00e7\u00e3o do texto. Quando \u00e9 superficial ou gen\u00e9rica, a reda\u00e7\u00e3o perde for\u00e7a e clareza.<\/p>\n\n\n\n<p>Por isso, a nota \u00e9 bastante prejudicada quando a argumenta\u00e7\u00e3o \u00e9 constru\u00edda com frases vagas, exemplos irrelevantes, informa\u00e7\u00f5es soltas, repetitivas ou contradit\u00f3rias.&nbsp;Uma boa argumenta\u00e7\u00e3o exige clareza, consist\u00eancia e l\u00f3gica, al\u00e9m de exemplos, dados ou alus\u00f5es pertinentes&nbsp;(o tal repert\u00f3rio sociocultural), que reforcem a tese.<\/p>\n\n\n\n<p>Se as refer\u00eancias apresentadas n\u00e3o tiverem&nbsp;<strong>rela\u00e7\u00e3o direta&nbsp;<\/strong>com o tema, a nota ser\u00e1 reduzida.<\/p>\n\n\n\n<p>Para ir bem nesta compet\u00eancia, o aluno deve construir repert\u00f3rio cotidianamente, sempre refletindo sobre como poderia aplicar os&nbsp;<a class=\"\" href=\"https:\/\/g1.globo.com\/educacao\/enem\/2025\/noticia\/2025\/10\/12\/enem-2025-como-estudar-usando-filmes-series-e-outras-obras.ghtml\">conhecimentos de diferentes \u00e1reas<\/a>&nbsp;em temas de reda\u00e7\u00e3o.<\/p>\n\n\n\n<p><strong>Confira como a nota da compet\u00eancia 3 \u00e9 constitu\u00edda:<\/strong><\/p>\n\n\n<div class=\"wp-block-image\">\n<figure class=\"aligncenter is-resized\"><img decoding=\"async\" src=\"https:\/\/i0.wp.com\/s2-g1.glbimg.com\/avLLB-CIBprulJmQGspv0Oy8SKs=\/0x0:651x1097\/984x0\/smart\/filters:strip_icc()\/i.s3.glbimg.com\/v1\/AUTH_59edd422c0c84a879bd37670ae4f538a\/internal_photos\/bs\/2022\/e\/P\/MHfOevShADYuuAhH9L2g\/competencia3.png?w=1170&#038;ssl=1\" alt=\"Compet\u00eancia 3 da reda\u00e7\u00e3o do Enem 2022. \u2014 Foto: g1\" style=\"aspect-ratio:1;width:449px;height:auto\" data-recalc-dims=\"1\"\/><\/figure>\n<\/div>\n\n\n<p>Compet\u00eancia 3 da reda\u00e7\u00e3o do Enem 2022. \u2014 Foto: g1<\/p>\n\n\n\n<h2 class=\"wp-block-heading\">Compet\u00eancia 4<\/h2>\n\n\n\n<p>A compet\u00eancia 4 vai avaliar a coes\u00e3o do texto, que garante a&nbsp;<strong>unidade textual.<\/strong><\/p>\n\n\n\n<p>O desempenho \u00e9 insuficiente nessa compet\u00eancia quando o texto n\u00e3o estabelece liga\u00e7\u00f5es claras entre as ideias, o que pode ocorrer pelo uso incorreto de conectivos, repeti\u00e7\u00f5es desnecess\u00e1rias ou falta de continuidade entre os par\u00e1grafos.<\/p>\n\n\n\n<p>Os avaliadores&nbsp;<strong>v\u00e3o considerar as conex\u00f5es entre as partes do texto<\/strong>. Ou seja, as liga\u00e7\u00f5es entre as palavras na frase, entre as frases no par\u00e1grafo e, especialmente, entre os par\u00e1grafos na progress\u00e3o do texto.<\/p>\n\n\n\n<p>Al\u00e9m disso, para garantir uniformidade na corre\u00e7\u00e3o, h\u00e1 um&nbsp;crit\u00e9rio que exige que pelo menos dois par\u00e1grafos se iniciem com o que \u00e9 chamado de&nbsp;<strong>operador argumentativo<\/strong>, um tipo de recurso de coes\u00e3o.<\/p>\n\n\n\n<p>\u00c9 um termo que estabelece uma rela\u00e7\u00e3o l\u00f3gica entre o par\u00e1grafo que se inicia e o par\u00e1grafo anterior \u2013 e marca rela\u00e7\u00f5es de semelhan\u00e7a, oposi\u00e7\u00e3o, causa ou conclus\u00e3o (assim como, por\u00e9m, por isso, portanto etc.). Preposi\u00e7\u00f5es, conjun\u00e7\u00f5es e adv\u00e9rbios tamb\u00e9m ajudam no encadeamento de ideias.<\/p>\n\n\n\n<p>\ud83d\udea8 A variedade tamb\u00e9m ser\u00e1 observada. &#8220;Na produ\u00e7\u00e3o da sua reda\u00e7\u00e3o, voc\u00ea deve utilizar&nbsp;<strong>variados recursos lingu\u00edsticos<\/strong>&nbsp;que garantam as rela\u00e7\u00f5es de continuidade essenciais \u00e0 elabora\u00e7\u00e3o de um texto coeso&#8221;, esclarece a cartilha.<\/p>\n\n\n\n<p>O documento recomenda que seja&nbsp;evitado:<\/p>\n\n\n\n<ul class=\"wp-block-list\">\n<li>aus\u00eancia de articula\u00e7\u00e3o entre ora\u00e7\u00f5es, frases e par\u00e1grafos;<\/li>\n\n\n\n<li>aus\u00eancia de paragrafa\u00e7\u00e3o (texto elaborado em um \u00fanico par\u00e1grafo);<\/li>\n\n\n\n<li>emprego de conector (preposi\u00e7\u00e3o, conjun\u00e7\u00e3o, pronome relativo, alguns adv\u00e9rbios e locu\u00e7\u00f5es adverbiais) que\u00a0<strong>n\u00e3o\u00a0<\/strong>estabele\u00e7a rela\u00e7\u00e3o l\u00f3gica entre dois trechos do texto e prejudique a compreens\u00e3o da mensagem;<\/li>\n\n\n\n<li>repeti\u00e7\u00e3o ou substitui\u00e7\u00e3o inadequada de palavras sem se valer dos recursos oferecidos pela l\u00edngua (pronome, adv\u00e9rbio, artigo, sin\u00f4nimo).<\/li>\n<\/ul>\n\n\n\n<p><strong>Veja como a nota da compet\u00eancia 4 \u00e9 constitu\u00edda:<\/strong><\/p>\n\n\n<div class=\"wp-block-image\">\n<figure class=\"aligncenter is-resized\"><img decoding=\"async\" src=\"https:\/\/i0.wp.com\/s2-g1.glbimg.com\/8s4cP_VvyB8kNZ437EN-k1iAT10=\/0x0:651x1082\/984x0\/smart\/filters:strip_icc()\/i.s3.glbimg.com\/v1\/AUTH_59edd422c0c84a879bd37670ae4f538a\/internal_photos\/bs\/2022\/3\/n\/UcG1BxQlWsmkxyaEWkNw\/competencia4.png?w=1170&#038;ssl=1\" alt=\"Compet\u00eancia 4 da reda\u00e7\u00e3o do Enem 2022. \u2014 Foto: g1\" style=\"width:431px;height:auto\" data-recalc-dims=\"1\"\/><\/figure>\n<\/div>\n\n\n<p>Compet\u00eancia 4 da reda\u00e7\u00e3o do Enem 2022. \u2014 Foto: g1<\/p>\n\n\n\n<h2 class=\"wp-block-heading\">Compet\u00eancia 5<\/h2>\n\n\n\n<p>A quinta e \u00faltima compet\u00eancia cobrada na reda\u00e7\u00e3o do Enem \u00e9 a&nbsp;apresenta\u00e7\u00e3o de uma proposta de interven\u00e7\u00e3o para o problema abordado, respeitando os direitos humanos.<\/p>\n\n\n\n<p>Em outras palavras, uma iniciativa que enfrente ou resolva a quest\u00e3o. Apresentada na conclus\u00e3o da reda\u00e7\u00e3o, a proposta deve ser concreta, espec\u00edfica e coerente com a argumenta\u00e7\u00e3o desenvolvida ao longo do texto, apresentando cinco elementos fundamentais:<\/p>\n\n\n\n<ul class=\"wp-block-list\">\n<li><strong>A a\u00e7\u00e3o:<\/strong>\u00a0o que \u00e9 poss\u00edvel apresentar como solu\u00e7\u00e3o para o problema;<\/li>\n\n\n\n<li><strong>O agente:<\/strong>\u00a0quem deve execut\u00e1-la;<\/li>\n\n\n\n<li><strong>A maneira:<\/strong>\u00a0como viabilizar essa solu\u00e7\u00e3o;<\/li>\n\n\n\n<li><strong>O resultado:\u00a0<\/strong>qual efeito ela pode alcan\u00e7ar;<\/li>\n\n\n\n<li><strong>Detalhamento de um dos elementos anteriores:<\/strong>\u00a0que outra informa\u00e7\u00e3o pode ser acrescentada para detalhar a proposta.<\/li>\n<\/ul>\n\n\n\n<p>A nota ser\u00e1 severamente prejudicada em caso de aus\u00eancia de proposta de interven\u00e7\u00e3o ou apresenta\u00e7\u00e3o de propostas vagas, gen\u00e9ricas ou incompat\u00edveis com o tema.<\/p>\n\n\n\n<p>Al\u00e9m disso, \u00e9 fundamental que a proposta seja feita&nbsp;respeitando os direitos humanos. Isto \u00e9, a proposta de interven\u00e7\u00e3o n\u00e3o pode, por exemplo,&nbsp;atentar contra a integridade f\u00edsica ou sugerir linchamento. A reda\u00e7\u00e3o que n\u00e3o seguir essa orienta\u00e7\u00e3o ser\u00e1 zerada na compet\u00eancia 5, perdendo os 200 pontos poss\u00edveis.<\/p>\n\n\n\n<p><strong>Confira como a nota da compet\u00eancia 5 \u00e9 composta:<\/strong><\/p>\n\n\n<div class=\"wp-block-image\">\n<figure class=\"aligncenter is-resized\"><img decoding=\"async\" src=\"https:\/\/i0.wp.com\/s2-g1.glbimg.com\/7I353-wu1sPBMSmfDqyP1XEN19s=\/0x0:651x1102\/984x0\/smart\/filters:strip_icc()\/i.s3.glbimg.com\/v1\/AUTH_59edd422c0c84a879bd37670ae4f538a\/internal_photos\/bs\/2022\/B\/8\/oMmmlWRP2ZDiaHbAWXbA\/competencia5.png?w=1170&#038;ssl=1\" alt=\"Compet\u00eancia 5 da reda\u00e7\u00e3o do Enem 2022. \u2014 Foto: g1\" style=\"width:434px;height:auto\" data-recalc-dims=\"1\"\/><\/figure>\n<\/div>\n\n\n<p>Compet\u00eancia 5 da reda\u00e7\u00e3o do Enem 2022. \u2014 Foto: g1<\/p>\n\n\n\n<p class=\"bs-intro\">FONTE: G1<\/p>\n\n\n\n<ul class=\"wp-block-social-links has-icon-color is-style-logos-only is-vertical is-layout-flex wp-container-core-social-links-is-layout-8cf370e7 wp-block-social-links-is-layout-flex\"><li style=\"color:#0693e3;\" class=\"wp-social-link wp-social-link-whatsapp has-vivid-cyan-blue-color wp-block-social-link\"><a href=\"https:\/\/wa.me\/\/75991238048\" class=\"wp-block-social-link-anchor\"><svg width=\"24\" height=\"24\" viewBox=\"0 0 24 24\" version=\"1.1\" xmlns=\"http:\/\/www.w3.org\/2000\/svg\" aria-hidden=\"true\" focusable=\"false\"><path d=\"M 12.011719 2 C 6.5057187 2 2.0234844 6.478375 2.0214844 11.984375 C 2.0204844 13.744375 2.4814687 15.462563 3.3554688 16.976562 L 2 22 L 7.2324219 20.763672 C 8.6914219 21.559672 10.333859 21.977516 12.005859 21.978516 L 12.009766 21.978516 C 17.514766 21.978516 21.995047 17.499141 21.998047 11.994141 C 22.000047 9.3251406 20.962172 6.8157344 19.076172 4.9277344 C 17.190172 3.0407344 14.683719 2.001 12.011719 2 z M 12.009766 4 C 14.145766 4.001 16.153109 4.8337969 17.662109 6.3417969 C 19.171109 7.8517969 20.000047 9.8581875 19.998047 11.992188 C 19.996047 16.396187 16.413812 19.978516 12.007812 19.978516 C 10.674812 19.977516 9.3544062 19.642812 8.1914062 19.007812 L 7.5175781 18.640625 L 6.7734375 18.816406 L 4.8046875 19.28125 L 5.2851562 17.496094 L 5.5019531 16.695312 L 5.0878906 15.976562 C 4.3898906 14.768562 4.0204844 13.387375 4.0214844 11.984375 C 4.0234844 7.582375 7.6067656 4 12.009766 4 z M 8.4765625 7.375 C 8.3095625 7.375 8.0395469 7.4375 7.8105469 7.6875 C 7.5815469 7.9365 6.9355469 8.5395781 6.9355469 9.7675781 C 6.9355469 10.995578 7.8300781 12.182609 7.9550781 12.349609 C 8.0790781 12.515609 9.68175 15.115234 12.21875 16.115234 C 14.32675 16.946234 14.754891 16.782234 15.212891 16.740234 C 15.670891 16.699234 16.690438 16.137687 16.898438 15.554688 C 17.106437 14.971687 17.106922 14.470187 17.044922 14.367188 C 16.982922 14.263188 16.816406 14.201172 16.566406 14.076172 C 16.317406 13.951172 15.090328 13.348625 14.861328 13.265625 C 14.632328 13.182625 14.464828 13.140625 14.298828 13.390625 C 14.132828 13.640625 13.655766 14.201187 13.509766 14.367188 C 13.363766 14.534188 13.21875 14.556641 12.96875 14.431641 C 12.71875 14.305641 11.914938 14.041406 10.960938 13.191406 C 10.218937 12.530406 9.7182656 11.714844 9.5722656 11.464844 C 9.4272656 11.215844 9.5585938 11.079078 9.6835938 10.955078 C 9.7955938 10.843078 9.9316406 10.663578 10.056641 10.517578 C 10.180641 10.371578 10.223641 10.267562 10.306641 10.101562 C 10.389641 9.9355625 10.347156 9.7890625 10.285156 9.6640625 C 10.223156 9.5390625 9.737625 8.3065 9.515625 7.8125 C 9.328625 7.3975 9.131125 7.3878594 8.953125 7.3808594 C 8.808125 7.3748594 8.6425625 7.375 8.4765625 7.375 z\"><\/path><\/svg><span class=\"wp-block-social-link-label screen-reader-text\">WhatsApp<\/span><\/a><\/li>\n\n<li style=\"color:#0693e3;\" class=\"wp-social-link wp-social-link-instagram has-vivid-cyan-blue-color wp-block-social-link\"><a href=\"https:\/\/www.instagram.com\/radiosisal97.3\/profilecard\/?igsh=MWo1azd5aXNvN2hmcQ==\" class=\"wp-block-social-link-anchor\"><svg width=\"24\" height=\"24\" viewBox=\"0 0 24 24\" version=\"1.1\" xmlns=\"http:\/\/www.w3.org\/2000\/svg\" aria-hidden=\"true\" focusable=\"false\"><path d=\"M12,4.622c2.403,0,2.688,0.009,3.637,0.052c0.877,0.04,1.354,0.187,1.671,0.31c0.42,0.163,0.72,0.358,1.035,0.673 c0.315,0.315,0.51,0.615,0.673,1.035c0.123,0.317,0.27,0.794,0.31,1.671c0.043,0.949,0.052,1.234,0.052,3.637 s-0.009,2.688-0.052,3.637c-0.04,0.877-0.187,1.354-0.31,1.671c-0.163,0.42-0.358,0.72-0.673,1.035 c-0.315,0.315-0.615,0.51-1.035,0.673c-0.317,0.123-0.794,0.27-1.671,0.31c-0.949,0.043-1.233,0.052-3.637,0.052 s-2.688-0.009-3.637-0.052c-0.877-0.04-1.354-0.187-1.671-0.31c-0.42-0.163-0.72-0.358-1.035-0.673 c-0.315-0.315-0.51-0.615-0.673-1.035c-0.123-0.317-0.27-0.794-0.31-1.671C4.631,14.688,4.622,14.403,4.622,12 s0.009-2.688,0.052-3.637c0.04-0.877,0.187-1.354,0.31-1.671c0.163-0.42,0.358-0.72,0.673-1.035 c0.315-0.315,0.615-0.51,1.035-0.673c0.317-0.123,0.794-0.27,1.671-0.31C9.312,4.631,9.597,4.622,12,4.622 M12,3 C9.556,3,9.249,3.01,8.289,3.054C7.331,3.098,6.677,3.25,6.105,3.472C5.513,3.702,5.011,4.01,4.511,4.511 c-0.5,0.5-0.808,1.002-1.038,1.594C3.25,6.677,3.098,7.331,3.054,8.289C3.01,9.249,3,9.556,3,12c0,2.444,0.01,2.751,0.054,3.711 c0.044,0.958,0.196,1.612,0.418,2.185c0.23,0.592,0.538,1.094,1.038,1.594c0.5,0.5,1.002,0.808,1.594,1.038 c0.572,0.222,1.227,0.375,2.185,0.418C9.249,20.99,9.556,21,12,21s2.751-0.01,3.711-0.054c0.958-0.044,1.612-0.196,2.185-0.418 c0.592-0.23,1.094-0.538,1.594-1.038c0.5-0.5,0.808-1.002,1.038-1.594c0.222-0.572,0.375-1.227,0.418-2.185 C20.99,14.751,21,14.444,21,12s-0.01-2.751-0.054-3.711c-0.044-0.958-0.196-1.612-0.418-2.185c-0.23-0.592-0.538-1.094-1.038-1.594 c-0.5-0.5-1.002-0.808-1.594-1.038c-0.572-0.222-1.227-0.375-2.185-0.418C14.751,3.01,14.444,3,12,3L12,3z M12,7.378 c-2.552,0-4.622,2.069-4.622,4.622S9.448,16.622,12,16.622s4.622-2.069,4.622-4.622S14.552,7.378,12,7.378z M12,15 c-1.657,0-3-1.343-3-3s1.343-3,3-3s3,1.343,3,3S13.657,15,12,15z M16.804,6.116c-0.596,0-1.08,0.484-1.08,1.08 s0.484,1.08,1.08,1.08c0.596,0,1.08-0.484,1.08-1.08S17.401,6.116,16.804,6.116z\"><\/path><\/svg><span class=\"wp-block-social-link-label screen-reader-text\">Instagram<\/span><\/a><\/li>\n\n<li style=\"color:#0693e3;\" class=\"wp-social-link wp-social-link-facebook has-vivid-cyan-blue-color wp-block-social-link\"><a href=\"https:\/\/www.facebook.com\/share\/1A7WveK9ft\/?mibextid=wwXIfr\" class=\"wp-block-social-link-anchor\"><svg width=\"24\" height=\"24\" viewBox=\"0 0 24 24\" version=\"1.1\" xmlns=\"http:\/\/www.w3.org\/2000\/svg\" aria-hidden=\"true\" focusable=\"false\"><path d=\"M12 2C6.5 2 2 6.5 2 12c0 5 3.7 9.1 8.4 9.9v-7H7.9V12h2.5V9.8c0-2.5 1.5-3.9 3.8-3.9 1.1 0 2.2.2 2.2.2v2.5h-1.3c-1.2 0-1.6.8-1.6 1.6V12h2.8l-.4 2.9h-2.3v7C18.3 21.1 22 17 22 12c0-5.5-4.5-10-10-10z\"><\/path><\/svg><span class=\"wp-block-social-link-label screen-reader-text\">Facebook<\/span><\/a><\/li><\/ul>\n\n\n\n<p><\/p>\n","protected":false},"excerpt":{"rendered":"<p>Corre\u00e7\u00e3o do texto \u00e9 feita com base em cinco compet\u00eancias, cada uma valendo at\u00e9 200 pontos. Entenda o que \u00e9 esperado em cada uma para pontuar melhor no exame, que ser\u00e1 em 9 de novembro. A reda\u00e7\u00e3o do&nbsp;Exame Nacional do Ensino M\u00e9dio (Enem)&nbsp;\u00e9 avaliada conforme&nbsp;cinco compet\u00eancias, estabelecidas na Matriz de Refer\u00eancia, documento que orienta os [&hellip;]<\/p>\n","protected":false},"author":2,"featured_media":9998,"comment_status":"open","ping_status":"open","sticky":false,"template":"","format":"standard","meta":{"footnotes":""},"categories":[1],"tags":[],"class_list":["post-9997","post","type-post","status-publish","format-standard","has-post-thumbnail","hentry","category-geral"],"jetpack_sharing_enabled":true,"jetpack_featured_media_url":"https:\/\/i0.wp.com\/radiosisal.com\/br\/wp-content\/uploads\/2025\/10\/Imagem-do-WhatsApp-de-2025-10-17-as-09.49.24_c8e5bc44.jpg?fit=984%2C656&ssl=1","_links":{"self":[{"href":"https:\/\/radiosisal.com\/br\/wp-json\/wp\/v2\/posts\/9997","targetHints":{"allow":["GET"]}}],"collection":[{"href":"https:\/\/radiosisal.com\/br\/wp-json\/wp\/v2\/posts"}],"about":[{"href":"https:\/\/radiosisal.com\/br\/wp-json\/wp\/v2\/types\/post"}],"author":[{"embeddable":true,"href":"https:\/\/radiosisal.com\/br\/wp-json\/wp\/v2\/users\/2"}],"replies":[{"embeddable":true,"href":"https:\/\/radiosisal.com\/br\/wp-json\/wp\/v2\/comments?post=9997"}],"version-history":[{"count":1,"href":"https:\/\/radiosisal.com\/br\/wp-json\/wp\/v2\/posts\/9997\/revisions"}],"predecessor-version":[{"id":9999,"href":"https:\/\/radiosisal.com\/br\/wp-json\/wp\/v2\/posts\/9997\/revisions\/9999"}],"wp:featuredmedia":[{"embeddable":true,"href":"https:\/\/radiosisal.com\/br\/wp-json\/wp\/v2\/media\/9998"}],"wp:attachment":[{"href":"https:\/\/radiosisal.com\/br\/wp-json\/wp\/v2\/media?parent=9997"}],"wp:term":[{"taxonomy":"category","embeddable":true,"href":"https:\/\/radiosisal.com\/br\/wp-json\/wp\/v2\/categories?post=9997"},{"taxonomy":"post_tag","embeddable":true,"href":"https:\/\/radiosisal.com\/br\/wp-json\/wp\/v2\/tags?post=9997"}],"curies":[{"name":"wp","href":"https:\/\/api.w.org\/{rel}","templated":true}]}}